{"id":19369,"date":"2023-10-12T11:23:55","date_gmt":"2023-10-12T16:23:55","guid":{"rendered":"https:\/\/noticiasveracruz.com\/?p=19369"},"modified":"2023-10-12T11:23:55","modified_gmt":"2023-10-12T16:23:55","slug":"abren-exposiciones-fotograficas-en-la-filah-2023","status":"publish","type":"post","link":"https:\/\/noticiasveracruz.com\/index.php\/2023\/10\/12\/abren-exposiciones-fotograficas-en-la-filah-2023\/","title":{"rendered":"Abren exposiciones fotogr\u00e1ficas en la FILAH 2023"},"content":{"rendered":"<p><span style=\"font-size: 14pt;\">En el marco de la 34 Feria Internacional del Libro de Antropolog\u00eda e Historia (FILAH), se abrieron dos exposiciones fotogr\u00e1ficas que exploran la identidad: R<span lang=\"es-ES\">ostros de la diversidad, una muestra que re\u00fane la multiculturalidad en Sonora por Ricardo Le\u00f3n y La cuban\u00eda de Julio Larramendi, quien captur\u00f3 diversos rostros de la gente de Cuba, anunci\u00f3 el Instituto Nacional de Antropolog\u00eda e Historia (INAH). <\/span><\/span><\/p>\n<p class=\"western\"><span style=\"font-size: 14pt;\">Rostros de la diversidad\u00a0exhibe las fotograf\u00edas que Ricardo Le\u00f3n tom\u00f3 en su recorrido por Sonora, \u00e9l afirm\u00f3 que \u201ces un estado variopinto, tiene una riqueza particular y poco tomada en cuenta\u201d, el autor es\u00a0sonorense, hijo de espa\u00f1ol y madre mexicana de ascendencia estadounidense, quien coment\u00f3 que desde temprana edad se ha preguntado cu\u00e1l es su identidad, sin que nadie le d\u00e9 la respuesta.<\/span><\/p>\n<p class=\"western\"><span style=\"font-size: 14pt;\">Esa inquietud lo llev\u00f3 a trabajar esta serie, al lado del antrop\u00f3logo Alejandro Aguilar Zeleny,\u00a0investigador del Centro INAH Sonora,\u00a0estudioso de los pueblos originarios de la entidad, \u00e9l explic\u00f3 que visitaron la gran presencia estadounidense, entre otras influencias; en la regi\u00f3n de C\u00fapare, con los mayo yoreme; en la sierra media, con \u00f3patas, de origen pima, ya casi desaparecidos; en la regi\u00f3n de Y\u00e9cora, en colindancia con Chihuahua, donde est\u00e1 la poblaci\u00f3n o\u2019ob o pima, y en Hermosillo, con personas de diferentes or\u00edgenes.\u201d<\/span><\/p>\n<p class=\"western\"><span style=\"font-size: 14pt;\">Le\u00f3n detall\u00f3 que \u201cconocieron a descendientes de pueblos originarios sonorenses:\u00a0mayos, yaquis, comca\u2019ac, o\u2019ob, tohono o\u2019odham, guarij\u00edos, \u00f3patas, kikap\u00faes; migrantes ind\u00edgenas de otros estados del pa\u00eds:\u00a0triquis, tojolobales;\u00a0as\u00ed como de otras nacionalidades y sus generaciones sucesivas:\u00a0espa\u00f1oles, franceses, chinos, armenios, estadounidenses, que cohabitan en esta entidad. A todas las personas les di el mismo tratamiento fotogr\u00e1fico, la forma de aproximarme y de crear el ambiente.\u201d<\/span><\/p>\n<p><img loading=\"lazy\" decoding=\"async\" class=\"alignnone size-medium wp-image-19371\" src=\"http:\/\/noticiasveracruz.com\/wp-content\/uploads\/2023\/10\/foto5-300x98.jpg\" alt=\"\" width=\"300\" height=\"98\" srcset=\"https:\/\/noticiasveracruz.com\/wp-content\/uploads\/2023\/10\/foto5-300x98.jpg 300w, https:\/\/noticiasveracruz.com\/wp-content\/uploads\/2023\/10\/foto5-1024x335.jpg 1024w, https:\/\/noticiasveracruz.com\/wp-content\/uploads\/2023\/10\/foto5-768x251.jpg 768w, https:\/\/noticiasveracruz.com\/wp-content\/uploads\/2023\/10\/foto5-1536x503.jpg 1536w, https:\/\/noticiasveracruz.com\/wp-content\/uploads\/2023\/10\/foto5-2048x670.jpg 2048w\" sizes=\"auto, (max-width: 300px) 100vw, 300px\" \/><\/p>\n<p class=\"western\"><span style=\"font-size: 14pt;\">El recorrido museogr\u00e1fico es un mosaico de diversidad, seleccionado dentro de un acervo de 300 im\u00e1genes; entre ellas hay 75 retratos femeninos y masculinos de distintas edades, en cuyos rasgos est\u00e1 escrita la mezcla de razas, presentados en gran formato, con el punto focal en sus miradas y sin contexto, sobre fondo negro; las im\u00e1genes fueron captadas con profundidad de campo: \u201cUn largo que neutraliza cualquier distracci\u00f3n\u201d, explica el autor.<\/span><\/p>\n<p class=\"western\"><span style=\"font-size: 14pt;\">Por su lado, La cuban\u00eda\u00a0surge sobre una tierra f\u00e9rtil de naturaleza exuberante, en el crisol de tradiciones importadas y recreadas, religiones adoptadas en cultos sincr\u00e9ticos y nuevas costumbres adquiridas, as\u00ed lo afirm\u00f3 Julio Larramendi quien, en 75 im\u00e1genes, busca una respuesta a c\u00f3mo son los cubanos de hoy, sus gustos, penas y alegr\u00edas. Su trabajo exhbe algunas pinceladas de \u201cla cuban\u00eda\u201d, esa expresi\u00f3n de la identidad que re\u00fane sentimientos y valores que reflejan el ser cubano. \u201cEl reto fue evitar lo anecd\u00f3tico y lo casu\u00edstico, la visi\u00f3n folcl\u00f3rica y tur\u00edstica, el extremo \u00e1cido y edulcorado\u201d, dijo el fot\u00f3grafo.<\/span><\/p>\n<p class=\"western\"><span style=\"font-size: 14pt;\">Las im\u00e1genes fueron tomadas en Cuba, los \u00faltimos a\u00f1os, recorriendo el pa\u00eds caribe\u00f1o: las calles y mercados, en los surcos y f\u00e1bricas, pueblos y ciudades, las cuales tambi\u00e9n forman parte de una colecci\u00f3n mayor, reunida en un libro en preparaci\u00f3n, bajo el mismo t\u00edtulo. Larramendi explora la mezcla de espa\u00f1oles y africanos, con influencias de abor\u00edgenes y salpicada de apellidos franceses y ojos achinados.<\/span><\/p>\n<p class=\"western\"><span style=\"font-size: 14pt;\">Ambas muestras se pueden disfrutar en la Sala de Exposiciones Temporales del Museo Nacional de Antropolog\u00eda y permanecer\u00e1n\u00a0hasta diciembre de 2023.<\/span><\/p>\n","protected":false},"excerpt":{"rendered":"<p>En el marco de la 34 Feria Internacional del Libro de Antropolog\u00eda e Historia (FILAH), se abrieron dos exposiciones fotogr\u00e1ficas<\/p>\n","protected":false},"author":4,"featured_media":19370,"comment_status":"closed","ping_status":"closed","sticky":false,"template":"","format":"standard","meta":{"colormag_page_container_layout":"default_layout","colormag_page_sidebar_layout":"default_layout","_jetpack_memberships_contains_paid_content":false,"footnotes":"","jetpack_publicize_message":"","jetpack_publicize_feature_enabled":true,"jetpack_social_post_already_shared":true,"jetpack_social_options":{"image_generator_settings":{"template":"highway","default_image_id":0,"font":"","enabled":false},"version":2}},"categories":[358],"tags":[],"class_list":["post-19369","post","type-post","status-publish","format-standard","has-post-thumbnail","hentry","category-cultura"],"jetpack_publicize_connections":[],"jetpack_featured_media_url":"https:\/\/noticiasveracruz.com\/wp-content\/uploads\/2023\/10\/foto2.jpg","jetpack_sharing_enabled":true,"publishpress_future_action":{"enabled":false,"date":"2026-05-07 00:50:12","action":"change-status","newStatus":"draft","terms":[],"taxonomy":"category","extraData":[]},"publishpress_future_workflow_manual_trigger":{"enabledWorkflows":[]},"_links":{"self":[{"href":"https:\/\/noticiasveracruz.com\/index.php\/wp-json\/wp\/v2\/posts\/19369","targetHints":{"allow":["GET"]}}],"collection":[{"href":"https:\/\/noticiasveracruz.com\/index.php\/wp-json\/wp\/v2\/posts"}],"about":[{"href":"https:\/\/noticiasveracruz.com\/index.php\/wp-json\/wp\/v2\/types\/post"}],"author":[{"embeddable":true,"href":"https:\/\/noticiasveracruz.com\/index.php\/wp-json\/wp\/v2\/users\/4"}],"replies":[{"embeddable":true,"href":"https:\/\/noticiasveracruz.com\/index.php\/wp-json\/wp\/v2\/comments?post=19369"}],"version-history":[{"count":0,"href":"https:\/\/noticiasveracruz.com\/index.php\/wp-json\/wp\/v2\/posts\/19369\/revisions"}],"wp:featuredmedia":[{"embeddable":true,"href":"https:\/\/noticiasveracruz.com\/index.php\/wp-json\/wp\/v2\/media\/19370"}],"wp:attachment":[{"href":"https:\/\/noticiasveracruz.com\/index.php\/wp-json\/wp\/v2\/media?parent=19369"}],"wp:term":[{"taxonomy":"category","embeddable":true,"href":"https:\/\/noticiasveracruz.com\/index.php\/wp-json\/wp\/v2\/categories?post=19369"},{"taxonomy":"post_tag","embeddable":true,"href":"https:\/\/noticiasveracruz.com\/index.php\/wp-json\/wp\/v2\/tags?post=19369"}],"curies":[{"name":"wp","href":"https:\/\/api.w.org\/{rel}","templated":true}]}}