{"id":19328,"date":"2023-10-11T14:53:40","date_gmt":"2023-10-11T19:53:40","guid":{"rendered":"https:\/\/noticiasveracruz.com\/?p=19328"},"modified":"2023-10-11T14:53:40","modified_gmt":"2023-10-11T19:53:40","slug":"putin-vuelve-a-acusar-a-eu-de-estallido-de-violencia-en-medio-oriente","status":"publish","type":"post","link":"https:\/\/noticiasveracruz.com\/index.php\/2023\/10\/11\/putin-vuelve-a-acusar-a-eu-de-estallido-de-violencia-en-medio-oriente\/","title":{"rendered":"Putin vuelve a acusar a EU de estallido de violencia en Medio Oriente"},"content":{"rendered":"<p><span style=\"font-size: 14pt;\"><span lang=\"es-ES-u-co-trad\">Mosc\u00fa<\/span><span lang=\"es-ES-u-co-trad\">.- <\/span>Al inaugurar la Semana Energ\u00e9tica, foro al que asiste como invitado especial el primer ministro de Irak, Mohamed Shia al Sudani, el titular del Kremlin, Vladimir Putin volvi\u00f3 a acusar a Estados Unidos de ser el responsable del actual estallido de violencia en Medio Oriente, que \u00aden su opini\u00f3n\u2013 corre el riesgo de extenderse m\u00e1s all\u00e1 de Israel y Palestina y tener serias consecuencias para la estabilidad global.<\/span><\/p>\n<p><span style=\"font-size: 14pt;\">En ese contexto, se pregunt\u00f3 para qu\u00e9 el Pent\u00e1gono (departamento de defensa de EU) envi\u00f3 un portaaviones y buques de guerra al Mediterr\u00e1neo y anuncia que mandar\u00e1 un segundo. \u201cNo hay motivo. \u00bfVan a bombardear el L\u00edbano o qu\u00e9?, \u00bfQu\u00e9 pretenden hacer?, \u00bfO s\u00f3lo creen que va a asustar a alguien?\u201d, respondi\u00f3 \u00e9l mismo y agreg\u00f3 que \u201chay gente que ya no tiene miedo de nada\u201d.<\/span><\/p>\n<p><span style=\"font-size: 14pt;\">Por eso, critic\u00f3, \u201ces imposible resolver los problemas de esa manera, as\u00ed s\u00f3lo se agravan y no puede haber arreglo sin articular f\u00f3rmulas de compromiso\u201d.<\/span><\/p>\n<p><img loading=\"lazy\" decoding=\"async\" class=\"size-medium wp-image-19329\" src=\"http:\/\/noticiasveracruz.com\/wp-content\/uploads\/2023\/10\/PUT-300x204.jpg\" alt=\"\" width=\"300\" height=\"204\" srcset=\"https:\/\/noticiasveracruz.com\/wp-content\/uploads\/2023\/10\/PUT-300x204.jpg 300w, https:\/\/noticiasveracruz.com\/wp-content\/uploads\/2023\/10\/PUT-1024x697.jpg 1024w, https:\/\/noticiasveracruz.com\/wp-content\/uploads\/2023\/10\/PUT-768x523.jpg 768w, https:\/\/noticiasveracruz.com\/wp-content\/uploads\/2023\/10\/PUT-1536x1045.jpg 1536w, https:\/\/noticiasveracruz.com\/wp-content\/uploads\/2023\/10\/PUT-2048x1393.jpg 2048w\" sizes=\"auto, (max-width: 300px) 100vw, 300px\" \/><\/p>\n<p><span style=\"font-size: 14pt;\">Para Putin todo lo que est\u00e1 pasando ahora en Medio Oriente, pero tambi\u00e9n lo que ha sucedido a lo largo de muchos decenios, es consecuencia de una inaudita injusticia porque \u2013record\u00f3\u2013 cuando se fund\u00f3 el Estado de Israel se acord\u00f3 en ese mismo momento crear de modo paralelo un segundo Estado, el de Palestina, que hasta ahora no existe. Adem\u00e1s \u2013continu\u00f3\u2013 parte de las tierras que los palestinos consideran que siempre han sido suyas est\u00e1n ocupadas por Israel, que las consigui\u00f3 en tiempos diferentes y con m\u00e9todos distintos, pero mayormente por la v\u00eda de la fuerza militar.<\/span><\/p>\n<p><span style=\"font-size: 14pt;\">Y lo que sucede estos d\u00edas \u2013expuso su visi\u00f3n el mandatario ruso\u2013 es resultado de que Estados Unidos en los a\u00f1os recientes pas\u00f3 por alto los mecanismos que hay para lograr un arreglo pol\u00edtico y quiso resolver el problema por su cuenta, satisfaciendo las necesidades materiales de los habitantes de las tierras palestinas.<\/span><\/p>\n<p><span style=\"font-size: 14pt;\">\u201cDe hecho, trataron de sustituir la soluci\u00f3n de problemas pol\u00edticos fundamentales con una suerte de limosnas materiales\u201d, subray\u00f3 y reconoci\u00f3 que para quien tiene un nivel de vida bajo es importante mejorar sus condiciones econ\u00f3micas y sociales, sin embargo eso \u2013puntualiz\u00f3\u2013 es insuficiente para solucionar cuestiones pol\u00edticas esenciales, siendo la principal de \u00e9stas \u201cla creaci\u00f3n de un Estado de Palestina, independiente y soberano, con capital en Jerusal\u00e9n Este\u201d, que mientras no exista no se podr\u00e1 concretar un arreglo pol\u00edtico.<\/span><\/p>\n","protected":false},"excerpt":{"rendered":"<p>Mosc\u00fa.- Al inaugurar la Semana Energ\u00e9tica, foro al que asiste como invitado especial el primer ministro de Irak, Mohamed Shia<\/p>\n","protected":false},"author":4,"featured_media":19330,"comment_status":"closed","ping_status":"closed","sticky":false,"template":"","format":"standard","meta":{"colormag_page_container_layout":"default_layout","colormag_page_sidebar_layout":"default_layout","_jetpack_memberships_contains_paid_content":false,"footnotes":"","jetpack_publicize_message":"","jetpack_publicize_feature_enabled":true,"jetpack_social_post_already_shared":true,"jetpack_social_options":{"image_generator_settings":{"template":"highway","default_image_id":0,"font":"","enabled":false},"version":2}},"categories":[355],"tags":[],"class_list":["post-19328","post","type-post","status-publish","format-standard","has-post-thumbnail","hentry","category-internacional"],"jetpack_publicize_connections":[],"jetpack_featured_media_url":"https:\/\/noticiasveracruz.com\/wp-content\/uploads\/2023\/10\/vladimir-putin-eu-leaders.jpg","jetpack_sharing_enabled":true,"publishpress_future_action":{"enabled":false,"date":"2026-05-08 11:58:41","action":"change-status","newStatus":"draft","terms":[],"taxonomy":"category","extraData":[]},"publishpress_future_workflow_manual_trigger":{"enabledWorkflows":[]},"_links":{"self":[{"href":"https:\/\/noticiasveracruz.com\/index.php\/wp-json\/wp\/v2\/posts\/19328","targetHints":{"allow":["GET"]}}],"collection":[{"href":"https:\/\/noticiasveracruz.com\/index.php\/wp-json\/wp\/v2\/posts"}],"about":[{"href":"https:\/\/noticiasveracruz.com\/index.php\/wp-json\/wp\/v2\/types\/post"}],"author":[{"embeddable":true,"href":"https:\/\/noticiasveracruz.com\/index.php\/wp-json\/wp\/v2\/users\/4"}],"replies":[{"embeddable":true,"href":"https:\/\/noticiasveracruz.com\/index.php\/wp-json\/wp\/v2\/comments?post=19328"}],"version-history":[{"count":0,"href":"https:\/\/noticiasveracruz.com\/index.php\/wp-json\/wp\/v2\/posts\/19328\/revisions"}],"wp:featuredmedia":[{"embeddable":true,"href":"https:\/\/noticiasveracruz.com\/index.php\/wp-json\/wp\/v2\/media\/19330"}],"wp:attachment":[{"href":"https:\/\/noticiasveracruz.com\/index.php\/wp-json\/wp\/v2\/media?parent=19328"}],"wp:term":[{"taxonomy":"category","embeddable":true,"href":"https:\/\/noticiasveracruz.com\/index.php\/wp-json\/wp\/v2\/categories?post=19328"},{"taxonomy":"post_tag","embeddable":true,"href":"https:\/\/noticiasveracruz.com\/index.php\/wp-json\/wp\/v2\/tags?post=19328"}],"curies":[{"name":"wp","href":"https:\/\/api.w.org\/{rel}","templated":true}]}}