{"id":19324,"date":"2023-10-11T14:45:50","date_gmt":"2023-10-11T19:45:50","guid":{"rendered":"https:\/\/noticiasveracruz.com\/?p=19324"},"modified":"2023-10-11T14:45:50","modified_gmt":"2023-10-11T19:45:50","slug":"diputados-adheridos-a-ebrard-proponen-reasignacion-al-pef-2024","status":"publish","type":"post","link":"https:\/\/noticiasveracruz.com\/index.php\/2023\/10\/11\/diputados-adheridos-a-ebrard-proponen-reasignacion-al-pef-2024\/","title":{"rendered":"Diputados adheridos a Ebrard proponen reasignaci\u00f3n al PEF 2024"},"content":{"rendered":"<p><span style=\"font-size: 14pt;\">CDMX.-\u00a0El grupo disidente de diputados de Morena y que est\u00e1 vinculado a Marcelo Ebrard present\u00f3 esta ma\u00f1ana una propuesta de reasignaci\u00f3n al proyecto de presupuesto de egresos 2024 que, se explic\u00f3, implicar\u00eda obtener una bolsa de 39 mil millones de pesos.<\/span><\/p>\n<p class=\"western\"><span style=\"font-size: 14pt;\">En conferencia de prensa, 17 de los 45 legisladores del denominado bloque El camino de M\u00e9xico critic\u00f3 el c\u00e1lculo que hizo la Secretar\u00eda de Hacienda a las principales variables macroecon\u00f3micas para el pr\u00f3ximo a\u00f1o.<\/span><\/p>\n<p class=\"western\"><span style=\"font-size: 14pt;\">Al presentar el documento con las propuestas, Carol Antonio Altamirano indic\u00f3 que propondr\u00e1n incrementar en 3 d\u00f3lares el precio por barril de petr\u00f3leo planteado por Hacienda en los Criterios Generales de Pol\u00edtica Econ\u00f3mica 2024, que se prev\u00e9 en 56.7 d\u00f3lares.<\/span><\/p>\n<p><img loading=\"lazy\" decoding=\"async\" class=\"alignnone size-medium wp-image-19326\" src=\"http:\/\/noticiasveracruz.com\/wp-content\/uploads\/2023\/10\/marcelo-ebrard-300x169.jpg\" alt=\"\" width=\"300\" height=\"169\" srcset=\"https:\/\/noticiasveracruz.com\/wp-content\/uploads\/2023\/10\/marcelo-ebrard-300x169.jpg 300w, https:\/\/noticiasveracruz.com\/wp-content\/uploads\/2023\/10\/marcelo-ebrard.jpg 624w\" sizes=\"auto, (max-width: 300px) 100vw, 300px\" \/><\/p>\n<p class=\"western\"><span style=\"font-size: 14pt;\">\u201cLas nuevas condiciones de la realidad geopol\u00edtica est\u00e1n cambiando, y todo indica que el 2024 ser\u00e1 un a\u00f1o marcado por los conflictos pol\u00edticos y sociales en medio oriente, lo que desde hoy est\u00e1 impulsando hacia arriba los precios\u201d de los hidrocarburos, dijo.<\/span><\/p>\n<p class=\"western\"><span style=\"font-size: 14pt;\">Tambi\u00e9n, revisar la estimaci\u00f3n del tipo de cambio promedio para 2024 establecida en un promedio de 17.1 pesos por d\u00f3lar.<\/span><\/p>\n<p class=\"western\"><span style=\"font-size: 14pt;\">\u201cConsideramos se deben tomar en cuenta los riesgos descritos en los criterios generales, los cuales nos dicen que no se descartan algunos episodios de volatilidad cambiaria asociados a la incertidumbre respecto a la tasa terminal de la Reserva Federal, los conflictos geopol\u00edticos entre China y Estados Unidos y un posible escalamiento de la guerra entre Rusia y Ucrania. En consecuencia. se debe considerar un mayor tipo de cambio\u201d.<\/span><\/p>\n<p class=\"western\"><span style=\"font-size: 14pt;\">Tambi\u00e9n propondr\u00e1n que se verifique la estimaci\u00f3n de servicio de la deuda, \u201cpues ya no es sostenible mantener la tasa de referencia en los valores actuales en 11.25 por ciento, y en caso de reducirla, el costo del servicio de deuda ser\u00eda considerablemente inferior\u201d.<\/span><\/p>\n<p><span style=\"font-size: 14pt;\">Asimismo, indicaron que la estimaci\u00f3n de la recaudaci\u00f3n del IVA es menor que la de 2023 en 89 mil millones de pesos.<\/span><\/p>\n<p class=\"western\"><span style=\"font-size: 14pt;\">Esto, \u201ctomando en cuenta que tenemos una mejor tasa de crecimiento estimada para el 2023, lo que indica que se est\u00e1 subestimando la recaudaci\u00f3n de dicho impuesto\u201d.<\/span><\/p>\n<p class=\"western\"><span style=\"font-size: 14pt;\">Para discutir los eventuales cambios a estas variables, los legisladores que respaldan a Marcelo Ebrard solicitaron instalar una mesa t\u00e9cnica de trabajo con la Secretar\u00eda de Hacienda.<\/span><\/p>\n","protected":false},"excerpt":{"rendered":"<p>CDMX.-\u00a0El grupo disidente de diputados de Morena y que est\u00e1 vinculado a Marcelo Ebrard present\u00f3 esta ma\u00f1ana una propuesta de<\/p>\n","protected":false},"author":4,"featured_media":19325,"comment_status":"closed","ping_status":"closed","sticky":false,"template":"","format":"standard","meta":{"colormag_page_container_layout":"default_layout","colormag_page_sidebar_layout":"default_layout","_jetpack_memberships_contains_paid_content":false,"footnotes":"","jetpack_publicize_message":"","jetpack_publicize_feature_enabled":true,"jetpack_social_post_already_shared":true,"jetpack_social_options":{"image_generator_settings":{"template":"highway","default_image_id":0,"font":"","enabled":false},"version":2}},"categories":[4],"tags":[],"class_list":["post-19324","post","type-post","status-publish","format-standard","has-post-thumbnail","hentry","category-nacional"],"jetpack_publicize_connections":[],"jetpack_featured_media_url":"https:\/\/noticiasveracruz.com\/wp-content\/uploads\/2023\/10\/DIP.webp","jetpack_sharing_enabled":true,"publishpress_future_action":{"enabled":false,"date":"2026-05-08 12:54:24","action":"change-status","newStatus":"draft","terms":[],"taxonomy":"category","extraData":[]},"publishpress_future_workflow_manual_trigger":{"enabledWorkflows":[]},"_links":{"self":[{"href":"https:\/\/noticiasveracruz.com\/index.php\/wp-json\/wp\/v2\/posts\/19324","targetHints":{"allow":["GET"]}}],"collection":[{"href":"https:\/\/noticiasveracruz.com\/index.php\/wp-json\/wp\/v2\/posts"}],"about":[{"href":"https:\/\/noticiasveracruz.com\/index.php\/wp-json\/wp\/v2\/types\/post"}],"author":[{"embeddable":true,"href":"https:\/\/noticiasveracruz.com\/index.php\/wp-json\/wp\/v2\/users\/4"}],"replies":[{"embeddable":true,"href":"https:\/\/noticiasveracruz.com\/index.php\/wp-json\/wp\/v2\/comments?post=19324"}],"version-history":[{"count":0,"href":"https:\/\/noticiasveracruz.com\/index.php\/wp-json\/wp\/v2\/posts\/19324\/revisions"}],"wp:featuredmedia":[{"embeddable":true,"href":"https:\/\/noticiasveracruz.com\/index.php\/wp-json\/wp\/v2\/media\/19325"}],"wp:attachment":[{"href":"https:\/\/noticiasveracruz.com\/index.php\/wp-json\/wp\/v2\/media?parent=19324"}],"wp:term":[{"taxonomy":"category","embeddable":true,"href":"https:\/\/noticiasveracruz.com\/index.php\/wp-json\/wp\/v2\/categories?post=19324"},{"taxonomy":"post_tag","embeddable":true,"href":"https:\/\/noticiasveracruz.com\/index.php\/wp-json\/wp\/v2\/tags?post=19324"}],"curies":[{"name":"wp","href":"https:\/\/api.w.org\/{rel}","templated":true}]}}