{"id":19293,"date":"2023-10-11T11:38:07","date_gmt":"2023-10-11T16:38:07","guid":{"rendered":"https:\/\/noticiasveracruz.com\/?p=19293"},"modified":"2023-10-11T11:38:07","modified_gmt":"2023-10-11T16:38:07","slug":"se-realizo-una-extensa-e-inedita-auscultacion-para-saber-quien-ocupara-la-rectoria-jg","status":"publish","type":"post","link":"https:\/\/noticiasveracruz.com\/index.php\/2023\/10\/11\/se-realizo-una-extensa-e-inedita-auscultacion-para-saber-quien-ocupara-la-rectoria-jg\/","title":{"rendered":"Se realiz\u00f3 una \u00abextensa e in\u00e9dita\u00bb auscultaci\u00f3n para saber quien ocupar\u00e1 la Rector\u00eda: JG"},"content":{"rendered":"<p><span style=\"font-size: 14pt;\">La Junta de Gobierno (JG) de la Universidad Nacional Aut\u00f3noma de M\u00e9xico (UNAM) indic\u00f3 que ha llevado a cabo una \u201cextensa e in\u00e9dita\u201d auscultaci\u00f3n a la comunidad de la instituci\u00f3n educativa, mediante la cual pudo recabar la opini\u00f3n de miles de personas sobre quien deba ser la o el pr\u00f3ximo rector en el periodo 2023-2027.<\/span><\/p>\n<p class=\"western\"><span style=\"font-size: 14pt;\">En un comunicado, la JG \u2013entidad encargada de nombrar a las diversas autoridades en la Universidad&#8211; se\u00f1al\u00f3 que del 21 de agosto al 9 de octubre el mencionado proceso de consulta a los universitarios incluy\u00f3 21 reuniones, tanto de manera presencial como en formato h\u00edbrido, \u201ccon diversos cuerpos colegiados en los que hay representantes electos de la UNAM\u201d.<\/span><\/p>\n<p class=\"western\"><span style=\"font-size: 14pt;\">Los objetivos, indic\u00f3, \u201cfueron identificar y conocer la situaci\u00f3n actual de nuestra Universidad, as\u00ed como los diversos desaf\u00edos que enfrenta\u201d.<\/span><\/p>\n<p><img loading=\"lazy\" decoding=\"async\" class=\"alignnone size-medium wp-image-19294\" src=\"http:\/\/noticiasveracruz.com\/wp-content\/uploads\/2023\/10\/Torre_de_Rectoria-300x225.jpg\" alt=\"\" width=\"300\" height=\"225\" srcset=\"https:\/\/noticiasveracruz.com\/wp-content\/uploads\/2023\/10\/Torre_de_Rectoria-300x225.jpg 300w, https:\/\/noticiasveracruz.com\/wp-content\/uploads\/2023\/10\/Torre_de_Rectoria-768x576.jpg 768w, https:\/\/noticiasveracruz.com\/wp-content\/uploads\/2023\/10\/Torre_de_Rectoria.jpg 1024w\" sizes=\"auto, (max-width: 300px) 100vw, 300px\" \/><\/p>\n<p class=\"western\"><span style=\"font-size: 14pt;\">Durante las reuniones presenciales de auscultaci\u00f3n se recibieron mil 266 grupos de las distintas entidades acad\u00e9micas y dependencias universitarias, y el prop\u00f3sito fue conocer sus opiniones sobre las y los aspirantes a la Rector\u00eda, sus programas de trabajo y su visi\u00f3n sobre el presente y futuro de nuestra Universidad.<\/span><\/p>\n<p class=\"western\"><span style=\"font-size: 14pt;\">\u201cDichos encuentros se llevaron a cabo con plena apertura y libertad. Adicionalmente se recogieron mil 812 participaciones remitidas por escrito f\u00edsica y digitalmente\u201d.<\/span><\/p>\n<p class=\"western\"><span style=\"font-size: 14pt;\">De igual forma, el cuerpo colegiado se\u00f1al\u00f3 que hizo visitas a las cinco Facultades de Estudios Superiores: Acatl\u00e1n, Arag\u00f3n, Cuautitl\u00e1n, Iztacala y Zaragoza, as\u00ed como a los campi universitarios ubicados en los estados de Baja California, Guanajuato, Michoac\u00e1n, Morelos, Quer\u00e9taro y Yucat\u00e1n.<\/span><\/p>\n<p class=\"western\"><span style=\"font-size: 14pt;\">\u201cEste ejercicio tambi\u00e9n incluy\u00f3 videoconferencias con universitarios de C.U., de la Zona Metropolitana de la Ciudad de M\u00e9xico, de otros estados de la Rep\u00fablica Mexicana, y de las sedes de la UNAM en el extranjero\u201d, a\u00f1adi\u00f3.<\/span><\/p>\n<p class=\"western\"><span style=\"font-size: 14pt;\">Hasta el d\u00eda de hoy, se han recibido 26 mil 288 opiniones personales y de grupos de los diferentes sectores de la comunidad universitaria y de la sociedad en general.<\/span><\/p>\n<p class=\"western\"><span style=\"font-size: 14pt;\">La Junta de Gobierno agradeci\u00f3 \u201cla participaci\u00f3n de las y los acad\u00e9micos, estudiantes, trabajadores, egresados y personas de la sociedad interesadas en este proceso. Reconocemos tambi\u00e9n, la realizaci\u00f3n de m\u00faltiples foros en donde las y los aspirantes presentaron sus proyectos de trabajo y entablaron un di\u00e1logo respetuoso e incluyente con la comunidad universitaria\u201d.<\/span><\/p>\n","protected":false},"excerpt":{"rendered":"<p>La Junta de Gobierno (JG) de la Universidad Nacional Aut\u00f3noma de M\u00e9xico (UNAM) indic\u00f3 que ha llevado a cabo una<\/p>\n","protected":false},"author":4,"featured_media":19295,"comment_status":"closed","ping_status":"closed","sticky":false,"template":"","format":"standard","meta":{"colormag_page_container_layout":"default_layout","colormag_page_sidebar_layout":"default_layout","_jetpack_memberships_contains_paid_content":false,"footnotes":"","jetpack_publicize_message":"","jetpack_publicize_feature_enabled":true,"jetpack_social_post_already_shared":true,"jetpack_social_options":{"image_generator_settings":{"template":"highway","default_image_id":0,"font":"","enabled":false},"version":2}},"categories":[4],"tags":[],"class_list":["post-19293","post","type-post","status-publish","format-standard","has-post-thumbnail","hentry","category-nacional"],"jetpack_publicize_connections":[],"jetpack_featured_media_url":"https:\/\/noticiasveracruz.com\/wp-content\/uploads\/2023\/10\/unam-quienes-son-los-aspirantes-a-rector-104218.jpg","jetpack_sharing_enabled":true,"publishpress_future_action":{"enabled":false,"date":"2026-05-09 03:43:49","action":"change-status","newStatus":"draft","terms":[],"taxonomy":"category","extraData":[]},"publishpress_future_workflow_manual_trigger":{"enabledWorkflows":[]},"_links":{"self":[{"href":"https:\/\/noticiasveracruz.com\/index.php\/wp-json\/wp\/v2\/posts\/19293","targetHints":{"allow":["GET"]}}],"collection":[{"href":"https:\/\/noticiasveracruz.com\/index.php\/wp-json\/wp\/v2\/posts"}],"about":[{"href":"https:\/\/noticiasveracruz.com\/index.php\/wp-json\/wp\/v2\/types\/post"}],"author":[{"embeddable":true,"href":"https:\/\/noticiasveracruz.com\/index.php\/wp-json\/wp\/v2\/users\/4"}],"replies":[{"embeddable":true,"href":"https:\/\/noticiasveracruz.com\/index.php\/wp-json\/wp\/v2\/comments?post=19293"}],"version-history":[{"count":0,"href":"https:\/\/noticiasveracruz.com\/index.php\/wp-json\/wp\/v2\/posts\/19293\/revisions"}],"wp:featuredmedia":[{"embeddable":true,"href":"https:\/\/noticiasveracruz.com\/index.php\/wp-json\/wp\/v2\/media\/19295"}],"wp:attachment":[{"href":"https:\/\/noticiasveracruz.com\/index.php\/wp-json\/wp\/v2\/media?parent=19293"}],"wp:term":[{"taxonomy":"category","embeddable":true,"href":"https:\/\/noticiasveracruz.com\/index.php\/wp-json\/wp\/v2\/categories?post=19293"},{"taxonomy":"post_tag","embeddable":true,"href":"https:\/\/noticiasveracruz.com\/index.php\/wp-json\/wp\/v2\/tags?post=19293"}],"curies":[{"name":"wp","href":"https:\/\/api.w.org\/{rel}","templated":true}]}}