{"id":19287,"date":"2023-10-11T11:27:03","date_gmt":"2023-10-11T16:27:03","guid":{"rendered":"https:\/\/noticiasveracruz.com\/?p=19287"},"modified":"2023-10-11T11:27:03","modified_gmt":"2023-10-11T16:27:03","slug":"reportan-como-desaparecida-a-mujer-originaria-de-quintana-roo","status":"publish","type":"post","link":"https:\/\/noticiasveracruz.com\/index.php\/2023\/10\/11\/reportan-como-desaparecida-a-mujer-originaria-de-quintana-roo\/","title":{"rendered":"Reportan como desaparecida a mujer originaria de Quintana Roo"},"content":{"rendered":"<p><span style=\"font-size: 14pt;\">Mara Lezama, gobernadora de Quintana Roo, inform\u00f3 sobre la reuni\u00f3n que sostuvo con la Canciller de M\u00e9xico, Alicia B\u00e1rcena, para conocer la situaci\u00f3n de los quintanarroenses en Israel.<\/span><\/p>\n<p><span style=\"font-size: 14pt;\">A trav\u00e9s de redes sociales, la gobernadora confirm\u00f3 que son 11 las personas identificadas, de las cuales cuatro ya est\u00e1n en Madrid, seis en espera de su retorno a nuestro pa\u00eds y una que lamentablemente se tiene reporte de est\u00e1 desaparecida.<\/span><\/p>\n<p><span style=\"font-size: 14pt;\">Esta \u00faltima es Ilana Gritzewsky Camhi, y se dice que su padre Benito Gritzewsky habr\u00eda corroborado que su hija se encuentra entre las mujeres y hombres secuestrados por Ham\u00e1s. Otro mexicano identificado ser\u00eda Ori\u00f3n Hern\u00e1ndez Radoux, quien se encontraba en un festival de m\u00fasica.<\/span><\/p>\n<p><img loading=\"lazy\" decoding=\"async\" class=\"alignnone size-medium wp-image-19288\" src=\"http:\/\/noticiasveracruz.com\/wp-content\/uploads\/2023\/10\/F8CjDa9WcAAreRb-300x200.jpg\" alt=\"\" width=\"300\" height=\"200\" srcset=\"https:\/\/noticiasveracruz.com\/wp-content\/uploads\/2023\/10\/F8CjDa9WcAAreRb-300x200.jpg 300w, https:\/\/noticiasveracruz.com\/wp-content\/uploads\/2023\/10\/F8CjDa9WcAAreRb-1024x682.jpg 1024w, https:\/\/noticiasveracruz.com\/wp-content\/uploads\/2023\/10\/F8CjDa9WcAAreRb-768x512.jpg 768w, https:\/\/noticiasveracruz.com\/wp-content\/uploads\/2023\/10\/F8CjDa9WcAAreRb-1536x1023.jpg 1536w, https:\/\/noticiasveracruz.com\/wp-content\/uploads\/2023\/10\/F8CjDa9WcAAreRb.jpg 2048w\" sizes=\"auto, (max-width: 300px) 100vw, 300px\" \/><\/p>\n<aside class=\"scaip scaip-1    \"><\/aside>\n<h2 id=\"h-buscan-que-quintanarroenses-regresen-a-mexico-desde-israel\" class=\"wp-block-heading\"><span style=\"font-size: 14pt;\">Buscan que quintanarroenses regresen a M\u00e9xico desde Israel<\/span><\/h2>\n<p><span style=\"font-size: 14pt;\">Respecto de los ciudadanos ubicados, Lezama Espinosa inform\u00f3 que ya se gestion\u00f3 con el gobierno de M\u00e9xico para que en las pr\u00f3ximas horas regresen al pa\u00eds.<\/span><\/p>\n<p><span style=\"font-size: 14pt;\">\u201cEstaremos atentos y en estrecha comunicaci\u00f3n con la Canciller\u00eda, respecto de la ubicaci\u00f3n de nuestra compatriota Ilana Gritzewsky\u201d, fueron las palabras con las que concluy\u00f3 el mensaje.<\/span><\/p>\n<p>&nbsp;<\/p>\n","protected":false},"excerpt":{"rendered":"<p>Mara Lezama, gobernadora de Quintana Roo, inform\u00f3 sobre la reuni\u00f3n que sostuvo con la Canciller de M\u00e9xico, Alicia B\u00e1rcena, para<\/p>\n","protected":false},"author":4,"featured_media":19289,"comment_status":"closed","ping_status":"closed","sticky":false,"template":"","format":"standard","meta":{"colormag_page_container_layout":"default_layout","colormag_page_sidebar_layout":"default_layout","_jetpack_memberships_contains_paid_content":false,"footnotes":"","jetpack_publicize_message":"","jetpack_publicize_feature_enabled":true,"jetpack_social_post_already_shared":true,"jetpack_social_options":{"image_generator_settings":{"template":"highway","default_image_id":0,"font":"","enabled":false},"version":2}},"categories":[145],"tags":[],"class_list":["post-19287","post","type-post","status-publish","format-standard","has-post-thumbnail","hentry","category-estados"],"jetpack_publicize_connections":[],"jetpack_featured_media_url":"https:\/\/noticiasveracruz.com\/wp-content\/uploads\/2023\/10\/ileana.jpg","jetpack_sharing_enabled":true,"publishpress_future_action":{"enabled":false,"date":"2026-05-09 03:02:07","action":"change-status","newStatus":"draft","terms":[],"taxonomy":"category","extraData":[]},"publishpress_future_workflow_manual_trigger":{"enabledWorkflows":[]},"_links":{"self":[{"href":"https:\/\/noticiasveracruz.com\/index.php\/wp-json\/wp\/v2\/posts\/19287","targetHints":{"allow":["GET"]}}],"collection":[{"href":"https:\/\/noticiasveracruz.com\/index.php\/wp-json\/wp\/v2\/posts"}],"about":[{"href":"https:\/\/noticiasveracruz.com\/index.php\/wp-json\/wp\/v2\/types\/post"}],"author":[{"embeddable":true,"href":"https:\/\/noticiasveracruz.com\/index.php\/wp-json\/wp\/v2\/users\/4"}],"replies":[{"embeddable":true,"href":"https:\/\/noticiasveracruz.com\/index.php\/wp-json\/wp\/v2\/comments?post=19287"}],"version-history":[{"count":0,"href":"https:\/\/noticiasveracruz.com\/index.php\/wp-json\/wp\/v2\/posts\/19287\/revisions"}],"wp:featuredmedia":[{"embeddable":true,"href":"https:\/\/noticiasveracruz.com\/index.php\/wp-json\/wp\/v2\/media\/19289"}],"wp:attachment":[{"href":"https:\/\/noticiasveracruz.com\/index.php\/wp-json\/wp\/v2\/media?parent=19287"}],"wp:term":[{"taxonomy":"category","embeddable":true,"href":"https:\/\/noticiasveracruz.com\/index.php\/wp-json\/wp\/v2\/categories?post=19287"},{"taxonomy":"post_tag","embeddable":true,"href":"https:\/\/noticiasveracruz.com\/index.php\/wp-json\/wp\/v2\/tags?post=19287"}],"curies":[{"name":"wp","href":"https:\/\/api.w.org\/{rel}","templated":true}]}}