{"id":19283,"date":"2023-10-11T11:21:48","date_gmt":"2023-10-11T16:21:48","guid":{"rendered":"https:\/\/noticiasveracruz.com\/?p=19283"},"modified":"2023-10-11T11:21:48","modified_gmt":"2023-10-11T16:21:48","slug":"avalan-reforma-para-extinguir-13-fideicomisos-del-poder-judicial","status":"publish","type":"post","link":"https:\/\/noticiasveracruz.com\/index.php\/2023\/10\/11\/avalan-reforma-para-extinguir-13-fideicomisos-del-poder-judicial\/","title":{"rendered":"Avalan reforma para extinguir 13 fideicomisos del Poder Judicial"},"content":{"rendered":"<p><span style=\"font-size: 14pt;\">Con el voto de Morena y sus aliados, la Comisi\u00f3n de Presupuesto de la C\u00e1mara de Diputados aprob\u00f3 una reforma a la Ley Org\u00e1nica del Poder Judicial de la Federaci\u00f3n que obligar\u00e1 a extinguir 13 fideicomisos, donde hay disponibles 15 mil 434 millones de pesos.<\/span><\/p>\n<p><span style=\"font-size: 14pt;\">De aprobar el pleno el cambio la pr\u00f3xima semana, \u00fanicamente se conservar\u00eda el fondo de apoyo a la administraci\u00f3n de la justicia, donde hay 6 mil 103 millones m\u00e1s.<\/span><\/p>\n<p><span style=\"font-size: 14pt;\">Como parte del desglose de los fondos que se manejan en el Poder Judicial, el coordinador de Morena, Ignacio Mier Velazco, indic\u00f3 que la Suprema Corte de Justicia de la Naci\u00f3n controla seis, donde a junio pasado hab\u00eda 6 mil 241 millones de pesos.<\/span><\/p>\n<p><span style=\"font-size: 14pt;\">En los \u00faltimos ocho a\u00f1os, esos seis fideicomisos se han mantenido pr\u00e1cticamente sin movimiento, salvo por los intereses que generan en los bancos. <q>Viven del sudor de la lana<\/q>, acus\u00f3.<\/span><\/p>\n<p><span style=\"font-size: 14pt;\">En general, los fideicomisos del Consejo de la Judicatura, la Corte y el Tribunal Electoral del Poder Judicial de la Federaci\u00f3n permiten la cobertura de pensiones complementarias de magistrados y jueces jubilados, de mandos superiores y medios, as\u00ed como apoyos m\u00e9dicos.<\/span><\/p>\n<p><span style=\"font-size: 14pt;\">Uno de los que m\u00e1s pol\u00e9mica han causado es el 80693, que paga el mantenimiento de las casas de magistrados y jueces, donde hay disponibles 76.5 millones de pesos.<\/span><\/p>\n<p><span style=\"font-size: 14pt;\">El alcance de la reforma gener\u00f3 un debate de tres horas en la comisi\u00f3n, que aprob\u00f3 con 30 votos en favor y 21 en contra la iniciativa presentada por Mier en septiembre pasado.<\/span><\/p>\n<p><img loading=\"lazy\" decoding=\"async\" class=\"alignnone size-medium wp-image-19284\" src=\"http:\/\/noticiasveracruz.com\/wp-content\/uploads\/2023\/10\/comision-de-san-lazaro-aprueba-la-extincion-de-13-fideicomisos-del-pjf-1730html-legisladoresjpeg-9777html-1e26d724-098e-486b-961b-ff57f34b1122-300x183.jpg\" alt=\"\" width=\"300\" height=\"183\" srcset=\"https:\/\/noticiasveracruz.com\/wp-content\/uploads\/2023\/10\/comision-de-san-lazaro-aprueba-la-extincion-de-13-fideicomisos-del-pjf-1730html-legisladoresjpeg-9777html-1e26d724-098e-486b-961b-ff57f34b1122-300x183.jpg 300w, https:\/\/noticiasveracruz.com\/wp-content\/uploads\/2023\/10\/comision-de-san-lazaro-aprueba-la-extincion-de-13-fideicomisos-del-pjf-1730html-legisladoresjpeg-9777html-1e26d724-098e-486b-961b-ff57f34b1122-768x468.jpg 768w, https:\/\/noticiasveracruz.com\/wp-content\/uploads\/2023\/10\/comision-de-san-lazaro-aprueba-la-extincion-de-13-fideicomisos-del-pjf-1730html-legisladoresjpeg-9777html-1e26d724-098e-486b-961b-ff57f34b1122.jpg 1024w\" sizes=\"auto, (max-width: 300px) 100vw, 300px\" \/><\/p>\n<p><span style=\"font-size: 14pt;\">Hamlet Garc\u00eda Almaguer (Morena) explic\u00f3 que el Poder Judicial fue engordando un <q>cochinito dorado<\/q> desde 2013, cuando comenz\u00f3 una operaci\u00f3n sistem\u00e1tica para generar subejercicios de manera artificial, que no fueron devueltos a la Tesorer\u00eda de la Federaci\u00f3n, sino depositados en dichos instrumentos a manera de <q>ahorro<\/q>. Con la reforma, <q>los privilegios del Poder Judicial est\u00e1n en agon\u00eda; s\u00f3lo los mantiene vivos la respiraci\u00f3n artificial que les otorga la oposici\u00f3n<\/q>, a\u00f1adi\u00f3.<\/span><\/p>\n<p><span style=\"font-size: 14pt;\">El legislador plante\u00f3 que el dictamen no se discuta en la sesi\u00f3n de este mi\u00e9rcoles, cuando se le dar\u00e1 declaratoria de publicidad, sino en la siguiente, <q>para que la oposici\u00f3n tenga oportunidad de leer y releer esta pena de muerte a los privilegios del Poder Judicial<\/q>.<\/span><\/p>\n<p><span style=\"font-size: 14pt;\">En contraste, el diputado H\u00e9ctor Sa\u00fal T\u00e9llez (PAN) dijo que en su partido <q>estamos sorprendidos, al identificar la estrategia de Morena y el gobierno de asfixiar todo \u00f3rgano o poder que no est\u00e9 en consonancia con ellos. As\u00ed sucedi\u00f3 con el INE y con el INAI (Instituto Nacional de Acceso a la Informaci\u00f3n y Protecci\u00f3n de Datos Personales) y hoy perpetran un asalto a la autonom\u00eda del Poder Judicial<\/q>.<\/span><\/p>\n<p><span style=\"font-size: 14pt;\">Consider\u00f3 que la reforma es <q>agresiva y retr\u00f3grada; menoscaba y se entromete en la autonom\u00eda de un poder de la Uni\u00f3n y va contra la progresividad de los derechos laborales de los trabadores de base y mandos medios<\/q>.<\/span><\/p>\n<p><span style=\"font-size: 14pt;\">Tambi\u00e9n, la panista Leticia Zepeda Mart\u00ednez asegur\u00f3 que la reforma es una venganza por las resoluciones que ha asumido la Suprema Corte de Justicia de la Naci\u00f3n. <q>Quieren Poder Judicial d\u00e9bil ante Palacio Nacional<\/q>, consider\u00f3.<\/span><\/p>\n<p><span style=\"font-size: 14pt;\">Seg\u00fan la reforma, cuando entre en vigor, el Poder Judicial deber\u00e1 devolver los fondos a la Tesorer\u00eda de la Federaci\u00f3n.<\/span><\/p>\n<p><span style=\"font-size: 14pt;\">No obstante, el pri\u00edsta Jos\u00e9 Yunes Zorrilla alert\u00f3 que el art\u00edculo cuarto transitorio de la iniciativa justifica el reintegro a partir de lo dispuesto en el art\u00edculo 12 de la Ley de Presupuesto, el cual prev\u00e9 que cuando se extinga un fideicomiso del Congreso, del Poder Judicial o los entes aut\u00f3nomos, los recursos deber\u00e1n ser devueltos a sus respectivas tesorer\u00edas.<\/span><\/p>\n<p><span style=\"font-size: 14pt;\"><q>Si quieren que el dinero se rembolse, tendr\u00edan que cambiar ese transitorio<\/q>, dijo. Su propuesta fue desechada.<\/span><\/p>\n","protected":false},"excerpt":{"rendered":"<p>Con el voto de Morena y sus aliados, la Comisi\u00f3n de Presupuesto de la C\u00e1mara de Diputados aprob\u00f3 una reforma<\/p>\n","protected":false},"author":4,"featured_media":19285,"comment_status":"closed","ping_status":"closed","sticky":false,"template":"","format":"standard","meta":{"colormag_page_container_layout":"default_layout","colormag_page_sidebar_layout":"default_layout","_jetpack_memberships_contains_paid_content":false,"footnotes":"","jetpack_publicize_message":"","jetpack_publicize_feature_enabled":true,"jetpack_social_post_already_shared":true,"jetpack_social_options":{"image_generator_settings":{"template":"highway","default_image_id":0,"font":"","enabled":false},"version":2}},"categories":[4],"tags":[],"class_list":["post-19283","post","type-post","status-publish","format-standard","has-post-thumbnail","hentry","category-nacional"],"jetpack_publicize_connections":[],"jetpack_featured_media_url":"https:\/\/noticiasveracruz.com\/wp-content\/uploads\/2023\/10\/PJ.jpg","jetpack_sharing_enabled":true,"publishpress_future_action":{"enabled":false,"date":"2026-05-09 01:58:29","action":"change-status","newStatus":"draft","terms":[],"taxonomy":"category","extraData":[]},"publishpress_future_workflow_manual_trigger":{"enabledWorkflows":[]},"_links":{"self":[{"href":"https:\/\/noticiasveracruz.com\/index.php\/wp-json\/wp\/v2\/posts\/19283","targetHints":{"allow":["GET"]}}],"collection":[{"href":"https:\/\/noticiasveracruz.com\/index.php\/wp-json\/wp\/v2\/posts"}],"about":[{"href":"https:\/\/noticiasveracruz.com\/index.php\/wp-json\/wp\/v2\/types\/post"}],"author":[{"embeddable":true,"href":"https:\/\/noticiasveracruz.com\/index.php\/wp-json\/wp\/v2\/users\/4"}],"replies":[{"embeddable":true,"href":"https:\/\/noticiasveracruz.com\/index.php\/wp-json\/wp\/v2\/comments?post=19283"}],"version-history":[{"count":0,"href":"https:\/\/noticiasveracruz.com\/index.php\/wp-json\/wp\/v2\/posts\/19283\/revisions"}],"wp:featuredmedia":[{"embeddable":true,"href":"https:\/\/noticiasveracruz.com\/index.php\/wp-json\/wp\/v2\/media\/19285"}],"wp:attachment":[{"href":"https:\/\/noticiasveracruz.com\/index.php\/wp-json\/wp\/v2\/media?parent=19283"}],"wp:term":[{"taxonomy":"category","embeddable":true,"href":"https:\/\/noticiasveracruz.com\/index.php\/wp-json\/wp\/v2\/categories?post=19283"},{"taxonomy":"post_tag","embeddable":true,"href":"https:\/\/noticiasveracruz.com\/index.php\/wp-json\/wp\/v2\/tags?post=19283"}],"curies":[{"name":"wp","href":"https:\/\/api.w.org\/{rel}","templated":true}]}}