{"id":19281,"date":"2023-10-11T01:01:04","date_gmt":"2023-10-11T06:01:04","guid":{"rendered":"https:\/\/noticiasveracruz.com\/?p=19281"},"modified":"2023-10-11T01:01:04","modified_gmt":"2023-10-11T06:01:04","slug":"ciudadanos-o-politicos","status":"publish","type":"post","link":"https:\/\/noticiasveracruz.com\/index.php\/2023\/10\/11\/ciudadanos-o-politicos\/","title":{"rendered":"Ciudadanos o pol\u00edticos"},"content":{"rendered":"<p><span style=\"font-size: 18pt; color: #cc99ff;\">ALMA GRANDE<\/span><\/p>\n<p><span style=\"font-size: 18pt; color: #cc99ff;\">Por \u00c1ngel \u00c1lvaro Pe\u00f1a<\/span><\/p>\n<p><span style=\"font-size: 14pt;\">La pol\u00edtica en M\u00e9xico est\u00e1 tan desprestigiada que una corriente de la sociedad ahora considera que lo mejor ser\u00eda que alguien sin pertenecer a partido alguno, sea candidato para los puestos de elecci\u00f3n popular, pero si los pol\u00edticos de carrera comenten errores por no conocer el l\u00edmite de sus atribuciones, no puede exig\u00edrsele a un ciudadano com\u00fan, es decir a una persona sin provenir de un partido, que sepa cu\u00e1ntos art\u00edculos tiene la Constituci\u00f3n Pol\u00edtica de los Estados Unidos Mexicanos si su educaci\u00f3n es marginada de la vida p\u00fablica.<\/span><\/p>\n<p><span style=\"font-size: 18pt;\">Nuestro pa\u00eds tuvo la mala costumbre de crear una especie de capilla herm\u00e9tica donde la pol\u00edtica se llevaba a cabo como si fuera una actividad para iniciados o de especialistas en alg\u00fan tema. La situaci\u00f3n que vive el pa\u00eds habla de la poca preparaci\u00f3n pol\u00edtica de los funcionarios p\u00fablicos de todos los tiempos.<\/span><\/p>\n<p><span style=\"font-size: 14pt;\">La intenci\u00f3n de depurar esos errores la colocan en la responsabilidad del ciudadano, sin afiliaci\u00f3n partidista, quieren hacer ciudadano el INE, el Poder Legislativo y ahora hasta la Presidencia de la Rep\u00fablica, como si hubiera en M\u00e9xico una preparaci\u00f3n pol\u00edtica en la escuela. No la hay.<\/span><\/p>\n<p><span style=\"font-size: 14pt;\">Para ejercer el periodismo debe saber el comunicador redactar, el m\u00e9dico curar, el ingeniero calcular y medir materiales, su resistencia y cualidades. Ahora quieren abaratar, a\u00fan m\u00e1s este ejercicio para sacar de la pol\u00edtica a los pol\u00edticos, quienes ni siquiera tienen como requisito capacitarse antes de ser candidatos a puestos de elecci\u00f3n popular.<\/span><\/p>\n<p><span style=\"font-size: 18pt;\">Se habla de la necesidad de que haya simples ciudadanos candidatos, es como si se dijera que los dentistas se dedicaran a construir casas y los arquitectos a curar las caries. Mejor pensar en que el conocimiento, teor\u00eda y pr\u00e1ctica de los pol\u00edticos se escondi\u00f3 como si se tratara de una ciencia oculta y debe empezar a d\u00e1rsele un lugar para toda la sociedad dentro de la educaci\u00f3n. Mostrar a los mexicanos desde ni\u00f1os las ideas para la comunidad sin favorecer ninguna, pero mostrarlas a plenitud.<\/span><\/p>\n<p><span style=\"font-size: 14pt;\">La degradaci\u00f3n de la pol\u00edtica se debe al mal ejercicio de los pol\u00edticos, as\u00ed como la degeneraci\u00f3n de los periodistas se debe a los excesos de los comunicadores. Pero nadie puede culpar a un gremio de su falta de preparaci\u00f3n sino al sistema que los erige como servidores p\u00fablicos y los elige como legisladores, presidentes municipales o Presidentes de la Rep\u00fablica.<\/span><\/p>\n<p><span style=\"font-size: 14pt;\">Hay vicios que hay que exterminar en todos los partidos, como la corrupci\u00f3n, el amiguismo, el compadrazgo, el favoritismo, la falta de equidad, etc. Pero esto no implica que cualquiera pueda ser un representante social. Por muchos a\u00f1os la administraci\u00f3n p\u00fablica estuvo en manos de los abogados, as\u00ed los presidentes eran producto de la educaci\u00f3n p\u00fablica que arroj\u00f3 la evoluci\u00f3n, pero se distorsion\u00f3 el servicio a la comunidad cuando llegaron los tecn\u00f3cratas a lucir sus materias y doctorados en el extranjero como muestra de superioridad total y los resultados est\u00e1n en los hechos. El desastre creci\u00f3 y con ello el descontento social.<\/span><\/p>\n<p><span style=\"font-size: 18pt;\">El secretario de Estado del vecino pa\u00eds del norte, de 1915 a 1920, Robert Leasing hab\u00eda dado una profec\u00eda, en esos a\u00f1os al decir que no era necesario invadir M\u00e9xico militarmente, \u201cpara dominar a M\u00e9xico bastaba con controlar a su Presidente. El camino m\u00e1s seguro, aunque un poco m\u00e1s lento, era abrir \u201ca los j\u00f3venes mexicanos ambiciosos las puertas de [sus] universidades y educarlos en el modo de vida americano, en valores y en el respeto del liderazgo de Estados Unidos\u201d.<\/span><\/p>\n<p><span style=\"font-size: 14pt;\">Estas profec\u00edas pueden quedar atr\u00e1s con mexicanos preparados para la pol\u00edtica, ciudadanos que conozcan las leyes y la historia, que son pocos quienes as\u00ed se capacitan.<\/span><\/p>\n<p><span style=\"font-size: 14pt;\">Convocar a ciudadanos sin partido en un sistema de partidos a las candidaturas no s\u00f3lo habla de la falta de cuadros que todo partido debe tener por obligaci\u00f3n, sino estar supeditaos a ocurrencias de una persona que tiene en la pol\u00edtica s\u00f3lo una chamba m\u00e1s sin vocaci\u00f3n de servicio sin sensibilidad social.<\/span><\/p>\n<p><span style=\"font-size: 14pt;\">PEGA Y CORRE.- Morena y aliados aprobaron en la Comisi\u00f3n de Presupuesto y Cuenta P\u00fablica de la C\u00e1mara de Diputados extinguir un privilegio m\u00e1s de la Suprema corte de Justicia, acabar con 13 fideicomisos con alrededor de 15 mil millones de pesos\u2026 Esta columna se publica los lunes, mi\u00e9rcoles y viernes.<\/span><\/p>\n<p><img loading=\"lazy\" decoding=\"async\" class=\"alignnone size-medium wp-image-19096\" src=\"http:\/\/noticiasveracruz.com\/wp-content\/uploads\/2023\/10\/FIRMA-EDITORIAL-PD-1-300x37.jpg\" alt=\"\" width=\"300\" height=\"37\" srcset=\"https:\/\/noticiasveracruz.com\/wp-content\/uploads\/2023\/10\/FIRMA-EDITORIAL-PD-1-300x37.jpg 300w, https:\/\/noticiasveracruz.com\/wp-content\/uploads\/2023\/10\/FIRMA-EDITORIAL-PD-1-768x94.jpg 768w, https:\/\/noticiasveracruz.com\/wp-content\/uploads\/2023\/10\/FIRMA-EDITORIAL-PD-1.jpg 1024w\" sizes=\"auto, (max-width: 300px) 100vw, 300px\" \/><\/p>\n","protected":false},"excerpt":{"rendered":"<p>ALMA GRANDE Por \u00c1ngel \u00c1lvaro Pe\u00f1a La pol\u00edtica en M\u00e9xico est\u00e1 tan desprestigiada que una corriente de la sociedad ahora<\/p>\n","protected":false},"author":4,"featured_media":18628,"comment_status":"closed","ping_status":"closed","sticky":false,"template":"","format":"standard","meta":{"colormag_page_container_layout":"default_layout","colormag_page_sidebar_layout":"default_layout","_jetpack_memberships_contains_paid_content":false,"footnotes":"","jetpack_publicize_message":"","jetpack_publicize_feature_enabled":true,"jetpack_social_post_already_shared":true,"jetpack_social_options":{"image_generator_settings":{"template":"highway","default_image_id":0,"font":"","enabled":false},"version":2}},"categories":[6],"tags":[],"class_list":["post-19281","post","type-post","status-publish","format-standard","has-post-thumbnail","hentry","category-columnistas"],"jetpack_publicize_connections":[],"jetpack_featured_media_url":"https:\/\/noticiasveracruz.com\/wp-content\/uploads\/2023\/09\/ANGEL-ALVARO-PENA-800x445-1.png","jetpack_sharing_enabled":true,"publishpress_future_action":{"enabled":false,"date":"2026-05-09 00:57:03","action":"change-status","newStatus":"draft","terms":[],"taxonomy":"category","extraData":[]},"publishpress_future_workflow_manual_trigger":{"enabledWorkflows":[]},"_links":{"self":[{"href":"https:\/\/noticiasveracruz.com\/index.php\/wp-json\/wp\/v2\/posts\/19281","targetHints":{"allow":["GET"]}}],"collection":[{"href":"https:\/\/noticiasveracruz.com\/index.php\/wp-json\/wp\/v2\/posts"}],"about":[{"href":"https:\/\/noticiasveracruz.com\/index.php\/wp-json\/wp\/v2\/types\/post"}],"author":[{"embeddable":true,"href":"https:\/\/noticiasveracruz.com\/index.php\/wp-json\/wp\/v2\/users\/4"}],"replies":[{"embeddable":true,"href":"https:\/\/noticiasveracruz.com\/index.php\/wp-json\/wp\/v2\/comments?post=19281"}],"version-history":[{"count":0,"href":"https:\/\/noticiasveracruz.com\/index.php\/wp-json\/wp\/v2\/posts\/19281\/revisions"}],"wp:featuredmedia":[{"embeddable":true,"href":"https:\/\/noticiasveracruz.com\/index.php\/wp-json\/wp\/v2\/media\/18628"}],"wp:attachment":[{"href":"https:\/\/noticiasveracruz.com\/index.php\/wp-json\/wp\/v2\/media?parent=19281"}],"wp:term":[{"taxonomy":"category","embeddable":true,"href":"https:\/\/noticiasveracruz.com\/index.php\/wp-json\/wp\/v2\/categories?post=19281"},{"taxonomy":"post_tag","embeddable":true,"href":"https:\/\/noticiasveracruz.com\/index.php\/wp-json\/wp\/v2\/tags?post=19281"}],"curies":[{"name":"wp","href":"https:\/\/api.w.org\/{rel}","templated":true}]}}