{"id":19268,"date":"2023-10-10T18:25:29","date_gmt":"2023-10-10T23:25:29","guid":{"rendered":"https:\/\/noticiasveracruz.com\/?p=19268"},"modified":"2023-10-10T18:25:29","modified_gmt":"2023-10-10T23:25:29","slug":"musica-de-videojuegos-con-la-osx","status":"publish","type":"post","link":"https:\/\/noticiasveracruz.com\/index.php\/2023\/10\/10\/musica-de-videojuegos-con-la-osx\/","title":{"rendered":"\u00a1M\u00fasica de Videojuegos con la OSX!"},"content":{"rendered":"<ul>\n<li><span style=\"font-size: 14pt;\">M\u00e1s de 15 bandas sonoras de video y m\u00fasica CON PANTALLA<\/span><\/li>\n<li><span style=\"font-size: 14pt;\">Con participaci\u00f3n de la Camerata Coral de la Facultad de M\u00fasica UV<\/span><\/li>\n<\/ul>\n<p><span style=\"font-size: 14pt;\">Xalapa, Ver.- Desde el lejano reino champi\u00f1\u00f3n, hasta la ca\u00f3tica Midgar controlada por Shinra; llega a Tlaqn\u00e1, Centro Cultural, una doble noche de concierto especial de M\u00fasica de Videojuegos. Con la participaci\u00f3n de la Camerata Coral de la Facultad de M\u00fasica UV, dirigida por el Mtro. Noel Josafat Garc\u00eda; y la participaci\u00f3n de la soprano Siria Sara\u00ed P\u00e9rez. Concierto dirigido por David P\u00e9rez Olmedo, Director Invitado.<\/span><br \/>\n<span style=\"font-size: 14pt;\">Este programa tendr\u00e1 dos funciones: viernes 13 de octubre a las 20:00 h y el s\u00e1bado 14 de octubre a las 19:00 h.<\/span><\/p>\n<p><span style=\"font-size: 14pt;\"><img loading=\"lazy\" decoding=\"async\" class=\"alignnone size-medium wp-image-19270\" src=\"http:\/\/noticiasveracruz.com\/wp-content\/uploads\/2023\/10\/Musica-de-Videojuegos-0160-300x200.jpg\" alt=\"\" width=\"300\" height=\"200\" srcset=\"https:\/\/noticiasveracruz.com\/wp-content\/uploads\/2023\/10\/Musica-de-Videojuegos-0160-300x200.jpg 300w, https:\/\/noticiasveracruz.com\/wp-content\/uploads\/2023\/10\/Musica-de-Videojuegos-0160-1024x683.jpg 1024w, https:\/\/noticiasveracruz.com\/wp-content\/uploads\/2023\/10\/Musica-de-Videojuegos-0160-768x512.jpg 768w, https:\/\/noticiasveracruz.com\/wp-content\/uploads\/2023\/10\/Musica-de-Videojuegos-0160-1536x1024.jpg 1536w, https:\/\/noticiasveracruz.com\/wp-content\/uploads\/2023\/10\/Musica-de-Videojuegos-0160-2048x1365.jpg 2048w\" sizes=\"auto, (max-width: 300px) 100vw, 300px\" \/> <\/span><\/p>\n<p><span style=\"font-size: 14pt;\">En las notas al programa se comenta: \u201c\u2026Aunque la m\u00fasica en primer lugar debe potenciar al videojuego y cobra mayor significado cuando est\u00e1 dentro de su contexto, al presentarla en un concierto se transforma de una banda sonora a una forma de arte por s\u00ed misma\u2026\u201d Esto es la opini\u00f3n que nos comparte el compositor de la banda sonora \u00a0de Fallout 4, Inon Zur, en una entrevista realizada en 2009 en S\u00eddney, Australia, y que nos abre la puerta para vislumbrar c\u00f3mo los compositores de m\u00fasica para videojuegos han tenido que construir un mundo sonoro a partir de las sensaciones de una interfaz gr\u00e1fica (el propio juego o versiones de desarrollo del mismo) y que pone a prueba su independencia en un concierto donde la m\u00fasica se ve aislada del medio para el que fue hecha, dando como resultado una experiencia art\u00edstica nueva. En muchos casos, la composici\u00f3n de m\u00fasica para videojuego ha tenido demasiadas limitantes, sin embargo, esas limitantes tambi\u00e9n han resultado en grandes libertades creativas. A diferencia del cine, que obliga al compositor a fundamentar su m\u00fasica en algo determinado, los videojuegos, al ser experiencias variables y subjetivas, permiten que la m\u00fasica goce de mayores libertades, enfoc\u00e1ndose m\u00e1s en recrear ambientes que en situaciones espec\u00edficas. Esto ha requerido de una especializaci\u00f3n para este medio, tal es el caso del compositor de las bandas sonoras de las sagas de \u201cMario Bros\u201d. Y \u201cThe Legend of Zelda\u201d, Koji Kondo, que fue pionero en el arte de crear m\u00fasica que se acoplara perfectamente a una experiencia jugable y que ahora es uno de los compositores m\u00e1s importantes en la historia del medio\u201d. Fragmento tomado de las notas al programa realizadas por el alumno Itz\u00e1 Antonio Silva, alumno de la Facultad de M\u00fasica UV. A quien felicitamos por haber ganado el primer lugar en el concurso.<\/span><\/p>\n<p><span style=\"font-size: 14pt;\">Asiste a la Charla de Concierto OSX realizada desde la Sala Did\u00e1ctica de Tlaqn\u00e1, Centro Cultural los viernes de concierto, a las 19:00 h. La cual contar\u00e1 con los panelistas: Diana Elisa Flores, Promotora Cultural; y Luis Fernando Son\u00ed, Productor Audiovisual del evento.<\/span><\/p>\n<p><span style=\"font-size: 14pt;\">Puedes comprar tus boletos en l\u00ednea en www.orquestasinfonicadexalapa.com, Tienda UV, Tienda UV Museo de Antropolog\u00eda y Taquilla Tlaqn\u00e1.<\/span><\/p>\n<p><span style=\"font-size: 14pt;\">Correo electr\u00f3nico: mercadotecnia.osx@gmail.com.<\/span><\/p>\n","protected":false},"excerpt":{"rendered":"<p>M\u00e1s de 15 bandas sonoras de video y m\u00fasica CON PANTALLA Con participaci\u00f3n de la Camerata Coral de la Facultad<\/p>\n","protected":false},"author":4,"featured_media":19269,"comment_status":"closed","ping_status":"closed","sticky":false,"template":"","format":"standard","meta":{"colormag_page_container_layout":"default_layout","colormag_page_sidebar_layout":"default_layout","_jetpack_memberships_contains_paid_content":false,"footnotes":"","jetpack_publicize_message":"","jetpack_publicize_feature_enabled":true,"jetpack_social_post_already_shared":true,"jetpack_social_options":{"image_generator_settings":{"template":"highway","default_image_id":0,"font":"","enabled":false},"version":2}},"categories":[358],"tags":[],"class_list":["post-19268","post","type-post","status-publish","format-standard","has-post-thumbnail","hentry","category-cultura"],"jetpack_publicize_connections":[],"jetpack_featured_media_url":"https:\/\/noticiasveracruz.com\/wp-content\/uploads\/2023\/10\/Musica-de-Videojuegos-0142-scaled.jpg","jetpack_sharing_enabled":true,"publishpress_future_action":{"enabled":false,"date":"2026-05-08 04:31:56","action":"change-status","newStatus":"draft","terms":[],"taxonomy":"category","extraData":[]},"publishpress_future_workflow_manual_trigger":{"enabledWorkflows":[]},"_links":{"self":[{"href":"https:\/\/noticiasveracruz.com\/index.php\/wp-json\/wp\/v2\/posts\/19268","targetHints":{"allow":["GET"]}}],"collection":[{"href":"https:\/\/noticiasveracruz.com\/index.php\/wp-json\/wp\/v2\/posts"}],"about":[{"href":"https:\/\/noticiasveracruz.com\/index.php\/wp-json\/wp\/v2\/types\/post"}],"author":[{"embeddable":true,"href":"https:\/\/noticiasveracruz.com\/index.php\/wp-json\/wp\/v2\/users\/4"}],"replies":[{"embeddable":true,"href":"https:\/\/noticiasveracruz.com\/index.php\/wp-json\/wp\/v2\/comments?post=19268"}],"version-history":[{"count":0,"href":"https:\/\/noticiasveracruz.com\/index.php\/wp-json\/wp\/v2\/posts\/19268\/revisions"}],"wp:featuredmedia":[{"embeddable":true,"href":"https:\/\/noticiasveracruz.com\/index.php\/wp-json\/wp\/v2\/media\/19269"}],"wp:attachment":[{"href":"https:\/\/noticiasveracruz.com\/index.php\/wp-json\/wp\/v2\/media?parent=19268"}],"wp:term":[{"taxonomy":"category","embeddable":true,"href":"https:\/\/noticiasveracruz.com\/index.php\/wp-json\/wp\/v2\/categories?post=19268"},{"taxonomy":"post_tag","embeddable":true,"href":"https:\/\/noticiasveracruz.com\/index.php\/wp-json\/wp\/v2\/tags?post=19268"}],"curies":[{"name":"wp","href":"https:\/\/api.w.org\/{rel}","templated":true}]}}