{"id":19167,"date":"2023-10-09T02:49:16","date_gmt":"2023-10-09T07:49:16","guid":{"rendered":"https:\/\/noticiasveracruz.com\/?p=19167"},"modified":"2023-10-09T02:49:16","modified_gmt":"2023-10-09T07:49:16","slug":"monica-robles-lider-natural","status":"publish","type":"post","link":"https:\/\/noticiasveracruz.com\/index.php\/2023\/10\/09\/monica-robles-lider-natural\/","title":{"rendered":"M\u00f3nica Robles, l\u00edder natural"},"content":{"rendered":"<p style=\"text-align: justify;\"><span style=\"color: #cc99ff;\"><strong><span style=\"font-family: 'Arial', 'sans-serif'; font-size: 14pt;\">ALMA GRANDE<\/span><\/strong><\/span><\/p>\n<p style=\"text-align: justify;\"><span style=\"color: #cc99ff;\"><strong><span style=\"font-family: 'Arial', 'sans-serif'; font-size: 14pt;\">Por \u00c1ngel \u00c1lvaro Pe\u00f1a<\/span><\/strong><\/span><\/p>\n<p style=\"text-align: justify;\"><span style=\"font-family: 'Arial', 'sans-serif'; font-size: 14pt;\">La pol\u00edtica en Veracruz se ha caracterizado por tener l\u00edderes en pr\u00e1cticamente todas las regiones y en estas elecciones no es la excepci\u00f3n. Porque pareciera que la \u00fanica que tiene el apoyo popular es la secretaria de Energ\u00eda, Roc\u00edo Nahle, sin embargo, hay otras personas que cuentan con mucha gente a su alrededor.<\/span><\/p>\n<p style=\"text-align: justify;\"><span style=\"font-family: 'Arial', 'sans-serif'; font-size: 14pt;\">El arraigo, el amor a la tierra, la defensa de los desvalidos, la lucha cotidiana por la sobrevivencia, crean movimientos que van convirti\u00e9ndose poco a poco en se\u00f1ales del nacimiento de una nueva generaci\u00f3n de pol\u00edticos y pol\u00edticas que transforman la entidad y con ello el pa\u00eds.<\/span><\/p>\n<p style=\"text-align: justify;\"><span style=\"font-family: 'Arial', 'sans-serif'; font-size: 14pt;\">La contienda electoral es resultado del trabajo con la poblaci\u00f3n, no surge en las campa\u00f1as ni nace con la aparici\u00f3n de las convocatorias o los resultados en las encuestas, el trabajo pol\u00edtico cuando es social, trasciende los requisitos que se plantean para seleccionar candidatos y en esos procesos hay l\u00edderes que se consolidan y otros que caen.<\/span><\/p>\n<p style=\"text-align: justify;\"><span style=\"font-family: 'Arial', 'sans-serif'; font-size: 18pt;\">La ex diputada M\u00f3nica Robles Barajas, quien se registr\u00f3 para la candidatura por Morena a la Coordinaci\u00f3n de los Comit\u00e9s para la Defensa de la Cuarta Transformaci\u00f3n en Veracruz, destac\u00f3 la trascendencia de continuar con la transformaci\u00f3n del pa\u00eds y de la entidad.<\/span><\/p>\n<p style=\"text-align: justify;\"><span style=\"font-family: 'Arial', 'sans-serif'; font-size: 18pt;\">Robles Barajas siempre atenta a las necesidades de la poblaci\u00f3n ha mostrado su inter\u00e9s por satisfacer las necesidades de los veracruzanos, as\u00ed como los retos por venir, que no son pocos. Record\u00f3 que es tiempo de las mujeres y de continuar avanzando, impulsando y defendiendo los principios que a lo largo de estos a\u00f1os han permitido la transformaci\u00f3n de M\u00e9xico.<\/span><\/p>\n<p style=\"text-align: justify;\"><span style=\"font-family: 'Arial', 'sans-serif'; font-size: 14pt;\">Una de las mayores preocupaciones de Robles Barajas es la defensa de los derechos humanos y la igualdad de g\u00e9nero, cuya consolidaci\u00f3n arroja una sociedad m\u00e1s igualitaria.<\/span><\/p>\n<p style=\"text-align: justify;\"><span style=\"font-family: 'Arial', 'sans-serif'; font-size: 14pt;\">Se\u00f1al\u00f3 que es importante continuar impulsando los principios establecidos por el Presidente de la Rep\u00fablica. El horizonte de la ex legisladora es muy amplio, conoce la necesidad de la sociedad y sabe que deben profundizarse las labores y continuar abriendo brecha donde antes no hab\u00eda camino.<\/span><\/p>\n<p style=\"text-align: justify;\"><span style=\"font-family: 'Arial', 'sans-serif'; font-size: 18pt;\">M\u00f3nica Robles fue diputada local por el Partido Verde en la LXIII Legislatura y por Morena en la LXV Legislatura del Congreso de Veracruz, presidenta del DIF municipal en Coatzacoalcos, y presidi\u00f3 adem\u00e1s la asociaci\u00f3n civil, Integra AC en esa ciudad. Tareas en la que ha destacado por su entrega a la comunidad.<\/span><\/p>\n<p style=\"text-align: justify;\"><span style=\"font-family: 'Arial', 'sans-serif'; font-size: 14pt;\">El Congreso local es tambi\u00e9n una manera de foguearse pol\u00edticamente y de crear una personalidad pol\u00edtica que sea una plataforma de despegue para responsabilidades superiores. La experiencia acad\u00e9mica forma tambi\u00e9n parte de su trayectoria intachable que imprime en la entidad toda una historia de conocimiento y talento creando generaciones de profesionales en busca de la transformaci\u00f3n.<\/span><\/p>\n<p style=\"text-align: justify;\"><span style=\"font-family: 'Arial', 'sans-serif'; font-size: 18pt;\">Robles Barajas estudi\u00f3 una maestr\u00eda en administraci\u00f3n de empresas por la Universidad de Columbia y una licenciatura en Econom\u00eda por el ITAM, donde tambi\u00e9n fue catedr\u00e1tica. Actualmente es presidenta del Corporativo Imagen de Veracruz, empresa de medios con cobertura nacional e influencia en todos los sectores de la poblaci\u00f3n.<\/span><\/p>\n<p style=\"text-align: justify; background: white;\"><span style=\"font-family: 'Arial', 'sans-serif'; font-size: 14pt;\">Originaria de Coatzacoalcos, <strong><span style=\"font-family: 'Arial','sans-serif'; font-weight: normal;\">M\u00f3nica Robles<\/span><\/strong> se define como humanista, ambientalista y defensora de los derechos de las mujeres y la equidad y respeto a la diversidad.<\/span><\/p>\n<p style=\"text-align: justify; background: white;\"><span style=\"font-family: 'Arial', 'sans-serif'; font-size: 18pt;\">Trabaj\u00f3 como analista en el \u00e1rea de Planeaci\u00f3n Estrat\u00e9gica en el Banco Nacional de M\u00e9xico. Fue presidenta del DIF de Coatzacoalcos.<\/span><\/p>\n<p style=\"text-align: justify; background: white;\"><span style=\"font-size: 18pt;\"><strong><span style=\"font-family: 'Arial','sans-serif'; font-weight: normal;\">Robles Barajas<\/span><\/strong><span style=\"font-family: 'Arial','sans-serif';\"> promov\u00ed\u00f3 la actualizaci\u00f3n del C\u00f3digo Civil de Veracruz para reconocer el matrimonio igualitario y promover el divorcio expr\u00e9s. Durante su periodo como diputada impuls\u00f3 la interrupci\u00f3n legal del embarazo hasta las 12 semanas.<\/span><\/span><\/p>\n<p style=\"text-align: justify;\"><span style=\"font-family: 'Arial', 'sans-serif'; font-size: 14pt;\">La lucha por el poder no se limita s\u00f3lo a darle libre juego al protagonismo sino que implica la atenci\u00f3n a la sociedad, cuyas necesidades son interminables, sobre todo, cuando ha habido gobiernos en la entidad que s\u00f3lo han trabajado en beneficio de una clase privilegiada, de un proyecto e grupo y no han transformado la base de las sociedad veracruzana que es el principio de todo cambio.<\/span><\/p>\n<p style=\"text-align: justify;\"><span style=\"font-family: 'Arial', 'sans-serif'; font-size: 14pt;\">M\u00f3nica Robles Barajas coment\u00f3 que su postulaci\u00f3n en el proceso interno de Morena obedece a su firme compromiso con los valores de Morena y su determinaci\u00f3n de contribuir al desarrollo del estado.<\/span><\/p>\n<p style=\"text-align: justify;\"><span style=\"font-family: 'Arial', 'sans-serif'; font-size: 14pt;\">\u00abEn Morena se promueve la participaci\u00f3n y la vida democr\u00e1tica, no solo durante las elecciones, sino tambi\u00e9n en las decisiones importantes para el estado y el pa\u00eds. Es por eso que he tomado la decisi\u00f3n de participar y contribuir al proceso de transformaci\u00f3n que lidera nuestro presidente\u00bb, se\u00f1al\u00f3.<\/span><\/p>\n<p style=\"text-align: justify;\"><span style=\"font-family: 'Arial', 'sans-serif'; font-size: 14pt;\">\u00abQueremos un estado y un pa\u00eds m\u00e1s justo, m\u00e1s igualitario, donde todos puedan vivir bien y con seguridad, respetando la dignidad de las personas. Creo que hay mucho por hacer, y es por eso que participo y conf\u00edo en la decisi\u00f3n de la gente\u00bb, declar\u00f3 ante los medios.<\/span><\/p>\n<p style=\"text-align: justify;\"><span style=\"font-family: 'Arial', 'sans-serif'; font-size: 14pt;\">M\u00f3nica Robles hizo hincapi\u00e9 en la relevancia de la participaci\u00f3n de las mujeres en la pol\u00edtica y el espacio que Morena ha garantizado para la participaci\u00f3n con equidad de g\u00e9nero en el proceso.<\/span><\/p>\n<p style=\"text-align: justify;\"><span style=\"font-family: 'Arial', 'sans-serif'; font-size: 14pt;\">\u00abMi lucha siempre ha sido por los derechos humanos, especialmente por los derechos de las ni\u00f1as y las mujeres. Lo demostr\u00e9 cuando fui diputada local y, si tengo la oportunidad, seguir\u00e9 trabajando por la igualdad de g\u00e9nero\u00bb, concluy\u00f3.<\/span><\/p>\n<p style=\"text-align: justify;\"><span style=\"font-family: 'Arial', 'sans-serif'; font-size: 18pt;\">Robles Barajas, cuenta con m\u00e1s de 25 a\u00f1os de experiencia trabajando en la asociaci\u00f3n Integra, comprometida en mejorar la calidad de vida de las personas m\u00e1s vulnerables en el estado.<\/span><\/p>\n<p style=\"text-align: justify;\"><span style=\"font-family: 'Arial', 'sans-serif'; font-size: 14pt;\">Es tiempo de mujeres, sin duda es un proyecto propio y sensible que seguramente beneficiar\u00e1 a la comunidad en sus puntos m\u00e1s fr\u00e1giles y a la sociedad en todos los segmentos de la poblaci\u00f3n.<\/span><\/p>\n<p style=\"text-align: justify;\"><span style=\"font-family: 'Arial', 'sans-serif'; font-size: 14pt;\">PEGA Y CORRE.- <span style=\"color: black;\">La polarizaci\u00f3n en Nuevo Le\u00f3n pareciera convertirse en una guerra civil, ante los pleitos a golpes, por la clausura de una empresa, entre la polic\u00eda municipal de San Nicol\u00e1s de los Garza, contra la polic\u00eda estatal. Los uniformados de esa localidad se atrincheraron y bloquearon la entrada a su cuartel con patrullas para impedir que polic\u00edas estatales tomen el control de la corporaci\u00f3n\u2026Esta columna se publica los lunes, mi\u00e9rcoles y viernes.<\/span><\/span><\/p>\n","protected":false},"excerpt":{"rendered":"<p>ALMA GRANDE Por \u00c1ngel \u00c1lvaro Pe\u00f1a La pol\u00edtica en Veracruz se ha caracterizado por tener l\u00edderes en pr\u00e1cticamente todas las<\/p>\n","protected":false},"author":4,"featured_media":18628,"comment_status":"closed","ping_status":"closed","sticky":false,"template":"","format":"standard","meta":{"colormag_page_container_layout":"default_layout","colormag_page_sidebar_layout":"default_layout","_jetpack_memberships_contains_paid_content":false,"footnotes":"","jetpack_publicize_message":"","jetpack_publicize_feature_enabled":true,"jetpack_social_post_already_shared":true,"jetpack_social_options":{"image_generator_settings":{"template":"highway","default_image_id":0,"font":"","enabled":false},"version":2}},"categories":[6],"tags":[],"class_list":["post-19167","post","type-post","status-publish","format-standard","has-post-thumbnail","hentry","category-columnistas"],"jetpack_publicize_connections":[],"jetpack_featured_media_url":"https:\/\/noticiasveracruz.com\/wp-content\/uploads\/2023\/09\/ANGEL-ALVARO-PENA-800x445-1.png","jetpack_sharing_enabled":true,"publishpress_future_action":{"enabled":false,"date":"2026-05-08 05:41:10","action":"change-status","newStatus":"draft","terms":[],"taxonomy":"category","extraData":[]},"publishpress_future_workflow_manual_trigger":{"enabledWorkflows":[]},"_links":{"self":[{"href":"https:\/\/noticiasveracruz.com\/index.php\/wp-json\/wp\/v2\/posts\/19167","targetHints":{"allow":["GET"]}}],"collection":[{"href":"https:\/\/noticiasveracruz.com\/index.php\/wp-json\/wp\/v2\/posts"}],"about":[{"href":"https:\/\/noticiasveracruz.com\/index.php\/wp-json\/wp\/v2\/types\/post"}],"author":[{"embeddable":true,"href":"https:\/\/noticiasveracruz.com\/index.php\/wp-json\/wp\/v2\/users\/4"}],"replies":[{"embeddable":true,"href":"https:\/\/noticiasveracruz.com\/index.php\/wp-json\/wp\/v2\/comments?post=19167"}],"version-history":[{"count":0,"href":"https:\/\/noticiasveracruz.com\/index.php\/wp-json\/wp\/v2\/posts\/19167\/revisions"}],"wp:featuredmedia":[{"embeddable":true,"href":"https:\/\/noticiasveracruz.com\/index.php\/wp-json\/wp\/v2\/media\/18628"}],"wp:attachment":[{"href":"https:\/\/noticiasveracruz.com\/index.php\/wp-json\/wp\/v2\/media?parent=19167"}],"wp:term":[{"taxonomy":"category","embeddable":true,"href":"https:\/\/noticiasveracruz.com\/index.php\/wp-json\/wp\/v2\/categories?post=19167"},{"taxonomy":"post_tag","embeddable":true,"href":"https:\/\/noticiasveracruz.com\/index.php\/wp-json\/wp\/v2\/tags?post=19167"}],"curies":[{"name":"wp","href":"https:\/\/api.w.org\/{rel}","templated":true}]}}