{"id":19160,"date":"2023-10-08T05:24:50","date_gmt":"2023-10-08T10:24:50","guid":{"rendered":"https:\/\/noticiasveracruz.com\/?p=19160"},"modified":"2023-10-08T05:24:50","modified_gmt":"2023-10-08T10:24:50","slug":"con-union-y-suma-de-esfuerzos-se-logro-hacer-un-canal-que-evito-que-barra-galindo-se-inundara","status":"publish","type":"post","link":"https:\/\/noticiasveracruz.com\/index.php\/2023\/10\/08\/con-union-y-suma-de-esfuerzos-se-logro-hacer-un-canal-que-evito-que-barra-galindo-se-inundara\/","title":{"rendered":"Con uni\u00f3n y suma de esfuerzos se logr\u00f3 hacer un canal que evit\u00f3 que Barra Galindo se inundara"},"content":{"rendered":"<p><span style=\"font-size: 14pt;\">\u2022 El alcalde Jos\u00e9 Manuel Pozos agradeci\u00f3 a todos los que contribuyeron<\/span><\/p>\n<p><span style=\"font-size: 14pt;\">Tuxpan, Ver.- Gracias a la suma de esfuerzos y con el apoyo de maquinaria de construcci\u00f3n se logr\u00f3 hacer un canal que evit\u00f3 que Barra Galindo se inundara, luego de 2 d\u00edas intensas lluvias.<\/span><\/p>\n<p><span style=\"font-size: 14pt;\">El presidente municipal Jos\u00e9 Manuel Pozos Castro agradeci\u00f3 el apoyo de Comisi\u00f3n Federal de Electricidad (CFE), as\u00ed como de los agentes municipales de La Mata, Barra Galindo y todos los que contribuyeron en estos trabajos.<\/span><\/p>\n<p><img loading=\"lazy\" decoding=\"async\" class=\"alignnone size-medium wp-image-19161\" src=\"http:\/\/noticiasveracruz.com\/wp-content\/uploads\/2023\/10\/WhatsApp-Image-2023-10-07-at-20.39.16-300x300.jpeg\" alt=\"\" width=\"300\" height=\"300\" srcset=\"https:\/\/noticiasveracruz.com\/wp-content\/uploads\/2023\/10\/WhatsApp-Image-2023-10-07-at-20.39.16-300x300.jpeg 300w, https:\/\/noticiasveracruz.com\/wp-content\/uploads\/2023\/10\/WhatsApp-Image-2023-10-07-at-20.39.16-1024x1024.jpeg 1024w, https:\/\/noticiasveracruz.com\/wp-content\/uploads\/2023\/10\/WhatsApp-Image-2023-10-07-at-20.39.16-150x150.jpeg 150w, https:\/\/noticiasveracruz.com\/wp-content\/uploads\/2023\/10\/WhatsApp-Image-2023-10-07-at-20.39.16-768x768.jpeg 768w, https:\/\/noticiasveracruz.com\/wp-content\/uploads\/2023\/10\/WhatsApp-Image-2023-10-07-at-20.39.16-1536x1536.jpeg 1536w, https:\/\/noticiasveracruz.com\/wp-content\/uploads\/2023\/10\/WhatsApp-Image-2023-10-07-at-20.39.16.jpeg 1600w\" sizes=\"auto, (max-width: 300px) 100vw, 300px\" \/><\/p>\n<p><span style=\"font-size: 14pt;\">\u201cSigo atento a cualquier contingencia que se presente y les pido por favor extremar precauciones\u201d, dijo el alcalde en un mensaje dirigido al pueblo de Tuxpan.<\/span><\/p>\n<p><span style=\"font-size: 14pt;\">Tambi\u00e9n dio a conocer que ha instruido a todo su equipo de trabajo a permanecer atentos a cualquier llamado de la ciudadan\u00eda.<\/span><\/p>\n<p><span style=\"font-size: 14pt;\">Jos\u00e9 Manuel Pozos advirti\u00f3 que esta noche y ma\u00f1ana domingo habr\u00e1n de continuar las lluvias, por lo que se deben tomar todas las precauciones.<\/span><\/p>\n<p><span style=\"font-size: 14pt;\">En ese sentido, puso a disposici\u00f3n de todas y todos los siguientes n\u00fameros de emergencia:<\/span><\/p>\n<p><span style=\"font-size: 14pt;\">Protecci\u00f3n Civil\u2026. 783 83 50127<\/span><br \/>\n<span style=\"font-size: 14pt;\">Bomberos\u2026\u2026\u2026\u2026. 783 83 40646<\/span><br \/>\n<span style=\"font-size: 14pt;\">Emergencias\u2026\u2026\u2026 911<\/span><\/p>\n","protected":false},"excerpt":{"rendered":"<p>\u2022 El alcalde Jos\u00e9 Manuel Pozos agradeci\u00f3 a todos los que contribuyeron Tuxpan, Ver.- Gracias a la suma de esfuerzos<\/p>\n","protected":false},"author":4,"featured_media":19162,"comment_status":"closed","ping_status":"closed","sticky":false,"template":"","format":"standard","meta":{"colormag_page_container_layout":"default_layout","colormag_page_sidebar_layout":"default_layout","_jetpack_memberships_contains_paid_content":false,"footnotes":"","jetpack_publicize_message":"","jetpack_publicize_feature_enabled":true,"jetpack_social_post_already_shared":true,"jetpack_social_options":{"image_generator_settings":{"template":"highway","default_image_id":0,"font":"","enabled":false},"version":2}},"categories":[356],"tags":[],"class_list":["post-19160","post","type-post","status-publish","format-standard","has-post-thumbnail","hentry","category-veracruz"],"jetpack_publicize_connections":[],"jetpack_featured_media_url":"https:\/\/noticiasveracruz.com\/wp-content\/uploads\/2023\/10\/WhatsApp-Image-2023-10-07-at-20.39.20.jpeg","jetpack_sharing_enabled":true,"publishpress_future_action":{"enabled":false,"date":"2026-05-10 06:46:00","action":"change-status","newStatus":"draft","terms":[],"taxonomy":"category","extraData":[]},"publishpress_future_workflow_manual_trigger":{"enabledWorkflows":[]},"_links":{"self":[{"href":"https:\/\/noticiasveracruz.com\/index.php\/wp-json\/wp\/v2\/posts\/19160","targetHints":{"allow":["GET"]}}],"collection":[{"href":"https:\/\/noticiasveracruz.com\/index.php\/wp-json\/wp\/v2\/posts"}],"about":[{"href":"https:\/\/noticiasveracruz.com\/index.php\/wp-json\/wp\/v2\/types\/post"}],"author":[{"embeddable":true,"href":"https:\/\/noticiasveracruz.com\/index.php\/wp-json\/wp\/v2\/users\/4"}],"replies":[{"embeddable":true,"href":"https:\/\/noticiasveracruz.com\/index.php\/wp-json\/wp\/v2\/comments?post=19160"}],"version-history":[{"count":0,"href":"https:\/\/noticiasveracruz.com\/index.php\/wp-json\/wp\/v2\/posts\/19160\/revisions"}],"wp:featuredmedia":[{"embeddable":true,"href":"https:\/\/noticiasveracruz.com\/index.php\/wp-json\/wp\/v2\/media\/19162"}],"wp:attachment":[{"href":"https:\/\/noticiasveracruz.com\/index.php\/wp-json\/wp\/v2\/media?parent=19160"}],"wp:term":[{"taxonomy":"category","embeddable":true,"href":"https:\/\/noticiasveracruz.com\/index.php\/wp-json\/wp\/v2\/categories?post=19160"},{"taxonomy":"post_tag","embeddable":true,"href":"https:\/\/noticiasveracruz.com\/index.php\/wp-json\/wp\/v2\/tags?post=19160"}],"curies":[{"name":"wp","href":"https:\/\/api.w.org\/{rel}","templated":true}]}}