{"id":19154,"date":"2023-10-07T16:54:16","date_gmt":"2023-10-07T21:54:16","guid":{"rendered":"https:\/\/noticiasveracruz.com\/?p=19154"},"modified":"2023-10-07T16:54:16","modified_gmt":"2023-10-07T21:54:16","slug":"se-realizo-jornada-de-salud-visual-en-la-comunidad-praxedis-guerrero-km-18-beneficiando-a-familias-de-los-kilometros","status":"publish","type":"post","link":"https:\/\/noticiasveracruz.com\/index.php\/2023\/10\/07\/se-realizo-jornada-de-salud-visual-en-la-comunidad-praxedis-guerrero-km-18-beneficiando-a-familias-de-los-kilometros\/","title":{"rendered":"Se realiz\u00f3 Jornada de Salud Visual en la comunidad Praxedis Guerrero Km.18, beneficiando a familias de Los Kil\u00f3metros"},"content":{"rendered":"<p><span style=\"font-size: 14pt;\">Tuxpan, Ver.- Este fin de semana la Sindicatura \u00danica del Gobierno de Tuxpan llev\u00f3 a cabo la Jornada de Salud Visual en la comunidad de Pr\u00e1xedis Guerrero Km.18, misma que permiti\u00f3 beneficiar a familias de la ruta de Los Kil\u00f3metros.<\/span><\/p>\n<p><img loading=\"lazy\" decoding=\"async\" class=\"alignnone size-medium wp-image-19158\" src=\"http:\/\/noticiasveracruz.com\/wp-content\/uploads\/2023\/10\/WhatsApp-Image-2023-10-07-at-13.08.49-300x200.jpeg\" alt=\"\" width=\"300\" height=\"200\" srcset=\"https:\/\/noticiasveracruz.com\/wp-content\/uploads\/2023\/10\/WhatsApp-Image-2023-10-07-at-13.08.49-300x200.jpeg 300w, https:\/\/noticiasveracruz.com\/wp-content\/uploads\/2023\/10\/WhatsApp-Image-2023-10-07-at-13.08.49-1024x683.jpeg 1024w, https:\/\/noticiasveracruz.com\/wp-content\/uploads\/2023\/10\/WhatsApp-Image-2023-10-07-at-13.08.49-768x512.jpeg 768w, https:\/\/noticiasveracruz.com\/wp-content\/uploads\/2023\/10\/WhatsApp-Image-2023-10-07-at-13.08.49-1536x1024.jpeg 1536w, https:\/\/noticiasveracruz.com\/wp-content\/uploads\/2023\/10\/WhatsApp-Image-2023-10-07-at-13.08.49-2048x1365.jpeg 2048w\" sizes=\"auto, (max-width: 300px) 100vw, 300px\" \/><\/p>\n<p><span style=\"font-size: 14pt;\">Esta campa\u00f1a busca promover acciones en materia de salud visual contrarrestando afectaciones oculares y, de esta manera, mejorar la calidad de vida de la poblaci\u00f3n.<\/span><\/p>\n<p><span style=\"font-size: 14pt;\">Con la colaboraci\u00f3n de Grupo \u00d3ptico del Totonacapan se practicaron ex\u00e1menes de la vista de manera gratuita, ofreciendo adem\u00e1s la adquisici\u00f3n de lentes a muy bajo costo.<\/span><\/p>\n<p><img loading=\"lazy\" decoding=\"async\" class=\"alignnone size-medium wp-image-19156\" src=\"http:\/\/noticiasveracruz.com\/wp-content\/uploads\/2023\/10\/WhatsApp-Image-2023-10-07-at-13.08.492-300x218.jpeg\" alt=\"\" width=\"300\" height=\"218\" srcset=\"https:\/\/noticiasveracruz.com\/wp-content\/uploads\/2023\/10\/WhatsApp-Image-2023-10-07-at-13.08.492-300x218.jpeg 300w, https:\/\/noticiasveracruz.com\/wp-content\/uploads\/2023\/10\/WhatsApp-Image-2023-10-07-at-13.08.492-1024x743.jpeg 1024w, https:\/\/noticiasveracruz.com\/wp-content\/uploads\/2023\/10\/WhatsApp-Image-2023-10-07-at-13.08.492-768x557.jpeg 768w, https:\/\/noticiasveracruz.com\/wp-content\/uploads\/2023\/10\/WhatsApp-Image-2023-10-07-at-13.08.492-1536x1114.jpeg 1536w, https:\/\/noticiasveracruz.com\/wp-content\/uploads\/2023\/10\/WhatsApp-Image-2023-10-07-at-13.08.492-2048x1485.jpeg 2048w\" sizes=\"auto, (max-width: 300px) 100vw, 300px\" \/><\/p>\n<p><span style=\"font-size: 14pt;\">La s\u00edndica \u00fanica, Mtra. Beatriz Pi\u00f1a Vergara se\u00f1al\u00f3 que el prop\u00f3sito de esta campa\u00f1a es beneficiar a la mayor cantidad de tuxpe\u00f1os posible, por lo que invit\u00f3 a la ciudadan\u00eda a acudir el pr\u00f3ximo jueves a la planta baja de la Presidencia Municipal, de 10:00 de la ma\u00f1ana a 3:00 de la tarde.<\/span><\/p>\n<p><span style=\"font-size: 14pt;\">Con estas acciones, el gobierno municipal busca crear conciencia en la poblaci\u00f3n, principalmente en los adultos mayores, acerca de la importancia de atender su visi\u00f3n para evitar problemas m\u00e1s serios a futuro.<\/span><\/p>\n<p><img loading=\"lazy\" decoding=\"async\" class=\"alignnone size-medium wp-image-19155\" src=\"http:\/\/noticiasveracruz.com\/wp-content\/uploads\/2023\/10\/WhatsApp-Image-2023-10-07-at-13.08.481-300x222.jpeg\" alt=\"\" width=\"300\" height=\"222\" srcset=\"https:\/\/noticiasveracruz.com\/wp-content\/uploads\/2023\/10\/WhatsApp-Image-2023-10-07-at-13.08.481-300x222.jpeg 300w, https:\/\/noticiasveracruz.com\/wp-content\/uploads\/2023\/10\/WhatsApp-Image-2023-10-07-at-13.08.481-1024x759.jpeg 1024w, https:\/\/noticiasveracruz.com\/wp-content\/uploads\/2023\/10\/WhatsApp-Image-2023-10-07-at-13.08.481-768x569.jpeg 768w, https:\/\/noticiasveracruz.com\/wp-content\/uploads\/2023\/10\/WhatsApp-Image-2023-10-07-at-13.08.481-1536x1139.jpeg 1536w, https:\/\/noticiasveracruz.com\/wp-content\/uploads\/2023\/10\/WhatsApp-Image-2023-10-07-at-13.08.481-2048x1518.jpeg 2048w\" sizes=\"auto, (max-width: 300px) 100vw, 300px\" \/><\/p>\n<p><span style=\"font-size: 14pt;\">En esta misma jornada participaron tambi\u00e9n estilistas y barberos profesionales que realizaron cortes de cabello sin costo a los asistentes.<\/span><\/p>\n","protected":false},"excerpt":{"rendered":"<p>Tuxpan, Ver.- Este fin de semana la Sindicatura \u00danica del Gobierno de Tuxpan llev\u00f3 a cabo la Jornada de Salud<\/p>\n","protected":false},"author":4,"featured_media":19157,"comment_status":"closed","ping_status":"closed","sticky":false,"template":"","format":"standard","meta":{"colormag_page_container_layout":"default_layout","colormag_page_sidebar_layout":"default_layout","_jetpack_memberships_contains_paid_content":false,"footnotes":"","jetpack_publicize_message":"","jetpack_publicize_feature_enabled":true,"jetpack_social_post_already_shared":true,"jetpack_social_options":{"image_generator_settings":{"template":"highway","default_image_id":0,"font":"","enabled":false},"version":2}},"categories":[356],"tags":[],"class_list":["post-19154","post","type-post","status-publish","format-standard","has-post-thumbnail","hentry","category-veracruz"],"jetpack_publicize_connections":[],"jetpack_featured_media_url":"https:\/\/noticiasveracruz.com\/wp-content\/uploads\/2023\/10\/WhatsApp-Image-2023-10-07-at-13.08.493-scaled.jpeg","jetpack_sharing_enabled":true,"publishpress_future_action":{"enabled":false,"date":"2026-05-08 20:23:24","action":"change-status","newStatus":"draft","terms":[],"taxonomy":"category","extraData":[]},"publishpress_future_workflow_manual_trigger":{"enabledWorkflows":[]},"_links":{"self":[{"href":"https:\/\/noticiasveracruz.com\/index.php\/wp-json\/wp\/v2\/posts\/19154","targetHints":{"allow":["GET"]}}],"collection":[{"href":"https:\/\/noticiasveracruz.com\/index.php\/wp-json\/wp\/v2\/posts"}],"about":[{"href":"https:\/\/noticiasveracruz.com\/index.php\/wp-json\/wp\/v2\/types\/post"}],"author":[{"embeddable":true,"href":"https:\/\/noticiasveracruz.com\/index.php\/wp-json\/wp\/v2\/users\/4"}],"replies":[{"embeddable":true,"href":"https:\/\/noticiasveracruz.com\/index.php\/wp-json\/wp\/v2\/comments?post=19154"}],"version-history":[{"count":0,"href":"https:\/\/noticiasveracruz.com\/index.php\/wp-json\/wp\/v2\/posts\/19154\/revisions"}],"wp:featuredmedia":[{"embeddable":true,"href":"https:\/\/noticiasveracruz.com\/index.php\/wp-json\/wp\/v2\/media\/19157"}],"wp:attachment":[{"href":"https:\/\/noticiasveracruz.com\/index.php\/wp-json\/wp\/v2\/media?parent=19154"}],"wp:term":[{"taxonomy":"category","embeddable":true,"href":"https:\/\/noticiasveracruz.com\/index.php\/wp-json\/wp\/v2\/categories?post=19154"},{"taxonomy":"post_tag","embeddable":true,"href":"https:\/\/noticiasveracruz.com\/index.php\/wp-json\/wp\/v2\/tags?post=19154"}],"curies":[{"name":"wp","href":"https:\/\/api.w.org\/{rel}","templated":true}]}}