{"id":19146,"date":"2023-10-07T13:19:55","date_gmt":"2023-10-07T18:19:55","guid":{"rendered":"https:\/\/noticiasveracruz.com\/?p=19146"},"modified":"2023-10-07T13:19:55","modified_gmt":"2023-10-07T18:19:55","slug":"mexico-llama-a-cesar-violencia-tras-ataques-en-israel","status":"publish","type":"post","link":"https:\/\/noticiasveracruz.com\/index.php\/2023\/10\/07\/mexico-llama-a-cesar-violencia-tras-ataques-en-israel\/","title":{"rendered":"M\u00e9xico llama a cesar violencia tras ataques en Israel"},"content":{"rendered":"<p><span style=\"font-size: 14pt;\">El gobierno mexicano, a trav\u00e9s de la Secretar\u00eda de Relaciones Exteriores (SRE), conden\u00f3 los ataques sufridos por el pueblo de Israel con la lamentable p\u00e9rdida de vidas humanas y envi\u00f3 sus condolencias a los familiares de las v\u00edctimas.<\/span><\/p>\n<p><span style=\"font-size: 14pt;\">Tambi\u00e9n hizo un llamado al cese de esta violencia \u201cinconducente, a fin de evitar una escalada que provoque mayores da\u00f1os y sufrimientos a la poblaci\u00f3n civil\u201d.<\/span><\/p>\n<p><span style=\"font-size: 14pt;\">El ministerio de Salud palestino en Gaza inform\u00f3 hoy que al menos 198 personas murieron y mil 610 resultaron heridas en el territorio en un ataque de represalia israel\u00ed.<\/span><\/p>\n<p><span style=\"font-size: 14pt;\">De acuerdo con informaci\u00f3n de agencias, Hamas, el grupo insurgente que gobierna la franja de Gaza, lanz\u00f3 al amanecer un ataque m\u00faltiple sin precedentes contra Israel, disparando miles de proyectiles mientras decenas de combatientes cruzaban la protegida frontera por tierra, mar y aire y pillando al pa\u00eds desprevenido en un importante feriado.<\/span><\/p>\n<p><img loading=\"lazy\" decoding=\"async\" class=\"alignnone size-medium wp-image-19148\" src=\"http:\/\/noticiasveracruz.com\/wp-content\/uploads\/2023\/10\/bf54c542-1c6d-4bcd-b282-f97708a25895_alta-libre-aspect-ratio_default_0-300x169.jpg\" alt=\"\" width=\"300\" height=\"169\" srcset=\"https:\/\/noticiasveracruz.com\/wp-content\/uploads\/2023\/10\/bf54c542-1c6d-4bcd-b282-f97708a25895_alta-libre-aspect-ratio_default_0-300x169.jpg 300w, https:\/\/noticiasveracruz.com\/wp-content\/uploads\/2023\/10\/bf54c542-1c6d-4bcd-b282-f97708a25895_alta-libre-aspect-ratio_default_0-1024x576.jpg 1024w, https:\/\/noticiasveracruz.com\/wp-content\/uploads\/2023\/10\/bf54c542-1c6d-4bcd-b282-f97708a25895_alta-libre-aspect-ratio_default_0-768x432.jpg 768w, https:\/\/noticiasveracruz.com\/wp-content\/uploads\/2023\/10\/bf54c542-1c6d-4bcd-b282-f97708a25895_alta-libre-aspect-ratio_default_0.jpg 1200w\" sizes=\"auto, (max-width: 300px) 100vw, 300px\" \/><\/p>\n<p><span style=\"font-size: 14pt;\">A trav\u00e9s de redes sociales, la SRE expuso que M\u00e9xico considera \u201cindispensable retomar el proceso de negociaciones directas y de buena fe entre ambas partes, conducentes a un acuerdo de paz justo, pleno y definitivo. Lo anterior, en el marco de la soluci\u00f3n de los dos Estados, reconociendo el derecho de Israel y Palestina de coexistir en paz, dentro de fronteras seguras acordadas mutuamente e internacionalmente reconocidas, en conformidad a las resoluciones adoptadas por las Naciones Unidas\u201d.<\/span><\/p>\n<p><span style=\"font-size: 14pt;\">Por otra parte, la embajada de M\u00e9xico en Israel convoc\u00f3 a la comunidad mexicana y los visitantes mexicanos en ese pa\u00eds a registrarse o mantener actualizados sus datos y los de sus familiares en el Sistema de Registro para Personas Mexicanas en el Exterior (SIRME): sirme.sre.gob.mx , ello ante las crecientes tensiones.<\/span><\/p>\n","protected":false},"excerpt":{"rendered":"<p>El gobierno mexicano, a trav\u00e9s de la Secretar\u00eda de Relaciones Exteriores (SRE), conden\u00f3 los ataques sufridos por el pueblo de<\/p>\n","protected":false},"author":4,"featured_media":19147,"comment_status":"closed","ping_status":"closed","sticky":false,"template":"","format":"standard","meta":{"colormag_page_container_layout":"default_layout","colormag_page_sidebar_layout":"default_layout","_jetpack_memberships_contains_paid_content":false,"footnotes":"","jetpack_publicize_message":"","jetpack_publicize_feature_enabled":true,"jetpack_social_post_already_shared":true,"jetpack_social_options":{"image_generator_settings":{"template":"highway","default_image_id":0,"font":"","enabled":false},"version":2}},"categories":[355],"tags":[],"class_list":["post-19146","post","type-post","status-publish","format-standard","has-post-thumbnail","hentry","category-internacional"],"jetpack_publicize_connections":[],"jetpack_featured_media_url":"https:\/\/noticiasveracruz.com\/wp-content\/uploads\/2023\/10\/633ad205-2128-4aba-ab18-f819e21e8e96_alta-libre-aspect-ratio_default_0.jpg","jetpack_sharing_enabled":true,"publishpress_future_action":{"enabled":false,"date":"2026-05-08 18:53:54","action":"change-status","newStatus":"draft","terms":[],"taxonomy":"category","extraData":[]},"publishpress_future_workflow_manual_trigger":{"enabledWorkflows":[]},"_links":{"self":[{"href":"https:\/\/noticiasveracruz.com\/index.php\/wp-json\/wp\/v2\/posts\/19146","targetHints":{"allow":["GET"]}}],"collection":[{"href":"https:\/\/noticiasveracruz.com\/index.php\/wp-json\/wp\/v2\/posts"}],"about":[{"href":"https:\/\/noticiasveracruz.com\/index.php\/wp-json\/wp\/v2\/types\/post"}],"author":[{"embeddable":true,"href":"https:\/\/noticiasveracruz.com\/index.php\/wp-json\/wp\/v2\/users\/4"}],"replies":[{"embeddable":true,"href":"https:\/\/noticiasveracruz.com\/index.php\/wp-json\/wp\/v2\/comments?post=19146"}],"version-history":[{"count":0,"href":"https:\/\/noticiasveracruz.com\/index.php\/wp-json\/wp\/v2\/posts\/19146\/revisions"}],"wp:featuredmedia":[{"embeddable":true,"href":"https:\/\/noticiasveracruz.com\/index.php\/wp-json\/wp\/v2\/media\/19147"}],"wp:attachment":[{"href":"https:\/\/noticiasveracruz.com\/index.php\/wp-json\/wp\/v2\/media?parent=19146"}],"wp:term":[{"taxonomy":"category","embeddable":true,"href":"https:\/\/noticiasveracruz.com\/index.php\/wp-json\/wp\/v2\/categories?post=19146"},{"taxonomy":"post_tag","embeddable":true,"href":"https:\/\/noticiasveracruz.com\/index.php\/wp-json\/wp\/v2\/tags?post=19146"}],"curies":[{"name":"wp","href":"https:\/\/api.w.org\/{rel}","templated":true}]}}