{"id":19144,"date":"2023-10-07T13:12:48","date_gmt":"2023-10-07T18:12:48","guid":{"rendered":"https:\/\/noticiasveracruz.com\/?p=19144"},"modified":"2023-10-07T13:12:48","modified_gmt":"2023-10-07T18:12:48","slug":"cheque-en-blanco","status":"publish","type":"post","link":"https:\/\/noticiasveracruz.com\/index.php\/2023\/10\/07\/cheque-en-blanco\/","title":{"rendered":"\u00bfCHEQUE EN BLANCO?"},"content":{"rendered":"<p><span style=\"font-size: 14pt;\"><strong>Por: Ricardo Homs<\/strong><\/span><\/p>\n<p><span style=\"font-size: 14pt;\">El presidente L\u00f3pez Obrador exhibi\u00f3 en su ma\u00f1anera del mi\u00e9rcoles 04 de octubre a varios jueces por sentencias que podr\u00edan ser cuestionables, seg\u00fan la informaci\u00f3n expuesta por \u00e9l.<\/span><\/p>\n<p><span style=\"font-size: 14pt;\">La intenci\u00f3n del presidente, -en el contexto actual-, puede interpretarse como la intenci\u00f3n de desprestigiar al Poder Judicial para someterlo a su voluntad y a sus intereses<\/span><\/p>\n<p><span style=\"font-size: 14pt;\">Debemos reconocer que la inacci\u00f3n del Consejo de la Judicatura Federal frente a las impugnaciones presidenciales debilita su imagen ante la sociedad.<\/span><\/p>\n<p><span style=\"font-size: 14pt;\">El temor a la confrontaci\u00f3n entre el Poder Ejecutivo y el Poder Judicial representa un peligro que puede romper, -tanto el orden social-, como el pol\u00edtico. Esto puede interpretarse como una actitud responsable por parte de la Judicatura, -y desde esa perspectiva-, ha sido elogiable. Sin embargo, esa es una lectura de visi\u00f3n muy corta.<\/span><\/p>\n<p><span style=\"font-size: 14pt;\">No debemos perder de vista el sentir de nuestro pueblo. Las clases vulnerables de este pa\u00eds traen arrastrando una larga historia de agravios por parte de \u201clas autoridades judiciales\u201d. El ciudadano com\u00fan no distingue la diferencia entre un juez federal, -que depende del Consejo de la Judicatura, que es parte del Poder Judicial-, o de un juez local, o un ministerio p\u00fablico que depende de las fiscal\u00edas, -ya sea estatal o la de la rep\u00fablica-, o polic\u00edas, que a su vez pueden ser estatales o municipales.<\/span><\/p>\n<p><span style=\"font-size: 14pt;\">Tambi\u00e9n se debe decir que muchas sentencias absolutorias se derivan de expedientes mal integrados por las fiscal\u00edas, que muchas veces no sustentan fehacientemente las acusaciones en contra de los indiciados por alg\u00fan delito, -lo cual es responsabilidad de quien acusa-, pues los jueces deben resolver sus sentencias con base en la informaci\u00f3n recibida de parte de las fiscal\u00edas.<\/span><\/p>\n<p><span style=\"font-size: 14pt;\">Sin embargo, la inacci\u00f3n y el silencio de la Judicatura Federal permite la construcci\u00f3n de narrativas que capitalizan el resentimiento popular a favor del intento del presidente de modificar, -desde el Congreso de la Uni\u00f3n-, la estructura del Poder Judicial para tomar control de \u00e9l, teniendo la complicidad de la bancada de MORENA, que act\u00faa como \u201coficial\u00eda de partes\u201d de las instrucciones que llegan desde Palacio Nacional.<\/span><\/p>\n<p><span style=\"font-size: 14pt;\">La iniciativa de extinci\u00f3n de 13 de los 14 fideicomisos del Poder Judicial de la Federaci\u00f3n, -al cual pertenecen la Judicatura y la SCJN-, por parte de la bancada de MORENA, representa un acoso sistem\u00e1tico para doblegar a este poder aut\u00f3nomo, a fin de que se alinee con los deseos del presidente L\u00f3pez Obrador.<\/span><\/p>\n<p><span style=\"font-size: 14pt;\">Incluso la narrativa presidencial, -capitalizando el resentimiento colectivo y los agravios ancestrales-, desgasta ante la percepci\u00f3n p\u00fablica el respeto que debe sentir el ciudadano por la ley como garante de la justicia, y esto, dinamita al Estado de Derecho.<\/span><\/p>\n<p><span style=\"font-size: 14pt;\">Es urgente que el Consejo de la Judicatura Federal sea proactiva y asuma la responsabilidad de evaluar la actuaci\u00f3n moral de sus jueces y sancionar a quienes se les descubran conductas constitutivas de corrupci\u00f3n o delitos. De este modo, la autocensura dar\u00e1 un mensaje a la sociedad mexicana de moralidad y \u00e9tica.<\/span><\/p>\n<p><span style=\"font-size: 14pt;\">Cuando los cambios vienen por propia convicci\u00f3n, -desde dentro de las instituciones, y tienen la capacidad castigar conductas il\u00edcitas de sus integrantes-, las instituciones se engrandecen y se blindan a s\u00ed mismas.<\/span><\/p>\n<p><span style=\"font-size: 14pt;\">Por ello el silencio actual no s\u00f3lo muestra debilidad institucional y una actitud defensiva, sino que convierten al Poder Judicial, -de forma integral-, en c\u00f3mplice de la conducta de sus miembros m\u00e1s cuestionables.<\/span><\/p>\n<p><span style=\"font-size: 14pt;\">Que el Poder Judicial requiere reformas es incuestionable, pero que estas partan de propuestas y acciones que surjan de la misma instituci\u00f3n, es fundamental para rescatar el respeto que antes sent\u00eda el mexicano frente a la autoridad, lo cual es evidente que d\u00eda con d\u00eda se va perdiendo.<\/span><\/p>\n<p><span style=\"font-size: 14pt;\">Defender la autonom\u00eda del Poder Judicial de la Federaci\u00f3n es urgente y necesario, pero no puede ser un \u201ccheque en blanco\u201d, pues el Consejo de la Judicatura Federal debe hacer su parte de forma proactiva, y no mantener una actitud reactiva.<\/span><\/p>\n<p><span style=\"font-size: 14pt;\"><strong>M\u00c9XICO\u2026 EXPORTADOR DE VIOLENCIA<\/strong><\/span><\/p>\n<p><span style=\"font-size: 14pt;\">En los tiempos de los gobiernos neoliberales M\u00e9xico se convirti\u00f3 en un importante exportador de autopartes automotrices, autopartes para la industria aeron\u00e1utica, y de muchos productos m\u00e1s que construyeron la econom\u00eda fuerte que hasta hoy tiene M\u00e9xico.<\/span><\/p>\n<p><span style=\"font-size: 14pt;\">Sin embargo, -durante este gobierno-, tristemente vemos que M\u00e9xico se est\u00e1 convirtiendo tambi\u00e9n en un exportador de violencia.<\/span><\/p>\n<p><span style=\"font-size: 14pt;\">Esto destruye la honorabilidad de nuestro pa\u00eds construida en muchas d\u00e9cadas, -y seguramente-, tendr\u00e1 consecuencias para los mexicanos.<\/span><\/p>\n<p><span style=\"font-size: 14pt;\">Hace veinte a\u00f1os los colombianos que viajaban al exterior estaban sometidos a tratos humillantes en el \u00e1rea de migraci\u00f3n de los aeropuertos de muchos pa\u00edses, incluidos los de M\u00e9xico. A\u00fan recordamos la frase peyorativa que no hace mucho tiempo se utilizaba en nuestro pa\u00eds para describir el incremento del narcotr\u00e1fico: \u201cla colombianizaci\u00f3n de M\u00e9xico\u201d.<\/span><\/p>\n<p><span style=\"font-size: 14pt;\">Hoy los colombianos con mucho esfuerzo, -y sus gobiernos con actitud responsable-, han erradicado este estigma que los persegu\u00eda. \u00bfAhora seremos los mexicanos quienes al viajar al exterior tengamos trato humillante, generando desconfianza?<\/span><\/p>\n<p><span style=\"font-size: 14pt;\">La pregunta que flota en el ambiente es: \u00bfpor qu\u00e9 nuestro gobierno no ha tomado las riendas de este grave problema generador de violencia y permite que varias zonas de este pa\u00eds est\u00e9n totalmente controladas por la delincuencia organizada?<\/span><\/p>\n<p><span style=\"font-size: 14pt;\">\u00bfSer\u00e1 una estrategia electoral mandar un mensaje de impunidad a cambio de apoyo a MORENA durante las elecciones del 2024?<\/span><\/p>\n<p><span style=\"font-size: 14pt;\">\u00bfA usted qu\u00e9 le parece?<\/span><\/p>\n","protected":false},"excerpt":{"rendered":"<p>Por: Ricardo Homs El presidente L\u00f3pez Obrador exhibi\u00f3 en su ma\u00f1anera del mi\u00e9rcoles 04 de octubre a varios jueces por<\/p>\n","protected":false},"author":4,"featured_media":3190,"comment_status":"closed","ping_status":"closed","sticky":false,"template":"","format":"standard","meta":{"colormag_page_container_layout":"default_layout","colormag_page_sidebar_layout":"default_layout","_jetpack_memberships_contains_paid_content":false,"footnotes":"","jetpack_publicize_message":"","jetpack_publicize_feature_enabled":true,"jetpack_social_post_already_shared":true,"jetpack_social_options":{"image_generator_settings":{"template":"highway","default_image_id":0,"font":"","enabled":false},"version":2}},"categories":[6],"tags":[],"class_list":["post-19144","post","type-post","status-publish","format-standard","has-post-thumbnail","hentry","category-columnistas"],"jetpack_publicize_connections":[],"jetpack_featured_media_url":"https:\/\/noticiasveracruz.com\/wp-content\/uploads\/2022\/04\/NV-RICARDO-HOMS.png","jetpack_sharing_enabled":true,"publishpress_future_action":{"enabled":false,"date":"2026-05-08 19:37:20","action":"change-status","newStatus":"draft","terms":[],"taxonomy":"category","extraData":[]},"publishpress_future_workflow_manual_trigger":{"enabledWorkflows":[]},"_links":{"self":[{"href":"https:\/\/noticiasveracruz.com\/index.php\/wp-json\/wp\/v2\/posts\/19144","targetHints":{"allow":["GET"]}}],"collection":[{"href":"https:\/\/noticiasveracruz.com\/index.php\/wp-json\/wp\/v2\/posts"}],"about":[{"href":"https:\/\/noticiasveracruz.com\/index.php\/wp-json\/wp\/v2\/types\/post"}],"author":[{"embeddable":true,"href":"https:\/\/noticiasveracruz.com\/index.php\/wp-json\/wp\/v2\/users\/4"}],"replies":[{"embeddable":true,"href":"https:\/\/noticiasveracruz.com\/index.php\/wp-json\/wp\/v2\/comments?post=19144"}],"version-history":[{"count":0,"href":"https:\/\/noticiasveracruz.com\/index.php\/wp-json\/wp\/v2\/posts\/19144\/revisions"}],"wp:featuredmedia":[{"embeddable":true,"href":"https:\/\/noticiasveracruz.com\/index.php\/wp-json\/wp\/v2\/media\/3190"}],"wp:attachment":[{"href":"https:\/\/noticiasveracruz.com\/index.php\/wp-json\/wp\/v2\/media?parent=19144"}],"wp:term":[{"taxonomy":"category","embeddable":true,"href":"https:\/\/noticiasveracruz.com\/index.php\/wp-json\/wp\/v2\/categories?post=19144"},{"taxonomy":"post_tag","embeddable":true,"href":"https:\/\/noticiasveracruz.com\/index.php\/wp-json\/wp\/v2\/tags?post=19144"}],"curies":[{"name":"wp","href":"https:\/\/api.w.org\/{rel}","templated":true}]}}