{"id":19137,"date":"2023-10-06T19:02:00","date_gmt":"2023-10-07T00:02:00","guid":{"rendered":"https:\/\/noticiasveracruz.com\/?p=19137"},"modified":"2023-10-06T19:02:00","modified_gmt":"2023-10-07T00:02:00","slug":"batres-confirma-reapertura-de-primer-tramo-de-linea-1-del-metro","status":"publish","type":"post","link":"https:\/\/noticiasveracruz.com\/index.php\/2023\/10\/06\/batres-confirma-reapertura-de-primer-tramo-de-linea-1-del-metro\/","title":{"rendered":"Batres confirma reapertura de primer tramo de L\u00ednea 1 del Metro"},"content":{"rendered":"<p><span style=\"font-size: 14pt;\">CDMX.- Al presentar el Quinto Informe de Labores, el jefe de Gobierno, Mart\u00ed Batres, se\u00f1al\u00f3 que,\u00a0\u00a0\u201cest\u00e1 al frente del gobierno de la Ciudad de M\u00e9xico, no s\u00f3lo para administrar, sino para transformar\u201d y destac\u00f3 avances en materia de educaci\u00f3n movilidad digitalizaci\u00f3n de gobierno, seguridad, entre otras.<\/span><\/p>\n<p><span style=\"font-size: 14pt;\">En materia de movilidad, Batres adelant\u00f3 que\u00a0el primer tramo en rehabilitaci\u00f3n de\u00a0la L1 (rosa) del Metro, de Salto del Agua a Pantitl\u00e1n, abrir\u00e1 operaciones antes de que termine octubre y se iniciar\u00e1n trabajos en el tramo uno de la L\u00ednea 9, en noviembre pr\u00f3ximo.\u00a0<\/span><\/p>\n<p><img loading=\"lazy\" decoding=\"async\" class=\"alignnone size-medium wp-image-19138\" src=\"http:\/\/noticiasveracruz.com\/wp-content\/uploads\/2023\/10\/linea-1-metro-1-300x200.jpg\" alt=\"\" width=\"300\" height=\"200\" srcset=\"https:\/\/noticiasveracruz.com\/wp-content\/uploads\/2023\/10\/linea-1-metro-1-300x200.jpg 300w, https:\/\/noticiasveracruz.com\/wp-content\/uploads\/2023\/10\/linea-1-metro-1-1024x683.jpg 1024w, https:\/\/noticiasveracruz.com\/wp-content\/uploads\/2023\/10\/linea-1-metro-1-768x512.jpg 768w, https:\/\/noticiasveracruz.com\/wp-content\/uploads\/2023\/10\/linea-1-metro-1.jpg 1200w\" sizes=\"auto, (max-width: 300px) 100vw, 300px\" \/><\/p>\n<h2><span style=\"font-size: 14pt;\">Plan de Movilidad en CDMX<\/span><\/h2>\n<p><span style=\"font-size: 14pt;\">Entre ellos abrir el primer tramo de la l\u00ednea 1 del Metro, antes del 1 de noviembre; concluir las obras de reconstrucci\u00f3n y rehabilitaci\u00f3n de la L\u00ednea 12 del Metro y concluir la l\u00ednea la obra civil del tren interurbano El Insurgente.<\/span><\/p>\n<p><span style=\"font-size: 14pt;\">As\u00ed como entregar el primer apoyo econ\u00f3mico a extrabajadores de la ruta 100\u00a0e iniciar la obra para una nueva l\u00ednea de Metrob\u00fas\u00a0en el oriente de la ciudad.<\/span><\/p>\n","protected":false},"excerpt":{"rendered":"<p>CDMX.- Al presentar el Quinto Informe de Labores, el jefe de Gobierno, Mart\u00ed Batres, se\u00f1al\u00f3 que,\u00a0\u00a0\u201cest\u00e1 al frente del gobierno<\/p>\n","protected":false},"author":4,"featured_media":19139,"comment_status":"closed","ping_status":"closed","sticky":false,"template":"","format":"standard","meta":{"colormag_page_container_layout":"default_layout","colormag_page_sidebar_layout":"default_layout","_jetpack_memberships_contains_paid_content":false,"footnotes":"","jetpack_publicize_message":"","jetpack_publicize_feature_enabled":true,"jetpack_social_post_already_shared":true,"jetpack_social_options":{"image_generator_settings":{"template":"highway","default_image_id":0,"font":"","enabled":false},"version":2}},"categories":[145],"tags":[],"class_list":["post-19137","post","type-post","status-publish","format-standard","has-post-thumbnail","hentry","category-estados"],"jetpack_publicize_connections":[],"jetpack_featured_media_url":"https:\/\/noticiasveracruz.com\/wp-content\/uploads\/2023\/10\/Revisan-avance-de-Linea-1.jpg","jetpack_sharing_enabled":true,"publishpress_future_action":{"enabled":false,"date":"2026-05-08 20:22:10","action":"change-status","newStatus":"draft","terms":[],"taxonomy":"category","extraData":[]},"publishpress_future_workflow_manual_trigger":{"enabledWorkflows":[]},"_links":{"self":[{"href":"https:\/\/noticiasveracruz.com\/index.php\/wp-json\/wp\/v2\/posts\/19137","targetHints":{"allow":["GET"]}}],"collection":[{"href":"https:\/\/noticiasveracruz.com\/index.php\/wp-json\/wp\/v2\/posts"}],"about":[{"href":"https:\/\/noticiasveracruz.com\/index.php\/wp-json\/wp\/v2\/types\/post"}],"author":[{"embeddable":true,"href":"https:\/\/noticiasveracruz.com\/index.php\/wp-json\/wp\/v2\/users\/4"}],"replies":[{"embeddable":true,"href":"https:\/\/noticiasveracruz.com\/index.php\/wp-json\/wp\/v2\/comments?post=19137"}],"version-history":[{"count":0,"href":"https:\/\/noticiasveracruz.com\/index.php\/wp-json\/wp\/v2\/posts\/19137\/revisions"}],"wp:featuredmedia":[{"embeddable":true,"href":"https:\/\/noticiasveracruz.com\/index.php\/wp-json\/wp\/v2\/media\/19139"}],"wp:attachment":[{"href":"https:\/\/noticiasveracruz.com\/index.php\/wp-json\/wp\/v2\/media?parent=19137"}],"wp:term":[{"taxonomy":"category","embeddable":true,"href":"https:\/\/noticiasveracruz.com\/index.php\/wp-json\/wp\/v2\/categories?post=19137"},{"taxonomy":"post_tag","embeddable":true,"href":"https:\/\/noticiasveracruz.com\/index.php\/wp-json\/wp\/v2\/tags?post=19137"}],"curies":[{"name":"wp","href":"https:\/\/api.w.org\/{rel}","templated":true}]}}