{"id":19127,"date":"2023-10-06T12:02:17","date_gmt":"2023-10-06T17:02:17","guid":{"rendered":"https:\/\/noticiasveracruz.com\/?p=19127"},"modified":"2023-10-06T12:02:17","modified_gmt":"2023-10-06T17:02:17","slug":"reconociendo-morenos","status":"publish","type":"post","link":"https:\/\/noticiasveracruz.com\/index.php\/2023\/10\/06\/reconociendo-morenos\/","title":{"rendered":"Reconociendo Morenos"},"content":{"rendered":"<p style=\"font-weight: 400;\"><strong><span style=\"font-size: 14pt;\">Por: Luis Ram\u00edrez Baqueiro<\/span><\/strong><\/p>\n<p style=\"font-weight: 400;\"><span style=\"font-size: 14pt;\"><em>\u201cEl arte de vencer, se aprende en las derrotas.\u201d \u2013 Sim\u00f3n Bol\u00edvar.<\/em><\/span><\/p>\n<p style=\"font-weight: 400;\"><span style=\"font-size: 14pt;\">\u00a0<\/span><\/p>\n<p style=\"font-weight: 400;\"><span style=\"font-size: 14pt;\">Mucho revuelo ha provocado el resultado del Consejo Pol\u00edtico Estatal de Morena realizado el pasado 28 de septiembre.<\/span><\/p>\n<p style=\"font-weight: 400;\"><span style=\"font-size: 14pt;\">Los resultados de todos ya conocidos dejaron algunos inconformes, como era de esperarse, pues muchos se cre\u00edan merecedores de ser tomados en cuenta, aun cuando algunos no tienen ni c\u00f3mo justificar el dispendio gastado en recorridos y reuniones con todos menos con morenistas.<\/span><\/p>\n<p style=\"font-weight: 400;\"><span style=\"font-size: 14pt;\">As\u00ed los cuatro aspirantes electos fueron Roc\u00edo Nahle Garc\u00eda con 123 votos; Claudia Tello Espinosa (56); Zenyazen Escobar Garc\u00eda (96) y Eric Cisneros Burgos (67).<\/span><\/p>\n<p style=\"font-weight: 400;\"><span style=\"font-size: 14pt;\">Caso especial result\u00f3 ser el del ex delegado de la Secretar\u00eda del Bienestar en el Estado, Manuel Huerta Ladr\u00f3n de Guevara, quien obtuvo solo 19 votos.<\/span><\/p>\n<p style=\"font-weight: 400;\"><span style=\"font-size: 14pt;\">Y es que llam\u00f3 la atenci\u00f3n que al menos fueran cerca de una veintena los delegados quienes lo considerar\u00e1n para sustituir en el encargo al mismo Cuitl\u00e1huac Garc\u00eda Jim\u00e9nez, raz\u00f3n por la cual, la dirigencia Estatal de Morena encabezada por Esteban Ram\u00edrez Zepeta, as\u00ed como la presidenta del Consejo Pol\u00edtico de Morena, Dorenhy Garc\u00eda Cayetano, realizaron un llamado para que el Comit\u00e9 Nacional de Encuestas para que lo incluyeran en la encuesta.<\/span><\/p>\n<p style=\"font-weight: 400;\"><span style=\"font-size: 14pt;\">El respald\u00f3 de cerca de 300 mil firmas de ciudadanos beneficiados por los Programas bien avala esa posibilidad, a diferencia de otros que acusan ser veracruzanos y ni votos alcanzaron en la contienda preliminar.<\/span><\/p>\n<p style=\"font-weight: 400;\"><span style=\"font-size: 14pt;\">Ante este escenario, Morena ha entrado en un \u201c<em>impasse<\/em>\u201d en el que se desarrollar\u00e1 el \u201cProceso de Reconocimiento\u201d de al menos 48 militantes, en el que habr\u00e1n de medir a 27 hombres, 20 mujeres y un caso No Binario perteneciente a Morena.<\/span><\/p>\n<p style=\"font-weight: 400;\"><span style=\"font-size: 14pt;\">De resaltar que en el proceso que habr\u00e1 de concluir el 11 de octubre donde se revelar\u00e1n los nombres de los que estar\u00e1n en la encuesta final, ser\u00e1n incluidos tambi\u00e9n los militantes o simpatizantes del Partido del Trabajo (PT) y del Partido Verde Ecologista de M\u00e9xico (PVEM) a quienes se les aplicar\u00e1 el tamiz del reconocimiento.<\/span><\/p>\n<p style=\"font-weight: 400;\"><span style=\"font-size: 14pt;\">As\u00ed que algunos que andan acelerados por intentar aparentar que aparecer\u00e1n en la encuesta, pueden comenzar mejor hacer sus maletitas, porque inclusive se sabe que las declinaciones a favor de la Ingeniera Roc\u00edo Nahle Garc\u00eda comenzaron ya.<\/span><\/p>\n<p style=\"font-weight: 400;\"><span style=\"font-size: 14pt;\">Marcelistas han hecho lo propio de la mano de personajes como el diputado local Luis Antonio Luna Rosales quien ven\u00eda siendo el principal operador del ex canciller Marcelo Ebrard en Veracruz, quienes abiertamente se han manifestado ya a favor de Claudia Sheinbaum y de Nahle Garc\u00eda para la Coordinaci\u00f3n Estatal.<\/span><\/p>\n<p style=\"font-weight: 400;\"><span style=\"font-size: 14pt;\">Otro caso es el del diputado local Hugo Gonz\u00e1lez Saavedra, que fuera vicepresidente de la Mesa Directiva del Congreso por el PAN, pero que ahora opera a sus huestes a favor de Morena en la regi\u00f3n de Huatusco y quien tambi\u00e9n ya declin\u00f3 a favor de Sheinbaum y Nahle.<\/span><\/p>\n<p style=\"font-weight: 400;\"><span style=\"font-size: 14pt;\">Tenemos conocimiento que otros grupos importantes del sector productivo de Veracruz, identificados en su momento con el diputado federal Sergio Guti\u00e9rrez Luna han comenzado a pedir el cobijo en el proyecto puntero, pues afirman que el personaje los timo, por eso le piden se regrese a Sonora donde junto al ex gobernador Guillermo Padr\u00e9s El\u00edas hicieron mil y un tropel\u00edas, aunque sentencian que por all\u00e1 no se puede parar pues el actual Gobernador, Alfonso Durazo lo tiene sentenciado, te presentas por aqu\u00ed y te meto a la c\u00e1rcel. \u00bfSer\u00e1?<\/span><\/p>\n<p style=\"font-weight: 400;\"><span style=\"font-size: 14pt;\">\u00a0Al tiempo.<\/span><\/p>\n<p><img loading=\"lazy\" decoding=\"async\" class=\"alignnone size-medium wp-image-19096\" src=\"http:\/\/noticiasveracruz.com\/wp-content\/uploads\/2023\/10\/FIRMA-EDITORIAL-PD-1-300x37.jpg\" alt=\"\" width=\"300\" height=\"37\" srcset=\"https:\/\/noticiasveracruz.com\/wp-content\/uploads\/2023\/10\/FIRMA-EDITORIAL-PD-1-300x37.jpg 300w, https:\/\/noticiasveracruz.com\/wp-content\/uploads\/2023\/10\/FIRMA-EDITORIAL-PD-1-768x94.jpg 768w, https:\/\/noticiasveracruz.com\/wp-content\/uploads\/2023\/10\/FIRMA-EDITORIAL-PD-1.jpg 1024w\" sizes=\"auto, (max-width: 300px) 100vw, 300px\" \/><\/p>\n","protected":false},"excerpt":{"rendered":"<p>Por: Luis Ram\u00edrez Baqueiro \u201cEl arte de vencer, se aprende en las derrotas.\u201d \u2013 Sim\u00f3n Bol\u00edvar. \u00a0 Mucho revuelo ha<\/p>\n","protected":false},"author":4,"featured_media":3572,"comment_status":"closed","ping_status":"closed","sticky":false,"template":"","format":"standard","meta":{"colormag_page_container_layout":"default_layout","colormag_page_sidebar_layout":"default_layout","_jetpack_memberships_contains_paid_content":false,"footnotes":"","jetpack_publicize_message":"","jetpack_publicize_feature_enabled":true,"jetpack_social_post_already_shared":true,"jetpack_social_options":{"image_generator_settings":{"template":"highway","default_image_id":0,"font":"","enabled":false},"version":2}},"categories":[1],"tags":[],"class_list":["post-19127","post","type-post","status-publish","format-standard","has-post-thumbnail","hentry","category-sin-categoria"],"jetpack_publicize_connections":[],"jetpack_featured_media_url":"https:\/\/noticiasveracruz.com\/wp-content\/uploads\/2022\/04\/LUIS-RAMI\u0301REZ-BAQUEIRO.png","jetpack_sharing_enabled":true,"publishpress_future_action":{"enabled":false,"date":"2026-05-08 08:49:37","action":"change-status","newStatus":"draft","terms":[],"taxonomy":"category","extraData":[]},"publishpress_future_workflow_manual_trigger":{"enabledWorkflows":[]},"_links":{"self":[{"href":"https:\/\/noticiasveracruz.com\/index.php\/wp-json\/wp\/v2\/posts\/19127","targetHints":{"allow":["GET"]}}],"collection":[{"href":"https:\/\/noticiasveracruz.com\/index.php\/wp-json\/wp\/v2\/posts"}],"about":[{"href":"https:\/\/noticiasveracruz.com\/index.php\/wp-json\/wp\/v2\/types\/post"}],"author":[{"embeddable":true,"href":"https:\/\/noticiasveracruz.com\/index.php\/wp-json\/wp\/v2\/users\/4"}],"replies":[{"embeddable":true,"href":"https:\/\/noticiasveracruz.com\/index.php\/wp-json\/wp\/v2\/comments?post=19127"}],"version-history":[{"count":0,"href":"https:\/\/noticiasveracruz.com\/index.php\/wp-json\/wp\/v2\/posts\/19127\/revisions"}],"wp:featuredmedia":[{"embeddable":true,"href":"https:\/\/noticiasveracruz.com\/index.php\/wp-json\/wp\/v2\/media\/3572"}],"wp:attachment":[{"href":"https:\/\/noticiasveracruz.com\/index.php\/wp-json\/wp\/v2\/media?parent=19127"}],"wp:term":[{"taxonomy":"category","embeddable":true,"href":"https:\/\/noticiasveracruz.com\/index.php\/wp-json\/wp\/v2\/categories?post=19127"},{"taxonomy":"post_tag","embeddable":true,"href":"https:\/\/noticiasveracruz.com\/index.php\/wp-json\/wp\/v2\/tags?post=19127"}],"curies":[{"name":"wp","href":"https:\/\/api.w.org\/{rel}","templated":true}]}}