{"id":19119,"date":"2023-10-06T09:17:01","date_gmt":"2023-10-06T14:17:01","guid":{"rendered":"https:\/\/noticiasveracruz.com\/?p=19119"},"modified":"2023-10-06T09:17:01","modified_gmt":"2023-10-06T14:17:01","slug":"300-mil-menores-realizan-trabajo-infantil-inegi","status":"publish","type":"post","link":"https:\/\/noticiasveracruz.com\/index.php\/2023\/10\/06\/300-mil-menores-realizan-trabajo-infantil-inegi\/","title":{"rendered":"300 mil menores realizan trabajo infantil: INEGI"},"content":{"rendered":"<p><span style=\"font-size: 14pt;\">Xalapa.- En el estado de Veracruz casi 300 mil ni\u00f1os y adolescentes de entre 5 a 17 a\u00f1os de edad realizan trabajo infantil, lo que se traduce en el 16.3 por ciento del total de la poblaci\u00f3n en ese rango de edad, inform\u00f3 el Instituto Nacional de Estad\u00edstica y Geograf\u00eda (INEGI).<\/span><\/p>\n<p><span style=\"font-size: 14pt;\">De acuerdo con la Encuesta Nacional de Trabajo Infantil de 2022, con esa cifra la entidad veracruzana se ubica en el noveno lugar a nivel nacional entre los estados con mayor tasa y tiene un porcentaje superior al promedio nacional que es de 13.1 por ciento.<\/span><\/p>\n<p><span style=\"font-size: 14pt;\">En el estado de Veracruz se increment\u00f3 el porcentaje de menores de edad en trabajo infantil al pasar de 13.1 por ciento en el 2019 a 16.3 por ciento en el 2022. Cabe destacar que de los 289 mil 925 menores de edad que realizan trabajo infantil en Veracruz el 8.7 por ciento; es decir, 25 mil 223 se ubican en alguna ocupaci\u00f3n no permitida.<\/span><\/p>\n<p><img loading=\"lazy\" decoding=\"async\" class=\"alignnone size-medium wp-image-19121\" src=\"http:\/\/noticiasveracruz.com\/wp-content\/uploads\/2023\/10\/10a1-300x200.jpg\" alt=\"\" width=\"300\" height=\"200\" srcset=\"https:\/\/noticiasveracruz.com\/wp-content\/uploads\/2023\/10\/10a1-300x200.jpg 300w, https:\/\/noticiasveracruz.com\/wp-content\/uploads\/2023\/10\/10a1-1024x682.jpg 1024w, https:\/\/noticiasveracruz.com\/wp-content\/uploads\/2023\/10\/10a1-768x512.jpg 768w, https:\/\/noticiasveracruz.com\/wp-content\/uploads\/2023\/10\/10a1.jpg 1120w\" sizes=\"auto, (max-width: 300px) 100vw, 300px\" \/><\/p>\n<p><span style=\"font-size: 14pt;\">Esto tambi\u00e9n significa para la entidad veracruzana ubicarse en d\u00e9cimo lugar entre los estados con mayor tasa de trabajo infantil en ocupaciones no permitida, incluso por arriba del promedio nacional que es de 7.5 por ciento.<\/span><\/p>\n<p><span style=\"font-size: 14pt;\">Las actividades no permitidas se ubican en el sector agropecuario, industria manufacturera, construcci\u00f3n, comercio, entre otros.<\/span><\/p>\n<p><span style=\"font-size: 14pt;\">El INEGI tambi\u00e9n revela que el 8 por ciento de la poblaci\u00f3n de entre 5 a 17 a\u00f1os de edad en Veracruz, poco m\u00e1s de 23 mil menores de edad realizan alguna ocupaci\u00f3n peligrosa, en actividades con exposici\u00f3n a riesgos, actividades que afectan la salud y desarrollo, o bien tienen jornada de trabajo no apr\u00f3pialas o en horarios prolongados.<\/span><\/p>\n<p><span style=\"font-size: 14pt;\">La encuesta tambi\u00e9n da a conocer que el 8.7 por ciento de los casi 300 mil menores que realizan trabajo infantil en la entidad desempe\u00f1an quehaceres dom\u00e9sticos en condiciones no adecuadas.<\/span><\/p>\n<p><span style=\"font-size: 14pt;\">Cabe destacar que a nivel nacional son 3.7 millones de menores de edad que realizan trabajo infantil, lo que representa el 13.1 por ciento de la poblaci\u00f3n de entre 5 a 17 a\u00f1os de edad que son 28.4 millones en el pa\u00eds.<\/span><\/p>\n<p><span style=\"font-size: 14pt;\">El director general del INEGI, Mauricio Rodr\u00edguez Abreu, dijo que en ocupaci\u00f3n no permitida son 2.1 millones y en quehaceres dom\u00e9sticos no adecuados suman 1.9 millones de personas entre 5 a 17 a\u00f1os de edad.<\/span><\/p>\n<p><span style=\"font-size: 14pt;\">Indic\u00f3 que los principales problemas que llevaron a los ni\u00f1os y adolescentes a realizar trabajo infantil son principalmente los precios elevados de los productos alimenticios, dejar de recibir apoyos monetarios, p\u00e9rdida de ingresos por negocios familiares, entre otros.<\/span><\/p>\n","protected":false},"excerpt":{"rendered":"<p>Xalapa.- En el estado de Veracruz casi 300 mil ni\u00f1os y adolescentes de entre 5 a 17 a\u00f1os de edad<\/p>\n","protected":false},"author":4,"featured_media":19120,"comment_status":"closed","ping_status":"closed","sticky":false,"template":"","format":"standard","meta":{"colormag_page_container_layout":"default_layout","colormag_page_sidebar_layout":"default_layout","_jetpack_memberships_contains_paid_content":false,"footnotes":"","jetpack_publicize_message":"","jetpack_publicize_feature_enabled":true,"jetpack_social_post_already_shared":true,"jetpack_social_options":{"image_generator_settings":{"template":"highway","default_image_id":0,"font":"","enabled":false},"version":2}},"categories":[356],"tags":[],"class_list":["post-19119","post","type-post","status-publish","format-standard","has-post-thumbnail","hentry","category-veracruz"],"jetpack_publicize_connections":[],"jetpack_featured_media_url":"https:\/\/noticiasveracruz.com\/wp-content\/uploads\/2023\/10\/10a-1-scaled.jpg","jetpack_sharing_enabled":true,"publishpress_future_action":{"enabled":false,"date":"2026-05-08 06:32:17","action":"change-status","newStatus":"draft","terms":[],"taxonomy":"category","extraData":[]},"publishpress_future_workflow_manual_trigger":{"enabledWorkflows":[]},"_links":{"self":[{"href":"https:\/\/noticiasveracruz.com\/index.php\/wp-json\/wp\/v2\/posts\/19119","targetHints":{"allow":["GET"]}}],"collection":[{"href":"https:\/\/noticiasveracruz.com\/index.php\/wp-json\/wp\/v2\/posts"}],"about":[{"href":"https:\/\/noticiasveracruz.com\/index.php\/wp-json\/wp\/v2\/types\/post"}],"author":[{"embeddable":true,"href":"https:\/\/noticiasveracruz.com\/index.php\/wp-json\/wp\/v2\/users\/4"}],"replies":[{"embeddable":true,"href":"https:\/\/noticiasveracruz.com\/index.php\/wp-json\/wp\/v2\/comments?post=19119"}],"version-history":[{"count":0,"href":"https:\/\/noticiasveracruz.com\/index.php\/wp-json\/wp\/v2\/posts\/19119\/revisions"}],"wp:featuredmedia":[{"embeddable":true,"href":"https:\/\/noticiasveracruz.com\/index.php\/wp-json\/wp\/v2\/media\/19120"}],"wp:attachment":[{"href":"https:\/\/noticiasveracruz.com\/index.php\/wp-json\/wp\/v2\/media?parent=19119"}],"wp:term":[{"taxonomy":"category","embeddable":true,"href":"https:\/\/noticiasveracruz.com\/index.php\/wp-json\/wp\/v2\/categories?post=19119"},{"taxonomy":"post_tag","embeddable":true,"href":"https:\/\/noticiasveracruz.com\/index.php\/wp-json\/wp\/v2\/tags?post=19119"}],"curies":[{"name":"wp","href":"https:\/\/api.w.org\/{rel}","templated":true}]}}