{"id":19115,"date":"2023-10-06T09:07:46","date_gmt":"2023-10-06T14:07:46","guid":{"rendered":"https:\/\/noticiasveracruz.com\/?p=19115"},"modified":"2023-10-06T09:07:46","modified_gmt":"2023-10-06T14:07:46","slug":"cuestiona-sheinbaum-propuesta-de-calderon","status":"publish","type":"post","link":"https:\/\/noticiasveracruz.com\/index.php\/2023\/10\/06\/cuestiona-sheinbaum-propuesta-de-calderon\/","title":{"rendered":"Cuestiona Sheinbaum propuesta de Calder\u00f3n"},"content":{"rendered":"<p><span style=\"font-size: 14pt;\">Al responder a las preguntas de los internautas durante una transmisi\u00f3n en Facebook, Claudia Sheinbaum, Coordinadora Nacional de los Comit\u00e9s de Defensa de la Transformaci\u00f3n, cuestion\u00f3 que el ex presidente Felipe Calder\u00f3n haya propuesto que Estados Unidos vigile las pr\u00f3ximas elecciones.<\/span><\/p>\n<p class=\"western\"><span style=\"font-size: 14pt;\">Critic\u00f3 que \u201cun presidente que lleg\u00f3 con un fraude electoral, un presidente espurio que lleg\u00f3 con un fraude electoral, que \u00e9l mismo dijo: \u2018haiga sido como haiga sido\u2019, ahora pide que Estados Unidos vigile las elecciones. No es necesario, nosotros somos los dem\u00f3cratas, si nosotros toda la vida hemos luchado por la democracia\u201d.<\/span><\/p>\n<p class=\"western\"><span style=\"font-size: 14pt;\">Enseguida, agreg\u00f3: \u201cC\u00f3mo es posible que pidan que un gobierno extranjero intervenga en temas que solo competen a los mexicanos y mexicanas. Las elecciones las cuida el pueblo de M\u00e9xico, por eso el Presidente L\u00f3pez Obrador gan\u00f3 por una amplia mayor\u00eda en 2018 y por eso la transformaci\u00f3n no tiene marcha atr\u00e1s, porque eso es lo que desea el pueblo de M\u00e9xico. As\u00ed va a ser, as\u00ed que no anden pidiendo intervenci\u00f3n en otro lado\u2026 muy mal Calder\u00f3n, como siempre, \u00bfque pod\u00edamos esperar?\u201d.<\/span><\/p>\n<p><img loading=\"lazy\" decoding=\"async\" class=\"size-medium wp-image-19116\" src=\"http:\/\/noticiasveracruz.com\/wp-content\/uploads\/2023\/10\/felipe-calderon-300x200.jpg\" alt=\"\" width=\"300\" height=\"200\" srcset=\"https:\/\/noticiasveracruz.com\/wp-content\/uploads\/2023\/10\/felipe-calderon-300x200.jpg 300w, https:\/\/noticiasveracruz.com\/wp-content\/uploads\/2023\/10\/felipe-calderon-1024x681.jpg 1024w, https:\/\/noticiasveracruz.com\/wp-content\/uploads\/2023\/10\/felipe-calderon-768x511.jpg 768w, https:\/\/noticiasveracruz.com\/wp-content\/uploads\/2023\/10\/felipe-calderon-1536x1022.jpg 1536w, https:\/\/noticiasveracruz.com\/wp-content\/uploads\/2023\/10\/felipe-calderon-2048x1362.jpg 2048w\" sizes=\"auto, (max-width: 300px) 100vw, 300px\" \/><\/p>\n<p class=\"western\"><span style=\"font-size: 14pt;\">Durante la transmisi\u00f3n en vivo que realiz\u00f3 la tarde de este jueves, compar\u00f3 los hechos del 2 de octubre de 1968 con \u201cla guerra contra el narco de Calder\u00f3n\u201d, ya que, dijo, \u201chay algo muy parecido en el sentido de que se utiliza la violencia como una forma de resolver los problemas del pa\u00eds. Una persona que declara la propia guerra en su territorio\u201d.<\/span><\/p>\n<p class=\"western\"><span style=\"font-size: 14pt;\">Y ante el di\u00e1logo de Alto Nivel en materia de seguridad entre el presidente Andr\u00e9s Manuel L\u00f3pez Obrador, con el secretario de Estado de Estados Unidos, Antony Blinken, y el secretario de Seguridad Interna de ese pa\u00eds, Alejandro Mayorkas, la l\u00edder de la cuarta transformaci\u00f3n sostuvo que, aunque hay que detener la producci\u00f3n de fentanilo, tambi\u00e9n debe ser tratado como un problema de salud p\u00fablica y como de adicciones, porque \u00aben la que medida que aumente el consumo de fentanilo, particularmente en EU, la gente lo va a buscar porque es de las drogas m\u00e1s adictivas que existe\u201d.<\/span><\/p>\n<p class=\"western\"><span style=\"font-size: 14pt;\">En tanto, sobre el di\u00e1logo en materia de migraci\u00f3n, recalc\u00f3 que \u201cla soluci\u00f3n m\u00e1s de fondo y la m\u00e1s humana tiene que ver con la cooperaci\u00f3n para el desarrollo. Si hay apoyo en el lugar donde vive la gente que est\u00e1 migrando, entonces no va a haber esa migraci\u00f3n\u201d.<\/span><\/p>\n<p class=\"western\"><span style=\"font-size: 14pt;\">Tras referir que el presidente estadunidense Joe Biden expuso que la gente no migra por \u201caventura\u201d sino por necesidad, subray\u00f3: \u201cSi en vez de invertir en guerras, se invierte en la construcci\u00f3n de la paz, muchos problemas se resolver\u00edan en el mundo: la migraci\u00f3n y tambi\u00e9n el tr\u00e1fico de drogas\u201d.<\/span><\/p>\n<p class=\"western\"><span style=\"font-size: 14pt;\">Mientras que ,sobre el proceso interno en la Ciudad de M\u00e9xico para definir la coordinaci\u00f3n estatal de defensa de la transformaci\u00f3n, y quien habr\u00e1 de asumir la candidatura a la jefatura de Gobierno en 2024, la ex mandataria capitalina insisti\u00f3 que ser\u00e1 la poblaci\u00f3n la que decida, y \u201chay que repostar la decisi\u00f3n del pueblo\u201d.<\/span><\/p>\n<p class=\"western\"><span style=\"font-size: 14pt;\">De igual forma, apunt\u00f3 que \u201chay que mantener la unidad, a quien mantiene la unidad siempre le va bien\u201d.<\/span><\/p>\n<p class=\"western\"><span style=\"font-size: 14pt;\">Sheinbaum Pardo adelant\u00f3 que esta tarde sostendr\u00e1 una reuni\u00f3n privada con morenistas en Toluca, mientras que ma\u00f1ana acudir\u00e1 a una reuni\u00f3n con simpatizantes en Nayarit.<\/span><\/p>\n","protected":false},"excerpt":{"rendered":"<p>Al responder a las preguntas de los internautas durante una transmisi\u00f3n en Facebook, Claudia Sheinbaum, Coordinadora Nacional de los Comit\u00e9s<\/p>\n","protected":false},"author":4,"featured_media":19117,"comment_status":"closed","ping_status":"closed","sticky":false,"template":"","format":"standard","meta":{"colormag_page_container_layout":"default_layout","colormag_page_sidebar_layout":"default_layout","_jetpack_memberships_contains_paid_content":false,"footnotes":"","jetpack_publicize_message":"","jetpack_publicize_feature_enabled":true,"jetpack_social_post_already_shared":true,"jetpack_social_options":{"image_generator_settings":{"template":"highway","default_image_id":0,"font":"","enabled":false},"version":2}},"categories":[4],"tags":[],"class_list":["post-19115","post","type-post","status-publish","format-standard","has-post-thumbnail","hentry","category-nacional"],"jetpack_publicize_connections":[],"jetpack_featured_media_url":"https:\/\/noticiasveracruz.com\/wp-content\/uploads\/2023\/10\/R.png","jetpack_sharing_enabled":true,"publishpress_future_action":{"enabled":false,"date":"2026-05-08 05:40:42","action":"change-status","newStatus":"draft","terms":[],"taxonomy":"category","extraData":[]},"publishpress_future_workflow_manual_trigger":{"enabledWorkflows":[]},"_links":{"self":[{"href":"https:\/\/noticiasveracruz.com\/index.php\/wp-json\/wp\/v2\/posts\/19115","targetHints":{"allow":["GET"]}}],"collection":[{"href":"https:\/\/noticiasveracruz.com\/index.php\/wp-json\/wp\/v2\/posts"}],"about":[{"href":"https:\/\/noticiasveracruz.com\/index.php\/wp-json\/wp\/v2\/types\/post"}],"author":[{"embeddable":true,"href":"https:\/\/noticiasveracruz.com\/index.php\/wp-json\/wp\/v2\/users\/4"}],"replies":[{"embeddable":true,"href":"https:\/\/noticiasveracruz.com\/index.php\/wp-json\/wp\/v2\/comments?post=19115"}],"version-history":[{"count":0,"href":"https:\/\/noticiasveracruz.com\/index.php\/wp-json\/wp\/v2\/posts\/19115\/revisions"}],"wp:featuredmedia":[{"embeddable":true,"href":"https:\/\/noticiasveracruz.com\/index.php\/wp-json\/wp\/v2\/media\/19117"}],"wp:attachment":[{"href":"https:\/\/noticiasveracruz.com\/index.php\/wp-json\/wp\/v2\/media?parent=19115"}],"wp:term":[{"taxonomy":"category","embeddable":true,"href":"https:\/\/noticiasveracruz.com\/index.php\/wp-json\/wp\/v2\/categories?post=19115"},{"taxonomy":"post_tag","embeddable":true,"href":"https:\/\/noticiasveracruz.com\/index.php\/wp-json\/wp\/v2\/tags?post=19115"}],"curies":[{"name":"wp","href":"https:\/\/api.w.org\/{rel}","templated":true}]}}