{"id":19110,"date":"2023-10-06T08:57:19","date_gmt":"2023-10-06T13:57:19","guid":{"rendered":"https:\/\/noticiasveracruz.com\/?p=19110"},"modified":"2023-10-06T08:58:00","modified_gmt":"2023-10-06T13:58:00","slug":"supera-imss-barrera-de-22-millones-de-puestos-de-trabajo-asegurados","status":"publish","type":"post","link":"https:\/\/noticiasveracruz.com\/index.php\/2023\/10\/06\/supera-imss-barrera-de-22-millones-de-puestos-de-trabajo-asegurados\/","title":{"rendered":"Supera IMSS barrera de 22 millones de puestos de trabajo asegurados"},"content":{"rendered":"<p><span style=\"font-size: 14pt;\">El Instituto Mexicano del Seguro Social (IMSS) report\u00f3 que \u201cpor primera ocasi\u00f3n en la historia se supera la barrera de los 22 millones de puestos asegurados\u201d, pues en el reporte al 30 de septiembre de 2023 se tienen registrados ante el Instituto 22 millones 129 mil 433 empleos.<\/span><\/p>\n<p class=\"western\"><span style=\"font-size: 14pt;\">De ellos, 86.1 por ciento son permanentes y 13.9 por ciento son eventuales.<\/span><br \/>\n<span style=\"font-size: 14pt;\">Asimismo destac\u00f3 que en septiembre pasado se crearon 132 mil 558 puestos, lo que representa un 0.6 por ciento de crecimiento respecto al mes previo.<\/span><\/p>\n<p class=\"western\"><span style=\"font-size: 14pt;\">As\u00ed en lo que va de este a\u00f1o se han creado 756 mil 537 empleos, y de ellos 72.1 por ciento corresponde a puestos permanentes.<\/span><\/p>\n<p><img loading=\"lazy\" decoding=\"async\" class=\"alignnone size-medium wp-image-19111\" src=\"http:\/\/noticiasveracruz.com\/wp-content\/uploads\/2023\/10\/1100zBa7bVQYqi-300x184.jpg\" alt=\"\" width=\"300\" height=\"184\" srcset=\"https:\/\/noticiasveracruz.com\/wp-content\/uploads\/2023\/10\/1100zBa7bVQYqi-300x184.jpg 300w, https:\/\/noticiasveracruz.com\/wp-content\/uploads\/2023\/10\/1100zBa7bVQYqi-768x472.jpg 768w, https:\/\/noticiasveracruz.com\/wp-content\/uploads\/2023\/10\/1100zBa7bVQYqi.jpg 977w\" sizes=\"auto, (max-width: 300px) 100vw, 300px\" \/><\/p>\n<p class=\"western\"><span style=\"font-size: 14pt;\">\u201cDicho aumento, es de 208 mil 576 puestos m\u00e1s que la variaci\u00f3n promedio de los \u00faltimos 10 a\u00f1os en periodos comparables (547 mil 961).<\/span><br \/>\n<span style=\"font-size: 14pt;\">En los \u00faltimos doce meses se registr\u00f3 aumento de 720 mil 75 trabajadores asegurados, que equivale a una tasa anual de 3.4 por ciento. De la creaci\u00f3n de empleo anual, 73.8 por ciento corresponde a empleos permanentes.<\/span><\/p>\n<p class=\"western\"><span style=\"font-size: 14pt;\">Los sectores econ\u00f3micos con el mayor crecimiento porcentual anual en puestos de trabajo son el de la construcci\u00f3n con 9.4 por ciento, transportes y comunicaciones con 5 por ciento y comercio con 4.1 por ciento.<\/span><\/p>\n<p class=\"western\"><span style=\"font-size: 14pt;\">En cuanto a las entidades federativas, destacan Quintana Roo y Nayarit con aumentos anuales que superan el 7 por ciento.<\/span><br \/>\n<span style=\"font-size: 14pt;\">Respecto al monto del salario, al cierre de septiembre 2023, el salario base de cotizaci\u00f3n promedio de los puestos de trabajo afiliados al Instituto alcanz\u00f3 los 532.2 pesos.<\/span><\/p>\n<p class=\"western\"><span style=\"font-size: 14pt;\">Ese salario representa un incremento anual nominal de 10.7 por ciento, \u201cel segundo m\u00e1s alto registrado de los \u00faltimos 22 a\u00f1os considerando solo septiembres y, desde enero de 2019, el salario base de cotizaci\u00f3n mantiene aumentos anuales nominales iguales o superiores al 6 por ciento.<\/span><\/p>\n","protected":false},"excerpt":{"rendered":"<p>El Instituto Mexicano del Seguro Social (IMSS) report\u00f3 que \u201cpor primera ocasi\u00f3n en la historia se supera la barrera de<\/p>\n","protected":false},"author":4,"featured_media":19112,"comment_status":"closed","ping_status":"closed","sticky":false,"template":"","format":"standard","meta":{"colormag_page_container_layout":"default_layout","colormag_page_sidebar_layout":"default_layout","_jetpack_memberships_contains_paid_content":false,"footnotes":"","jetpack_publicize_message":"","jetpack_publicize_feature_enabled":true,"jetpack_social_post_already_shared":true,"jetpack_social_options":{"image_generator_settings":{"template":"highway","default_image_id":0,"font":"","enabled":false},"version":2}},"categories":[4],"tags":[],"class_list":["post-19110","post","type-post","status-publish","format-standard","has-post-thumbnail","hentry","category-nacional"],"jetpack_publicize_connections":[],"jetpack_featured_media_url":"https:\/\/noticiasveracruz.com\/wp-content\/uploads\/2023\/10\/b0239279-imss-general.jpeg","jetpack_sharing_enabled":true,"publishpress_future_action":{"enabled":false,"date":"2026-05-08 05:00:06","action":"change-status","newStatus":"draft","terms":[],"taxonomy":"category","extraData":[]},"publishpress_future_workflow_manual_trigger":{"enabledWorkflows":[]},"_links":{"self":[{"href":"https:\/\/noticiasveracruz.com\/index.php\/wp-json\/wp\/v2\/posts\/19110","targetHints":{"allow":["GET"]}}],"collection":[{"href":"https:\/\/noticiasveracruz.com\/index.php\/wp-json\/wp\/v2\/posts"}],"about":[{"href":"https:\/\/noticiasveracruz.com\/index.php\/wp-json\/wp\/v2\/types\/post"}],"author":[{"embeddable":true,"href":"https:\/\/noticiasveracruz.com\/index.php\/wp-json\/wp\/v2\/users\/4"}],"replies":[{"embeddable":true,"href":"https:\/\/noticiasveracruz.com\/index.php\/wp-json\/wp\/v2\/comments?post=19110"}],"version-history":[{"count":0,"href":"https:\/\/noticiasveracruz.com\/index.php\/wp-json\/wp\/v2\/posts\/19110\/revisions"}],"wp:featuredmedia":[{"embeddable":true,"href":"https:\/\/noticiasveracruz.com\/index.php\/wp-json\/wp\/v2\/media\/19112"}],"wp:attachment":[{"href":"https:\/\/noticiasveracruz.com\/index.php\/wp-json\/wp\/v2\/media?parent=19110"}],"wp:term":[{"taxonomy":"category","embeddable":true,"href":"https:\/\/noticiasveracruz.com\/index.php\/wp-json\/wp\/v2\/categories?post=19110"},{"taxonomy":"post_tag","embeddable":true,"href":"https:\/\/noticiasveracruz.com\/index.php\/wp-json\/wp\/v2\/tags?post=19110"}],"curies":[{"name":"wp","href":"https:\/\/api.w.org\/{rel}","templated":true}]}}