{"id":19090,"date":"2023-10-05T19:05:33","date_gmt":"2023-10-06T00:05:33","guid":{"rendered":"https:\/\/noticiasveracruz.com\/?p=19090"},"modified":"2023-10-05T19:05:33","modified_gmt":"2023-10-06T00:05:33","slug":"familias-tuxpenas-beneficiadas-con-la-jornada-de-salud-visual-realizada-en-planta-baja-de-presidencia-municipal","status":"publish","type":"post","link":"https:\/\/noticiasveracruz.com\/index.php\/2023\/10\/05\/familias-tuxpenas-beneficiadas-con-la-jornada-de-salud-visual-realizada-en-planta-baja-de-presidencia-municipal\/","title":{"rendered":"Familias tuxpe\u00f1as beneficiadas con la jornada de salud visual realizada en planta baja de presidencia municipal"},"content":{"rendered":"<p><span style=\"font-size: 14pt;\"><strong>\u2022 Ma\u00f1ana viernes, la Jornada se trasladar\u00e1 a Praxedis Guerrero Km.18<\/strong><\/span><\/p>\n<p><span style=\"font-size: 14pt;\">Tuxpan, Ver.- Este jueves se llev\u00f3 a cabo la Jornada de Salud Visual que realiza la Sindicatura \u00danica del Gobierno de Tuxpan, con el objetivo de preservar la salud y generar bienestar en las familias tuxpe\u00f1as.<\/span><\/p>\n<p><img loading=\"lazy\" decoding=\"async\" class=\"alignnone size-medium wp-image-19092\" src=\"http:\/\/noticiasveracruz.com\/wp-content\/uploads\/2023\/10\/WhatsApp-Image-2023-10-05-at-17.59.031-300x225.jpeg\" alt=\"\" width=\"300\" height=\"225\" srcset=\"https:\/\/noticiasveracruz.com\/wp-content\/uploads\/2023\/10\/WhatsApp-Image-2023-10-05-at-17.59.031-300x225.jpeg 300w, https:\/\/noticiasveracruz.com\/wp-content\/uploads\/2023\/10\/WhatsApp-Image-2023-10-05-at-17.59.031-1024x768.jpeg 1024w, https:\/\/noticiasveracruz.com\/wp-content\/uploads\/2023\/10\/WhatsApp-Image-2023-10-05-at-17.59.031-768x576.jpeg 768w, https:\/\/noticiasveracruz.com\/wp-content\/uploads\/2023\/10\/WhatsApp-Image-2023-10-05-at-17.59.031-1536x1152.jpeg 1536w, https:\/\/noticiasveracruz.com\/wp-content\/uploads\/2023\/10\/WhatsApp-Image-2023-10-05-at-17.59.031-2048x1536.jpeg 2048w\" sizes=\"auto, (max-width: 300px) 100vw, 300px\" \/><\/p>\n<p><span style=\"font-size: 14pt;\">Especialistas de Grupo \u00d3ptico del Totonacapan atendieron a alrededor de 40 personas que acudieron a la planta baja del Palacio Municipal a practicarse de manera gratuita el examen de la vista para detectar alguna patolog\u00eda, defecto o infecci\u00f3n visual.<\/span><\/p>\n<p><span style=\"font-size: 14pt;\">Quienes asistieron tambi\u00e9n tuvieron oportunidad de adquirir anteojos a muy bajo costo.<\/span><\/p>\n<p><img loading=\"lazy\" decoding=\"async\" class=\"alignnone size-medium wp-image-19093\" src=\"http:\/\/noticiasveracruz.com\/wp-content\/uploads\/2023\/10\/WhatsApp-Image-2023-10-05-at-17.59.03-300x225.jpeg\" alt=\"\" width=\"300\" height=\"225\" srcset=\"https:\/\/noticiasveracruz.com\/wp-content\/uploads\/2023\/10\/WhatsApp-Image-2023-10-05-at-17.59.03-300x225.jpeg 300w, https:\/\/noticiasveracruz.com\/wp-content\/uploads\/2023\/10\/WhatsApp-Image-2023-10-05-at-17.59.03-1024x768.jpeg 1024w, https:\/\/noticiasveracruz.com\/wp-content\/uploads\/2023\/10\/WhatsApp-Image-2023-10-05-at-17.59.03-768x576.jpeg 768w, https:\/\/noticiasveracruz.com\/wp-content\/uploads\/2023\/10\/WhatsApp-Image-2023-10-05-at-17.59.03-1536x1152.jpeg 1536w, https:\/\/noticiasveracruz.com\/wp-content\/uploads\/2023\/10\/WhatsApp-Image-2023-10-05-at-17.59.03-2048x1536.jpeg 2048w\" sizes=\"auto, (max-width: 300px) 100vw, 300px\" \/><\/p>\n<p><span style=\"font-size: 14pt;\">La S\u00edndica \u00danica, Mtra. Beatriz Pi\u00f1a Vergara invit\u00f3 a la ciudadan\u00eda a aprovechar esta campa\u00f1a, la cual tambi\u00e9n se realizar\u00e1 de manera itinerante en las comunidades del municipio, iniciando este viernes 6 de octubre en Pr\u00e1xedis Guerrero km 18.<\/span><\/p>\n<p><span style=\"font-size: 14pt;\">Esta jornada representa un gran beneficio para la ciudadan\u00eda de Tuxpan, ya que la salud visual es algo important\u00edsimo para la calidad de vida.<\/span><\/p>\n","protected":false},"excerpt":{"rendered":"<p>\u2022 Ma\u00f1ana viernes, la Jornada se trasladar\u00e1 a Praxedis Guerrero Km.18 Tuxpan, Ver.- Este jueves se llev\u00f3 a cabo la<\/p>\n","protected":false},"author":4,"featured_media":19091,"comment_status":"closed","ping_status":"closed","sticky":false,"template":"","format":"standard","meta":{"colormag_page_container_layout":"default_layout","colormag_page_sidebar_layout":"default_layout","_jetpack_memberships_contains_paid_content":false,"footnotes":"","jetpack_publicize_message":"","jetpack_publicize_feature_enabled":true,"jetpack_social_post_already_shared":true,"jetpack_social_options":{"image_generator_settings":{"template":"highway","default_image_id":0,"font":"","enabled":false},"version":2}},"categories":[356],"tags":[],"class_list":["post-19090","post","type-post","status-publish","format-standard","has-post-thumbnail","hentry","category-veracruz"],"jetpack_publicize_connections":[],"jetpack_featured_media_url":"https:\/\/noticiasveracruz.com\/wp-content\/uploads\/2023\/10\/WhatsApp-Image-2023-10-05-at-17.59.02-scaled.jpeg","jetpack_sharing_enabled":true,"publishpress_future_action":{"enabled":false,"date":"2026-05-07 04:06:34","action":"change-status","newStatus":"draft","terms":[],"taxonomy":"category","extraData":[]},"publishpress_future_workflow_manual_trigger":{"enabledWorkflows":[]},"_links":{"self":[{"href":"https:\/\/noticiasveracruz.com\/index.php\/wp-json\/wp\/v2\/posts\/19090","targetHints":{"allow":["GET"]}}],"collection":[{"href":"https:\/\/noticiasveracruz.com\/index.php\/wp-json\/wp\/v2\/posts"}],"about":[{"href":"https:\/\/noticiasveracruz.com\/index.php\/wp-json\/wp\/v2\/types\/post"}],"author":[{"embeddable":true,"href":"https:\/\/noticiasveracruz.com\/index.php\/wp-json\/wp\/v2\/users\/4"}],"replies":[{"embeddable":true,"href":"https:\/\/noticiasveracruz.com\/index.php\/wp-json\/wp\/v2\/comments?post=19090"}],"version-history":[{"count":0,"href":"https:\/\/noticiasveracruz.com\/index.php\/wp-json\/wp\/v2\/posts\/19090\/revisions"}],"wp:featuredmedia":[{"embeddable":true,"href":"https:\/\/noticiasveracruz.com\/index.php\/wp-json\/wp\/v2\/media\/19091"}],"wp:attachment":[{"href":"https:\/\/noticiasveracruz.com\/index.php\/wp-json\/wp\/v2\/media?parent=19090"}],"wp:term":[{"taxonomy":"category","embeddable":true,"href":"https:\/\/noticiasveracruz.com\/index.php\/wp-json\/wp\/v2\/categories?post=19090"},{"taxonomy":"post_tag","embeddable":true,"href":"https:\/\/noticiasveracruz.com\/index.php\/wp-json\/wp\/v2\/tags?post=19090"}],"curies":[{"name":"wp","href":"https:\/\/api.w.org\/{rel}","templated":true}]}}