{"id":19070,"date":"2023-10-05T10:23:16","date_gmt":"2023-10-05T15:23:16","guid":{"rendered":"https:\/\/noticiasveracruz.com\/?p=19070"},"modified":"2023-10-05T10:23:16","modified_gmt":"2023-10-05T15:23:16","slug":"y-siempre-fue-rocio","status":"publish","type":"post","link":"https:\/\/noticiasveracruz.com\/index.php\/2023\/10\/05\/y-siempre-fue-rocio\/","title":{"rendered":"\u00a1Y siempre fue Roc\u00edo!"},"content":{"rendered":"<p><span style=\"font-size: 14pt;\"><strong>Por: Luis Ram\u00edrez Baqueiro<\/strong><\/span><\/p>\n<p><span style=\"font-size: 14pt;\"><em>\u201cCuando la situaci\u00f3n es adversa y la esperanza poca, las determinaciones dr\u00e1sticas son las m\u00e1s seguras.\u201d \u2013 Tito Livio.<\/em><\/span><\/p>\n<p><span style=\"font-size: 14pt;\">\u00a0Vaya que el presidente Andr\u00e9s Manuel L\u00f3pez Obrador puede ser se\u00f1alado de todo, pero de ocultar su verdad jam\u00e1s.<\/span><\/p>\n<p><span style=\"font-size: 14pt;\">El anuncio realizado la ma\u00f1ana de este mi\u00e9rcoles en su tradicional conferencia de prensa matutina es la confirmaci\u00f3n de ello.<\/span><\/p>\n<p><span style=\"font-size: 14pt;\">El tabasque\u00f1o aprovech\u00f3 el espacio que en cadena nacional acapara para informarle al pueblo de M\u00e9xico, pero especialmente al de Veracruz, que le hab\u00eda aceptado la renuncia a Roc\u00edo Nahle Garc\u00eda al frente de la Secretar\u00eda de Energ\u00eda.<\/span><\/p>\n<p><span style=\"font-size: 14pt;\">La ingeniera petroqu\u00edmica queda ahora s\u00ed en libertad de poderse mover a sus anchas en pos de alcanzar el tan anhelado sue\u00f1o de ser la gobernadora de la entidad que no la vio nacer, pero que como dir\u00eda Chabela Vargas \u201c\u00a1Los mexicanos nacemos donde nos da la rechingada gana!\u201d<\/span><\/p>\n<p><span style=\"font-size: 14pt;\">Nos guste o no, nadie puede negar que la senadora con licencia ha echado ra\u00edces en el sur de la entidad y ha pasado m\u00e1s tiempo de su vida en Veracruz que en Zacatecas.<\/span><\/p>\n<p><span style=\"font-size: 14pt;\">Ella misma ha afirmado que tiene 36 a\u00f1os de residencia efectiva en el sur de Veracruz, un esposo veracruzano, y dos hijas nacidas en la entidad.<\/span><\/p>\n<p><span style=\"font-size: 14pt;\">Para los acelerados la misma Roc\u00edo Nahle les dice \u201crecuerden que el primer gobernador de Veracruz, fue Guadalupe Victoria, originario de Durango, quien posteriormente fue presidente de la Rep\u00fablica, est\u00e1 plasmado en la historia y es momento de avanzar, madurar, trabajar y consolidar la Cuarta Transformaci\u00f3n.\u201d<\/span><\/p>\n<p><span style=\"font-size: 14pt;\">A pesar de esa verdad, algunos de los actores pol\u00edticos de su partido que sue\u00f1an con gobernar la entidad, han emprendido una campa\u00f1a nacional de infundios y se\u00f1alamientos en su contra que ya raya en lo que pudiera ser tipificado como violencia pol\u00edtica de g\u00e9nero, pues la misma Nahle Garc\u00eda se encarg\u00f3 de subsanar v\u00eda jurisdiccional el impedimento que la alejaba de la posibilidad de competir por el Gobierno Estatal desde 2016, mediante un juicio de Protecci\u00f3n de los Derechos Pol\u00edticos Electorales del Ciudadano con numeral JDC 23\/2016 que le faculta y subsana al violentarse sus derechos humanos. <a href=\"https:\/\/portal.teever.gob.mx\/sentencias\/2016\/feb\/29\/RESOLUCI-N-JDC-23-2016.pdf\">https:\/\/portal.teever.gob.mx\/sentencias\/2016\/feb\/29\/RESOLUCI-N-JDC-23-2016.pdf<\/a><\/span><\/p>\n<p><span style=\"font-size: 14pt;\">Y aunque se les ha explicado hasta la saciedad, con palitos y bolitas, la negra y por dem\u00e1s deleznable actitud ha continuado.<\/span><\/p>\n<p><span style=\"font-size: 14pt;\">En los hechos, lo se\u00f1alado por el presidente Andr\u00e9s Manuel L\u00f3pez Obrador fue la m\u00e1s clara se\u00f1al de bendici\u00f3n presidencial de la que se tenga memoria, en la que el Ejecutivo Federal con toda su potestad, afirm\u00f3:<\/span><\/p>\n<p><span style=\"font-size: 14pt;\">\u201cExtraordinaria servidora p\u00fablica, secretar\u00eda de Energ\u00eda que la queremos mucho, es una mujer con convicciones trabajadora, se logr\u00f3 la haza\u00f1a de construir una refiner\u00eda en menos de cinco a\u00f1os, que no es cualquier cosa, los que saben de esto, si entienden de lo que se trata, una refiner\u00eda para procesar 340 mil barriles diarios de petr\u00f3leo y ya est\u00e1 produciendo y ella se encarg\u00f3, fue la responsable, tiene todo nuestro apoyo, no nos vamos a meter en la parte electoral, eso no nos corresponde, adem\u00e1s si van otros compa\u00f1eros a participar a todos los respetamos, a todos los consideramos buenos, personas con convicci\u00f3n, pero en el caso especial de Roc\u00edo pues ya termina, deja produciendo esta nueva refiner\u00eda y muchas otras cosas, y ya antes de que me pregunten les digo que la semana pr\u00f3xima ya vamos a dar a conocer qui\u00e9n se va a quedar de secretario o secretaria de Energ\u00eda, quien va a sustituir a Roc\u00edo. Entonces ya estamos en diciembre, a m\u00e1s tardar en marzo terminamos much\u00edsimas obras, casi todas.\u201d apunt\u00f3.<\/span><\/p>\n<p><span style=\"font-size: 14pt;\">El mensaje fue obvio, evidente y contundente, los que contin\u00faan pensando que van a ser los elegidos por la encuesta de Morena, no han comprendido nada, siguen so\u00f1ando en la ingenuidad de la democracia, sin comprender el fondo de la real politik. <a href=\"https:\/\/ventanaver.mx\/principal\/anuncia-amlo-salida-de-rocio-nahle-de-sener-cuenta-con-todo-mi-apoyo-afirma\/\">https:\/\/ventanaver.mx\/principal\/anuncia-amlo-salida-de-rocio-nahle-de-sener-cuenta-con-todo-mi-apoyo-afirma\/<\/a><\/span><\/p>\n<p><span style=\"font-size: 14pt;\">El presidente Andr\u00e9s Manuel L\u00f3pez Obrador le debe a Roc\u00edo Nahle Garc\u00eda en gran parte su paso a la historia nacional, al erigirse en una especie de nuevo L\u00e1zaro C\u00e1rdenas cuatrotero, pues ser\u00e1 recordado por ser el \u00faltimo presidente en levantar de la nada una nueva refiner\u00eda.<\/span><\/p>\n<p><span style=\"font-size: 14pt;\">Su lucha por la presunta protecci\u00f3n de los bienes nacionales, su rescate y protecci\u00f3n, ser\u00e1n uno de los elementos m\u00e1s, que emplear\u00e1n para construir la nueva historia nacional, tal que incluso la racionalizan equivocadamente, pero ser\u00e1 suficiente para pasar a los anales de la Historia Moderna de M\u00e9xico.<\/span><\/p>\n<p><span style=\"font-size: 14pt;\">De llamar la atenci\u00f3n result\u00f3 el vac\u00edo informativo que dejaron de cubrir los otros concursantes por Morena y Aliados al enterarse de la renuncia de Roc\u00edo Nahle Garc\u00eda a la SENER con la bendici\u00f3n del mismo presidente.<\/span><\/p>\n<p><span style=\"font-size: 14pt;\">Y es que hacia la tarde de este mismo mi\u00e9rcoles les lleg\u00f3 la segunda confirmaci\u00f3n para los que no entienden las se\u00f1ales. <a href=\"https:\/\/www.radioformula.com.mx\/nacional\/2023\/10\/4\/derrota-para-ebrard-tribunal-electoral-batea-denuncia-contra-proceso-interno-de-morena-784386.html\">https:\/\/www.radioformula.com.mx\/nacional\/2023\/10\/4\/derrota-para-ebrard-tribunal-electoral-batea-denuncia-contra-proceso-interno-de-morena-784386.html<\/a><\/span><\/p>\n<p><span style=\"font-size: 14pt;\">El Tribunal Electoral del Poder Judicial de la Federaci\u00f3n (TEPJF) declar\u00f3 como inexistente la omisi\u00f3n que denunci\u00f3 Marcelo Ebrard (ex aspirante del proceso interno de Morena) en contra de la Comisi\u00f3n Nacional de Honestidad y Justicia de dicho instituto pol\u00edtico; dicho fallo se dio por unanimidad de votos.<\/span><\/p>\n<p><span style=\"font-size: 14pt;\">Para el Tribunal Electoral, la Comisi\u00f3n de Morena no incurri\u00f3 en ninguna omisi\u00f3n al no dar tr\u00e1mite a la queja presentada por Ebrard, sin embargo, hizo un llamado a resolver los casos en los plazos establecidos.<\/span><\/p>\n<p><span style=\"font-size: 14pt;\">Con ello, se confirma que en Morena a pesar de asegurarse dem\u00f3cratas tiene en su ADN de formaci\u00f3n una alt\u00edsima carga del antiguo r\u00e9gimen priista, en donde la determinaci\u00f3n final sal\u00eda de quien detentaba todo el poder.<\/span><\/p>\n<p><span style=\"font-size: 14pt;\">De esta manera el presidente L\u00f3pez Obrador, pas\u00f3 de emplear al famoso \u201ctapado\u201d por la \u201cdedocracia\u201d que aun cuando se maquille de encuesta es y ser\u00e1 el m\u00e9todo perfecto para seguir aparentando que son distintos, aun cuando est\u00e1 visto que no lo son.<\/span><\/p>\n<p><span style=\"font-size: 14pt;\">As\u00ed que ahora en Veracruz, los militantes y simpatizantes de Morena deben entender, que la antigua l\u00ednea que mandaban los pol\u00edticos del anterior modelo pol\u00edtico, est\u00e1 m\u00e1s que cantada en favor de Roc\u00edo Nahle Garc\u00eda, quien les guste o no trabaj\u00f3, por alcanzar la Coordinaci\u00f3n de los Comit\u00e9s Estatales de la Defensa de la 4T.<\/span><\/p>\n<p>&nbsp;<\/p>\n<p><span style=\"font-size: 14pt;\">Al tiempo.<\/span><\/p>\n","protected":false},"excerpt":{"rendered":"<p>Por: Luis Ram\u00edrez Baqueiro \u201cCuando la situaci\u00f3n es adversa y la esperanza poca, las determinaciones dr\u00e1sticas son las m\u00e1s seguras.\u201d<\/p>\n","protected":false},"author":4,"featured_media":3572,"comment_status":"closed","ping_status":"closed","sticky":false,"template":"","format":"standard","meta":{"colormag_page_container_layout":"default_layout","colormag_page_sidebar_layout":"default_layout","_jetpack_memberships_contains_paid_content":false,"footnotes":"","jetpack_publicize_message":"","jetpack_publicize_feature_enabled":true,"jetpack_social_post_already_shared":true,"jetpack_social_options":{"image_generator_settings":{"template":"highway","default_image_id":0,"font":"","enabled":false},"version":2}},"categories":[6],"tags":[],"class_list":["post-19070","post","type-post","status-publish","format-standard","has-post-thumbnail","hentry","category-columnistas"],"jetpack_publicize_connections":[],"jetpack_featured_media_url":"https:\/\/noticiasveracruz.com\/wp-content\/uploads\/2022\/04\/LUIS-RAMI\u0301REZ-BAQUEIRO.png","jetpack_sharing_enabled":true,"publishpress_future_action":{"enabled":false,"date":"2026-05-06 23:03:03","action":"change-status","newStatus":"draft","terms":[],"taxonomy":"category","extraData":[]},"publishpress_future_workflow_manual_trigger":{"enabledWorkflows":[]},"_links":{"self":[{"href":"https:\/\/noticiasveracruz.com\/index.php\/wp-json\/wp\/v2\/posts\/19070","targetHints":{"allow":["GET"]}}],"collection":[{"href":"https:\/\/noticiasveracruz.com\/index.php\/wp-json\/wp\/v2\/posts"}],"about":[{"href":"https:\/\/noticiasveracruz.com\/index.php\/wp-json\/wp\/v2\/types\/post"}],"author":[{"embeddable":true,"href":"https:\/\/noticiasveracruz.com\/index.php\/wp-json\/wp\/v2\/users\/4"}],"replies":[{"embeddable":true,"href":"https:\/\/noticiasveracruz.com\/index.php\/wp-json\/wp\/v2\/comments?post=19070"}],"version-history":[{"count":0,"href":"https:\/\/noticiasveracruz.com\/index.php\/wp-json\/wp\/v2\/posts\/19070\/revisions"}],"wp:featuredmedia":[{"embeddable":true,"href":"https:\/\/noticiasveracruz.com\/index.php\/wp-json\/wp\/v2\/media\/3572"}],"wp:attachment":[{"href":"https:\/\/noticiasveracruz.com\/index.php\/wp-json\/wp\/v2\/media?parent=19070"}],"wp:term":[{"taxonomy":"category","embeddable":true,"href":"https:\/\/noticiasveracruz.com\/index.php\/wp-json\/wp\/v2\/categories?post=19070"},{"taxonomy":"post_tag","embeddable":true,"href":"https:\/\/noticiasveracruz.com\/index.php\/wp-json\/wp\/v2\/tags?post=19070"}],"curies":[{"name":"wp","href":"https:\/\/api.w.org\/{rel}","templated":true}]}}