{"id":19042,"date":"2023-10-04T18:44:26","date_gmt":"2023-10-04T23:44:26","guid":{"rendered":"https:\/\/noticiasveracruz.com\/?p=19042"},"modified":"2023-10-04T18:44:26","modified_gmt":"2023-10-04T23:44:26","slug":"david-aguilar-asume-cargo-como-nuevo-titular-de-profeco","status":"publish","type":"post","link":"https:\/\/noticiasveracruz.com\/index.php\/2023\/10\/04\/david-aguilar-asume-cargo-como-nuevo-titular-de-profeco\/","title":{"rendered":"David Aguilar asume cargo como nuevo titular de Profeco"},"content":{"rendered":"<p><span style=\"font-size: 14pt;\">El presidente Andr\u00e9s Manuel L\u00f3pez Obrador nombr\u00f3 a\u00a0David Aguilar Romero\u00a0nuevo titular de la\u00a0Procuradur\u00eda Federal del Consumidor (Profeco),\u00a0quien asume el cargo a partir de este mi\u00e9rcoles 4 de octubre, en sustituci\u00f3n de\u00a0Ricardo Sheffield Padilla.<\/span><\/p>\n<p><img loading=\"lazy\" decoding=\"async\" class=\"alignnone size-medium wp-image-19043\" src=\"http:\/\/noticiasveracruz.com\/wp-content\/uploads\/2023\/10\/OIF-3-300x168.jpg\" alt=\"\" width=\"300\" height=\"168\" srcset=\"https:\/\/noticiasveracruz.com\/wp-content\/uploads\/2023\/10\/OIF-3-300x168.jpg 300w, https:\/\/noticiasveracruz.com\/wp-content\/uploads\/2023\/10\/OIF-3.jpg 474w\" sizes=\"auto, (max-width: 300px) 100vw, 300px\" \/><\/p>\n<h2><span style=\"font-size: 14pt;\">\u00bfQui\u00e9n es David Aguilar Romero?<\/span><\/h2>\n<p><span style=\"font-size: 14pt;\">En diciembre de 2018 se desempe\u00f1\u00f3 como coordinador general de Educaci\u00f3n y Divulgaci\u00f3n de Profeco, donde dirigi\u00f3 uno de los medios de comunicaci\u00f3n de mayor alcance del Gobierno de M\u00e9xico: la Revista del Consumidor, referente en informaci\u00f3n sobre derechos de consumo que difunde estudios de calidad realizados en el Laboratorio Nacional de Protecci\u00f3n al Consumidor para toda la poblaci\u00f3n.<\/span><\/p>\n<p><span style=\"font-size: 14pt;\">Desde Profeco tambi\u00e9n dirigi\u00f3 diversos estudios permanentes de consumo como Qui\u00e9n es Qui\u00e9n en los Precios (QQP) o Qui\u00e9n es Qui\u00e9n en el Env\u00edo de Dinero (QQED), que est\u00e1n consolidados como fuente de informaci\u00f3n confiable y oportuna para la poblaci\u00f3n.<\/span><\/p>\n<p><span style=\"font-size: 14pt;\">En el sector p\u00fablico tambi\u00e9n ejerci\u00f3 como director de Comunicaci\u00f3n Social en el H. Ayuntamiento de Le\u00f3n, Guanajuato.<\/span><\/p>\n<p><span style=\"font-size: 14pt;\">Es licenciado en Ciencias Pol\u00edticas por el Instituto Tecnol\u00f3gico Aut\u00f3nomo de M\u00e9xico (ITAM), y licenciado en Derecho por el Centro Universitario Latino Veracruz.<\/span><\/p>\n<p><span style=\"font-size: 14pt;\">Cuenta con maestr\u00eda en Hipermedia por la Universidad Iberoamericana, y doctorado en Imagen P\u00fablica por el Colegio de Consultores en Imagen P\u00fablica.<\/span><\/p>\n","protected":false},"excerpt":{"rendered":"<p>El presidente Andr\u00e9s Manuel L\u00f3pez Obrador nombr\u00f3 a\u00a0David Aguilar Romero\u00a0nuevo titular de la\u00a0Procuradur\u00eda Federal del Consumidor (Profeco),\u00a0quien asume el cargo<\/p>\n","protected":false},"author":4,"featured_media":19044,"comment_status":"closed","ping_status":"closed","sticky":false,"template":"","format":"standard","meta":{"colormag_page_container_layout":"default_layout","colormag_page_sidebar_layout":"default_layout","_jetpack_memberships_contains_paid_content":false,"footnotes":"","jetpack_publicize_message":"","jetpack_publicize_feature_enabled":true,"jetpack_social_post_already_shared":true,"jetpack_social_options":{"image_generator_settings":{"template":"highway","default_image_id":0,"font":"","enabled":false},"version":2}},"categories":[4],"tags":[],"class_list":["post-19042","post","type-post","status-publish","format-standard","has-post-thumbnail","hentry","category-nacional"],"jetpack_publicize_connections":[],"jetpack_featured_media_url":"https:\/\/noticiasveracruz.com\/wp-content\/uploads\/2023\/10\/OIF-4.jpg","jetpack_sharing_enabled":true,"publishpress_future_action":{"enabled":false,"date":"2026-05-09 02:46:03","action":"change-status","newStatus":"draft","terms":[],"taxonomy":"category","extraData":[]},"publishpress_future_workflow_manual_trigger":{"enabledWorkflows":[]},"_links":{"self":[{"href":"https:\/\/noticiasveracruz.com\/index.php\/wp-json\/wp\/v2\/posts\/19042","targetHints":{"allow":["GET"]}}],"collection":[{"href":"https:\/\/noticiasveracruz.com\/index.php\/wp-json\/wp\/v2\/posts"}],"about":[{"href":"https:\/\/noticiasveracruz.com\/index.php\/wp-json\/wp\/v2\/types\/post"}],"author":[{"embeddable":true,"href":"https:\/\/noticiasveracruz.com\/index.php\/wp-json\/wp\/v2\/users\/4"}],"replies":[{"embeddable":true,"href":"https:\/\/noticiasveracruz.com\/index.php\/wp-json\/wp\/v2\/comments?post=19042"}],"version-history":[{"count":0,"href":"https:\/\/noticiasveracruz.com\/index.php\/wp-json\/wp\/v2\/posts\/19042\/revisions"}],"wp:featuredmedia":[{"embeddable":true,"href":"https:\/\/noticiasveracruz.com\/index.php\/wp-json\/wp\/v2\/media\/19044"}],"wp:attachment":[{"href":"https:\/\/noticiasveracruz.com\/index.php\/wp-json\/wp\/v2\/media?parent=19042"}],"wp:term":[{"taxonomy":"category","embeddable":true,"href":"https:\/\/noticiasveracruz.com\/index.php\/wp-json\/wp\/v2\/categories?post=19042"},{"taxonomy":"post_tag","embeddable":true,"href":"https:\/\/noticiasveracruz.com\/index.php\/wp-json\/wp\/v2\/tags?post=19042"}],"curies":[{"name":"wp","href":"https:\/\/api.w.org\/{rel}","templated":true}]}}