{"id":19028,"date":"2023-10-04T13:09:02","date_gmt":"2023-10-04T18:09:02","guid":{"rendered":"https:\/\/noticiasveracruz.com\/?p=19028"},"modified":"2023-10-04T13:09:02","modified_gmt":"2023-10-04T18:09:02","slug":"ruy-lopez-ridaura-sera-el-sustituto-de-hugo-lopez-gatell","status":"publish","type":"post","link":"https:\/\/noticiasveracruz.com\/index.php\/2023\/10\/04\/ruy-lopez-ridaura-sera-el-sustituto-de-hugo-lopez-gatell\/","title":{"rendered":"Ruy L\u00f3pez Ridaura ser\u00e1 el sustituto de Hugo L\u00f3pez-Gatell"},"content":{"rendered":"<p><span style=\"font-size: 14pt;\">Este mi\u00e9rcoles 4 de octubre de 2023,\u00a0Andr\u00e9s Manuel L\u00f3pez Obrador\u00a0anunci\u00f3 que\u00a0Ruy L\u00f3pez Ridaura ser\u00e1 quien sustituya a Hugo L\u00f3pez-Gatell como subsecretario de Prevenci\u00f3n y Promoci\u00f3n de la Salud, en la\u00a0Secretar\u00eda de Salud (SSA).<\/span><\/p>\n<p><img loading=\"lazy\" decoding=\"async\" class=\"alignnone size-medium wp-image-19029\" src=\"http:\/\/noticiasveracruz.com\/wp-content\/uploads\/2023\/10\/OIF-1-300x200.jpg\" alt=\"\" width=\"300\" height=\"200\" srcset=\"https:\/\/noticiasveracruz.com\/wp-content\/uploads\/2023\/10\/OIF-1-300x200.jpg 300w, https:\/\/noticiasveracruz.com\/wp-content\/uploads\/2023\/10\/OIF-1.jpg 474w\" sizes=\"auto, (max-width: 300px) 100vw, 300px\" \/><\/p>\n<p><span style=\"font-size: 14pt;\">Lo anterior se da tras la salida de\u00a0L\u00f3pez-Gatell\u00a0de la dependencia,\u00a0quien buscar\u00e1 contender por la Jefatura de Gobierno de la Ciudad de M\u00e9xico (CDMX).<\/span><\/p>\n<p><span style=\"font-size: 14pt;\">Sobre el nuevo titular de la Subsecretar\u00eda de Prevenci\u00f3n y Promoci\u00f3n de la Salud,\u00a0el mandatario refiri\u00f3 que se trata de un hombre bueno, responsable, profesional y honesto, valores que sin duda pondr\u00e1 al servicio de la ciudadan\u00eda.<\/span><\/p>\n","protected":false},"excerpt":{"rendered":"<p>Este mi\u00e9rcoles 4 de octubre de 2023,\u00a0Andr\u00e9s Manuel L\u00f3pez Obrador\u00a0anunci\u00f3 que\u00a0Ruy L\u00f3pez Ridaura ser\u00e1 quien sustituya a Hugo L\u00f3pez-Gatell como<\/p>\n","protected":false},"author":4,"featured_media":19030,"comment_status":"closed","ping_status":"closed","sticky":false,"template":"","format":"standard","meta":{"colormag_page_container_layout":"default_layout","colormag_page_sidebar_layout":"default_layout","_jetpack_memberships_contains_paid_content":false,"footnotes":"","jetpack_publicize_message":"","jetpack_publicize_feature_enabled":true,"jetpack_social_post_already_shared":true,"jetpack_social_options":{"image_generator_settings":{"template":"highway","default_image_id":0,"font":"","enabled":false},"version":2}},"categories":[4],"tags":[],"class_list":["post-19028","post","type-post","status-publish","format-standard","has-post-thumbnail","hentry","category-nacional"],"jetpack_publicize_connections":[],"jetpack_featured_media_url":"https:\/\/noticiasveracruz.com\/wp-content\/uploads\/2023\/10\/OIF.jpg","jetpack_sharing_enabled":true,"publishpress_future_action":{"enabled":false,"date":"2026-05-06 16:13:13","action":"change-status","newStatus":"draft","terms":[],"taxonomy":"category","extraData":[]},"publishpress_future_workflow_manual_trigger":{"enabledWorkflows":[]},"_links":{"self":[{"href":"https:\/\/noticiasveracruz.com\/index.php\/wp-json\/wp\/v2\/posts\/19028","targetHints":{"allow":["GET"]}}],"collection":[{"href":"https:\/\/noticiasveracruz.com\/index.php\/wp-json\/wp\/v2\/posts"}],"about":[{"href":"https:\/\/noticiasveracruz.com\/index.php\/wp-json\/wp\/v2\/types\/post"}],"author":[{"embeddable":true,"href":"https:\/\/noticiasveracruz.com\/index.php\/wp-json\/wp\/v2\/users\/4"}],"replies":[{"embeddable":true,"href":"https:\/\/noticiasveracruz.com\/index.php\/wp-json\/wp\/v2\/comments?post=19028"}],"version-history":[{"count":0,"href":"https:\/\/noticiasveracruz.com\/index.php\/wp-json\/wp\/v2\/posts\/19028\/revisions"}],"wp:featuredmedia":[{"embeddable":true,"href":"https:\/\/noticiasveracruz.com\/index.php\/wp-json\/wp\/v2\/media\/19030"}],"wp:attachment":[{"href":"https:\/\/noticiasveracruz.com\/index.php\/wp-json\/wp\/v2\/media?parent=19028"}],"wp:term":[{"taxonomy":"category","embeddable":true,"href":"https:\/\/noticiasveracruz.com\/index.php\/wp-json\/wp\/v2\/categories?post=19028"},{"taxonomy":"post_tag","embeddable":true,"href":"https:\/\/noticiasveracruz.com\/index.php\/wp-json\/wp\/v2\/tags?post=19028"}],"curies":[{"name":"wp","href":"https:\/\/api.w.org\/{rel}","templated":true}]}}