{"id":19024,"date":"2023-10-04T12:52:07","date_gmt":"2023-10-04T17:52:07","guid":{"rendered":"https:\/\/noticiasveracruz.com\/?p=19024"},"modified":"2023-10-04T12:52:07","modified_gmt":"2023-10-04T17:52:07","slug":"se-hara-caso-pero-es-una-violacion-a-la-libertad-de-expresion-lopez-obrador-sobre-orden-del-ine","status":"publish","type":"post","link":"https:\/\/noticiasveracruz.com\/index.php\/2023\/10\/04\/se-hara-caso-pero-es-una-violacion-a-la-libertad-de-expresion-lopez-obrador-sobre-orden-del-ine\/","title":{"rendered":"&#8216;Se har\u00e1 caso pero es una violaci\u00f3n a la libertad de expresi\u00f3n&#8217;, L\u00f3pez Obrador sobre orden del INE"},"content":{"rendered":"<p><span style=\"font-size: 14pt;\">Fiel a su estilo, el presidente de M\u00e9xico,\u00a0Andr\u00e9s Manuel L\u00f3pez Obrador\u00a0respondi\u00f3 a la orden del Instituto Nacional Electoral (INE) sobre\u00a0eliminar la posdata en la cortinilla que debe de presentar al inicio de su conferencia matutina.\u00a0<\/span><\/p>\n<p><img loading=\"lazy\" decoding=\"async\" class=\"alignnone size-medium wp-image-19026\" src=\"http:\/\/noticiasveracruz.com\/wp-content\/uploads\/2023\/10\/ine-300x203.jpg\" alt=\"\" width=\"300\" height=\"203\" srcset=\"https:\/\/noticiasveracruz.com\/wp-content\/uploads\/2023\/10\/ine-300x203.jpg 300w, https:\/\/noticiasveracruz.com\/wp-content\/uploads\/2023\/10\/ine-1024x693.jpg 1024w, https:\/\/noticiasveracruz.com\/wp-content\/uploads\/2023\/10\/ine-768x520.jpg 768w, https:\/\/noticiasveracruz.com\/wp-content\/uploads\/2023\/10\/ine.jpg 1182w\" sizes=\"auto, (max-width: 300px) 100vw, 300px\" \/><\/p>\n<p><span style=\"font-size: 14pt;\">Previo al inicio de los temas que trat\u00f3 la conferencia en\u00a0Palacio Nacional, el tabasque\u00f1o declar\u00f3,\u00a0\u201cya no podemos llamarlos conservadores, ahora los vamos a llamar reaccionarios\u201d, esto en relaci\u00f3n a la medida impuesta por el instituto electoral.\u00a0<\/span><\/p>\n<p><span style=\"font-size: 14pt;\">En este contexto,\u00a0el mandatario asegur\u00f3 que \u201cse les va a hacer caso\u201d, sin embargo dejo en claro que la petici\u00f3n es \u201cuna violaci\u00f3n la libertad de expresi\u00f3n\u201d.<\/span><\/p>\n","protected":false},"excerpt":{"rendered":"<p>Fiel a su estilo, el presidente de M\u00e9xico,\u00a0Andr\u00e9s Manuel L\u00f3pez Obrador\u00a0respondi\u00f3 a la orden del Instituto Nacional Electoral (INE) sobre\u00a0eliminar<\/p>\n","protected":false},"author":4,"featured_media":19025,"comment_status":"closed","ping_status":"closed","sticky":false,"template":"","format":"standard","meta":{"colormag_page_container_layout":"default_layout","colormag_page_sidebar_layout":"default_layout","_jetpack_memberships_contains_paid_content":false,"footnotes":"","jetpack_publicize_message":"","jetpack_publicize_feature_enabled":true,"jetpack_social_post_already_shared":true,"jetpack_social_options":{"image_generator_settings":{"template":"highway","default_image_id":0,"font":"","enabled":false},"version":2}},"categories":[4],"tags":[],"class_list":["post-19024","post","type-post","status-publish","format-standard","has-post-thumbnail","hentry","category-nacional"],"jetpack_publicize_connections":[],"jetpack_featured_media_url":"https:\/\/noticiasveracruz.com\/wp-content\/uploads\/2023\/10\/amlo-1.jpg","jetpack_sharing_enabled":true,"publishpress_future_action":{"enabled":false,"date":"2026-05-06 15:32:11","action":"change-status","newStatus":"draft","terms":[],"taxonomy":"category","extraData":[]},"publishpress_future_workflow_manual_trigger":{"enabledWorkflows":[]},"_links":{"self":[{"href":"https:\/\/noticiasveracruz.com\/index.php\/wp-json\/wp\/v2\/posts\/19024","targetHints":{"allow":["GET"]}}],"collection":[{"href":"https:\/\/noticiasveracruz.com\/index.php\/wp-json\/wp\/v2\/posts"}],"about":[{"href":"https:\/\/noticiasveracruz.com\/index.php\/wp-json\/wp\/v2\/types\/post"}],"author":[{"embeddable":true,"href":"https:\/\/noticiasveracruz.com\/index.php\/wp-json\/wp\/v2\/users\/4"}],"replies":[{"embeddable":true,"href":"https:\/\/noticiasveracruz.com\/index.php\/wp-json\/wp\/v2\/comments?post=19024"}],"version-history":[{"count":0,"href":"https:\/\/noticiasveracruz.com\/index.php\/wp-json\/wp\/v2\/posts\/19024\/revisions"}],"wp:featuredmedia":[{"embeddable":true,"href":"https:\/\/noticiasveracruz.com\/index.php\/wp-json\/wp\/v2\/media\/19025"}],"wp:attachment":[{"href":"https:\/\/noticiasveracruz.com\/index.php\/wp-json\/wp\/v2\/media?parent=19024"}],"wp:term":[{"taxonomy":"category","embeddable":true,"href":"https:\/\/noticiasveracruz.com\/index.php\/wp-json\/wp\/v2\/categories?post=19024"},{"taxonomy":"post_tag","embeddable":true,"href":"https:\/\/noticiasveracruz.com\/index.php\/wp-json\/wp\/v2\/tags?post=19024"}],"curies":[{"name":"wp","href":"https:\/\/api.w.org\/{rel}","templated":true}]}}