{"id":19012,"date":"2023-10-04T08:53:47","date_gmt":"2023-10-04T13:53:47","guid":{"rendered":"https:\/\/noticiasveracruz.com\/?p=19012"},"modified":"2023-10-04T08:53:47","modified_gmt":"2023-10-04T13:53:47","slug":"temor-por-tasas-en-eu-sacude-a-los-mercados","status":"publish","type":"post","link":"https:\/\/noticiasveracruz.com\/index.php\/2023\/10\/04\/temor-por-tasas-en-eu-sacude-a-los-mercados\/","title":{"rendered":"Temor por tasas en EU sacude a los mercados"},"content":{"rendered":"<p><span style=\"font-size: 14pt;\">El superpeso se desinfl\u00f3 y las bolsas a nivel global cayeron. La sacudida fue detonada por datos de empleo en Estados Unidos que superaron las expectativas. Las cifras generaron un efecto en cadena: los rendimientos de los bonos del Tesoro alcanzaron m\u00e1ximos hist\u00f3ricos no vistos en 16 a\u00f1os, se avivaron los temores a que la Reserva Federal (Fed) vuelva a subir la tasa de inter\u00e9s y a que su pol\u00edtica restrictiva derive en una recesi\u00f3n econ\u00f3mica.<\/span><\/p>\n<p><span style=\"font-size: 14pt;\">Ayer, en Estados Unidos, se public\u00f3 la encuesta JOLTS, \u00e9sta revel\u00f3 que se registraron 9.610 millones de vacantes laborales en agosto, con un aumento de 690 mil respecto a julio, siendo el incremento m\u00e1s grande desde julio de 2021.<\/span><\/p>\n<p><span style=\"font-size: 14pt;\">El dato indica que la econom\u00eda del pa\u00eds vecino no se est\u00e1 enfriando, pero lo que asusta a los inversionistas es que, debido a que hay empleo, la Fed tiene espacio para seguir aumentando la tasa de inter\u00e9s o para mantenerla elevada por m\u00e1s tiempo, esto con el objetivo de reducir la inflaci\u00f3n, que ha sido persistente y dif\u00edcil de bajar.<\/span><\/p>\n<p><img loading=\"lazy\" decoding=\"async\" class=\"wp-image-19014 aligncenter\" src=\"http:\/\/noticiasveracruz.com\/wp-content\/uploads\/2023\/10\/XOU7GI3CDFD3TAKC3NKUQEBCLI-300x169.jpeg\" alt=\"\" width=\"467\" height=\"263\" srcset=\"https:\/\/noticiasveracruz.com\/wp-content\/uploads\/2023\/10\/XOU7GI3CDFD3TAKC3NKUQEBCLI-300x169.jpeg 300w, https:\/\/noticiasveracruz.com\/wp-content\/uploads\/2023\/10\/XOU7GI3CDFD3TAKC3NKUQEBCLI-1024x576.jpeg 1024w, https:\/\/noticiasveracruz.com\/wp-content\/uploads\/2023\/10\/XOU7GI3CDFD3TAKC3NKUQEBCLI-768x432.jpeg 768w, https:\/\/noticiasveracruz.com\/wp-content\/uploads\/2023\/10\/XOU7GI3CDFD3TAKC3NKUQEBCLI.jpeg 1440w\" sizes=\"auto, (max-width: 467px) 100vw, 467px\" \/><\/p>\n<p><span style=\"font-size: 14pt;\">Ante la expectativa de tasas elevadas, el rendimiento de los bonos del tesoro sigue al alza, lo cual est\u00e1 generando volatilidad, pues puede ser un arma de doble filo: \u201cCuando el banco central (Fed) empieza a subir las tasas, el precio del bono baja, pero el rendimiento sube. Entonces, compras; es lo que ha estado haciendo todo el mundo y es lo que se ha hecho en todos los ciclos de alzas de tasas de los bancos centrales\u201d, explic\u00f3 Am\u00edn Vera Cerda, director de inversiones en Invala Family Office.<\/span><\/p>\n<p><span style=\"font-size: 14pt;\">Acot\u00f3 que \u201cla inflaci\u00f3n es persistente y probablemente la Fed tenga que subir la tasa y si en seis o nueve meses no hay un recorte en la tasa, los bonos que la gente compr\u00f3 van a seguir cayendo de precio y cuando vean que esto no sali\u00f3 como esperaban van a salir a vender y se pueden hundir los bonos dur\u00edsimo\u201d, acot\u00f3 el especialista.<\/span><\/p>\n<p><span style=\"font-size: 14pt;\">Asimismo, \u201clos operadores temen que las autoridades monetarias, con sus pol\u00edticas monetarias agresivas, acaben provocando la entrada en recesi\u00f3n de las principales econom\u00edas desarrolladas\u201d, mencion\u00f3 CIBanco.<\/span><\/p>\n<h2><span style=\"font-size: 14pt;\">CAE EL SUPERPESO<\/span><\/h2>\n<p><span style=\"font-size: 14pt;\">Ante dichos factores, el d\u00f3lar se fortaleci\u00f3 y el superpeso perdi\u00f3 fuerza. Durante la jornada de ayer, el d\u00f3lar alcanz\u00f3 los 18 pesos, nivel no observado desde mayo de este a\u00f1o; sin embargo, el tipo de cambio interbancario cerr\u00f3 la sesi\u00f3n en 17.97 pesos, por encima de los 17.66 pesos del cierre del lunes.<\/span><\/p>\n","protected":false},"excerpt":{"rendered":"<p>El superpeso se desinfl\u00f3 y las bolsas a nivel global cayeron. La sacudida fue detonada por datos de empleo en<\/p>\n","protected":false},"author":4,"featured_media":19013,"comment_status":"closed","ping_status":"closed","sticky":false,"template":"","format":"standard","meta":{"colormag_page_container_layout":"default_layout","colormag_page_sidebar_layout":"default_layout","_jetpack_memberships_contains_paid_content":false,"footnotes":"","jetpack_publicize_message":"","jetpack_publicize_feature_enabled":true,"jetpack_social_post_already_shared":true,"jetpack_social_options":{"image_generator_settings":{"template":"highway","default_image_id":0,"font":"","enabled":false},"version":2}},"categories":[355],"tags":[],"class_list":["post-19012","post","type-post","status-publish","format-standard","has-post-thumbnail","hentry","category-internacional"],"jetpack_publicize_connections":[],"jetpack_featured_media_url":"https:\/\/noticiasveracruz.com\/wp-content\/uploads\/2023\/10\/peso-640x360-1.png","jetpack_sharing_enabled":true,"publishpress_future_action":{"enabled":false,"date":"2026-05-06 16:15:56","action":"change-status","newStatus":"draft","terms":[],"taxonomy":"category","extraData":[]},"publishpress_future_workflow_manual_trigger":{"enabledWorkflows":[]},"_links":{"self":[{"href":"https:\/\/noticiasveracruz.com\/index.php\/wp-json\/wp\/v2\/posts\/19012","targetHints":{"allow":["GET"]}}],"collection":[{"href":"https:\/\/noticiasveracruz.com\/index.php\/wp-json\/wp\/v2\/posts"}],"about":[{"href":"https:\/\/noticiasveracruz.com\/index.php\/wp-json\/wp\/v2\/types\/post"}],"author":[{"embeddable":true,"href":"https:\/\/noticiasveracruz.com\/index.php\/wp-json\/wp\/v2\/users\/4"}],"replies":[{"embeddable":true,"href":"https:\/\/noticiasveracruz.com\/index.php\/wp-json\/wp\/v2\/comments?post=19012"}],"version-history":[{"count":0,"href":"https:\/\/noticiasveracruz.com\/index.php\/wp-json\/wp\/v2\/posts\/19012\/revisions"}],"wp:featuredmedia":[{"embeddable":true,"href":"https:\/\/noticiasveracruz.com\/index.php\/wp-json\/wp\/v2\/media\/19013"}],"wp:attachment":[{"href":"https:\/\/noticiasveracruz.com\/index.php\/wp-json\/wp\/v2\/media?parent=19012"}],"wp:term":[{"taxonomy":"category","embeddable":true,"href":"https:\/\/noticiasveracruz.com\/index.php\/wp-json\/wp\/v2\/categories?post=19012"},{"taxonomy":"post_tag","embeddable":true,"href":"https:\/\/noticiasveracruz.com\/index.php\/wp-json\/wp\/v2\/tags?post=19012"}],"curies":[{"name":"wp","href":"https:\/\/api.w.org\/{rel}","templated":true}]}}