{"id":19006,"date":"2023-10-04T08:36:43","date_gmt":"2023-10-04T13:36:43","guid":{"rendered":"https:\/\/noticiasveracruz.com\/?p=19006"},"modified":"2023-10-04T08:36:43","modified_gmt":"2023-10-04T13:36:43","slug":"inai-el-retorno-del-oscurantismo","status":"publish","type":"post","link":"https:\/\/noticiasveracruz.com\/index.php\/2023\/10\/04\/inai-el-retorno-del-oscurantismo\/","title":{"rendered":"INAI: El retorno del oscurantismo"},"content":{"rendered":"<p><span style=\"font-size: 14pt;\"><strong>Por: Luis Ram\u00edrez Baqueiro<\/strong><\/span><\/p>\n<p><span style=\"font-size: 14pt;\"><em>\u201cDonde mora la libertad, all\u00e1 est\u00e1 mi patria.\u201d \u2013 Benjam\u00edn Franklin.<\/em><\/span><\/p>\n<p>&nbsp;<\/p>\n<p><span style=\"font-size: 14pt;\">Cual, si volvi\u00e9ramos al medievo, M\u00e9xico atraviesa la peor de las crisis de opacidad de la que se tenga memoria en los \u00faltimos 20 a\u00f1os.<\/span><\/p>\n<p><span style=\"font-size: 14pt;\">El oscurantismo de terror que pretende imponer el r\u00e9gimen transformador del presidente Andr\u00e9s Manuel L\u00f3pez Obrador es una de los muchos clavos que pareciera estar pretendiendo colocar al ata\u00fad de su propio gobierno.<\/span><\/p>\n<p><span style=\"font-size: 14pt;\">Sumidos en una especie de limbo ante la inoperancia del Instituto Nacional de Acceso a la Informaci\u00f3n y Protecci\u00f3n de Datos Personales (INAI), el cual acumula ya 7 meses sin poder desarrollar sus sesiones para dar tr\u00e1mite a las solicitudes de acceso a la informaci\u00f3n, pareciera esperar la estocada final de lo que se prepara ya como la operaci\u00f3n final de retorno oficial al oscurantismo cuatrotero.<\/span><\/p>\n<p><span style=\"font-size: 14pt;\">Y es que recordar\u00e1 amable lector que desde el pasado 1 de abril, el INAI qued\u00f3 imposibilitado para realizar sesiones plenarias pues solamente tiene cuatro de siete comisionados, uno menos del m\u00ednimo legal requerido.\u00a0<a href=\"https:\/\/www.animalpolitico.com\/politica\/inai-cumple-mes-sin-sesionar-comisionados-recursos-revision\">https:\/\/www.animalpolitico.com\/politica\/inai-cumple-mes-sin-sesionar-comisionados-recursos-revision<\/a><\/span><\/p>\n<p><span style=\"font-size: 14pt;\">El pasado 2 de octubre, la Suprema Corte de Justicia de la Naci\u00f3n (SCJN) volvi\u00f3 a darle la raz\u00f3n al INAI, paralizado intencionalmente desde ya casi 7 meses. Tras el vencimiento del mandato de tres de sus comisionados en abril, la mayor\u00eda morenista en el Senado ha mantenido bloqueada su renovaci\u00f3n como parte de la campa\u00f1a de desgaste lanzada por el Gobierno contra el organismo de transparencia.\u00a0<a href=\"https:\/\/elpais.com\/mexico\/2023-10-03\/la-corte-ordena-al-senado-desbloquear-el-inai.html\">https:\/\/elpais.com\/mexico\/2023-10-03\/la-corte-ordena-al-senado-desbloquear-el-inai.html<\/a><\/span><\/p>\n<p><span style=\"font-size: 14pt;\">La SCJN orden\u00f3 ahora al Senado poner en marcha el proceso de nombramiento de los comisionados faltantes antes de que termine el periodo de sesiones el 15 de diciembre. Como medida preventiva, el fallo permite adem\u00e1s que el pleno del organismo vuelva a funcionar con los cuatro comisionados con los que cuenta por ahora. El qu\u00f3rum m\u00ednimo previsto en la ley es de cinco comisionados.<\/span><\/p>\n<p><span style=\"font-size: 14pt;\">Solo que ahora dos fen\u00f3menos se est\u00e1n cocinando lamentablemente en contra del INAI, el primero, que era de esperarse, es que el Senado controlado por Morena y aliados, pretende, desconocer a todos los comisionados aprobados en las comisiones respectivas, para imponer abierta y francamente a puros simpatizantes de su movimiento, con la consigna de solo as\u00ed rehabilitar las facultades del \u00f3rgano aut\u00f3nomo.<\/span><\/p>\n<p><span style=\"font-size: 14pt;\">Cosa que evidentemente permitir\u00eda hacerse del control del \u00f3rgano garante de la transparencia en M\u00e9xico y con ello, emprender la m\u00e1s grande campa\u00f1a de simulaci\u00f3n conocida.<\/span><\/p>\n<p><span style=\"font-size: 14pt;\">La otra y a\u00fan m\u00e1s grave situaci\u00f3n es la autocensura que los comisionados integrantes del INAI se han impuesto por temor a sufrir represalias por parte del Poder Ejecutivo, v\u00eda Legislativo.<\/span><\/p>\n<p><span style=\"font-size: 14pt;\">Pero m\u00e1s grave resulta enterarse que los mismos comisionados en funciones, han creado una especie de cofrad\u00eda, en la que les han pedido a los ex miembros del INAI, no opinar, ni dar sus impresiones al respecto, creando en s\u00ed mismo una ant\u00edtesis de lo que se supone ellos promueven que es la transparencia y libre acceso a la informaci\u00f3n p\u00fablica.<\/span><\/p>\n<p><span style=\"font-size: 14pt;\">De esta manera la inminente condena a todo proceso que permita el renacimiento de la cultura de la transparencia y el acceso a la informaci\u00f3n pareciera tener sus principales obst\u00e1culos en quienes hoy lo conforman, por no tener los tama\u00f1os, ni los arrojos de defender un derecho universal consagrado en la misma Declaraci\u00f3n Universal de los Derechos Humanos, en su art\u00edculo 19, en donde se garantiza la libertad a investigar y recibir informaciones sobre los temas de orden p\u00fablico.<\/span><\/p>\n<p><span style=\"font-size: 14pt;\">Por lo pronto, mientras no exista un reclamo social masivo, demandando el accionar libre e inmediato del mismo INAI en garantizar, fortalecer y transparentar la garant\u00eda de acceso a la informaci\u00f3n los mexicanos estamos condenados a regresar al oscurantismo.<\/span><\/p>\n<p><span style=\"font-size: 14pt;\">Bonita chingadera, tanto avanzar, para que, en un sexenio, todo se fuera al traste.<\/span><\/p>\n<p>&nbsp;<\/p>\n<p><span style=\"font-size: 14pt;\">Al tiempo.<\/span><\/p>\n","protected":false},"excerpt":{"rendered":"<p>Por: Luis Ram\u00edrez Baqueiro \u201cDonde mora la libertad, all\u00e1 est\u00e1 mi patria.\u201d \u2013 Benjam\u00edn Franklin. &nbsp; Cual, si volvi\u00e9ramos al<\/p>\n","protected":false},"author":4,"featured_media":3572,"comment_status":"closed","ping_status":"closed","sticky":false,"template":"","format":"standard","meta":{"colormag_page_container_layout":"default_layout","colormag_page_sidebar_layout":"default_layout","_jetpack_memberships_contains_paid_content":false,"footnotes":"","jetpack_publicize_message":"","jetpack_publicize_feature_enabled":true,"jetpack_social_post_already_shared":true,"jetpack_social_options":{"image_generator_settings":{"template":"highway","default_image_id":0,"font":"","enabled":false},"version":2}},"categories":[6],"tags":[],"class_list":["post-19006","post","type-post","status-publish","format-standard","has-post-thumbnail","hentry","category-columnistas"],"jetpack_publicize_connections":[],"jetpack_featured_media_url":"https:\/\/noticiasveracruz.com\/wp-content\/uploads\/2022\/04\/LUIS-RAMI\u0301REZ-BAQUEIRO.png","jetpack_sharing_enabled":true,"publishpress_future_action":{"enabled":false,"date":"2026-05-06 17:51:16","action":"change-status","newStatus":"draft","terms":[],"taxonomy":"category","extraData":[]},"publishpress_future_workflow_manual_trigger":{"enabledWorkflows":[]},"_links":{"self":[{"href":"https:\/\/noticiasveracruz.com\/index.php\/wp-json\/wp\/v2\/posts\/19006","targetHints":{"allow":["GET"]}}],"collection":[{"href":"https:\/\/noticiasveracruz.com\/index.php\/wp-json\/wp\/v2\/posts"}],"about":[{"href":"https:\/\/noticiasveracruz.com\/index.php\/wp-json\/wp\/v2\/types\/post"}],"author":[{"embeddable":true,"href":"https:\/\/noticiasveracruz.com\/index.php\/wp-json\/wp\/v2\/users\/4"}],"replies":[{"embeddable":true,"href":"https:\/\/noticiasveracruz.com\/index.php\/wp-json\/wp\/v2\/comments?post=19006"}],"version-history":[{"count":0,"href":"https:\/\/noticiasveracruz.com\/index.php\/wp-json\/wp\/v2\/posts\/19006\/revisions"}],"wp:featuredmedia":[{"embeddable":true,"href":"https:\/\/noticiasveracruz.com\/index.php\/wp-json\/wp\/v2\/media\/3572"}],"wp:attachment":[{"href":"https:\/\/noticiasveracruz.com\/index.php\/wp-json\/wp\/v2\/media?parent=19006"}],"wp:term":[{"taxonomy":"category","embeddable":true,"href":"https:\/\/noticiasveracruz.com\/index.php\/wp-json\/wp\/v2\/categories?post=19006"},{"taxonomy":"post_tag","embeddable":true,"href":"https:\/\/noticiasveracruz.com\/index.php\/wp-json\/wp\/v2\/tags?post=19006"}],"curies":[{"name":"wp","href":"https:\/\/api.w.org\/{rel}","templated":true}]}}