{"id":18991,"date":"2023-10-03T19:32:38","date_gmt":"2023-10-04T00:32:38","guid":{"rendered":"https:\/\/noticiasveracruz.com\/?p=18991"},"modified":"2023-10-03T19:32:38","modified_gmt":"2023-10-04T00:32:38","slug":"sheinbaum-recibe-constancia-del-verde-como-coordinadora-de-los-comites-de-la-4t","status":"publish","type":"post","link":"https:\/\/noticiasveracruz.com\/index.php\/2023\/10\/03\/sheinbaum-recibe-constancia-del-verde-como-coordinadora-de-los-comites-de-la-4t\/","title":{"rendered":"Sheinbaum recibe constancia del Verde como coordinadora de los comit\u00e9s de la 4T"},"content":{"rendered":"<p><span style=\"font-size: 14pt;\">Claudia Sheinbaum recibi\u00f3 de manos de la dirigencia nacional y los liderazgos del Partido Verde Ecologista de M\u00e9xico (PVEM), la constancia que la acredita como su coordinadora de los Comit\u00e9s de Defensa de la Cuarta Transformaci\u00f3n.<\/span><\/p>\n<p><span style=\"font-size: 14pt;\">Ataviada en un traje sastre color verde, Claudia Sheinbaum lleg\u00f3 a la Expo Reforma, en la Ciudad de M\u00e9xico, para recibir, al ritmo de la batucada, todo el apoyo de \u201cla familia verde\u201d, que con porras y arengas le prometi\u00f3 llevarla hasta la Presidencia de la Rep\u00fablica.<\/span><\/p>\n<p><img loading=\"lazy\" decoding=\"async\" class=\"alignnone size-medium wp-image-18993\" src=\"http:\/\/noticiasveracruz.com\/wp-content\/uploads\/2023\/10\/f608x342-331386_361109_0-300x169.jpg\" alt=\"\" width=\"300\" height=\"169\" srcset=\"https:\/\/noticiasveracruz.com\/wp-content\/uploads\/2023\/10\/f608x342-331386_361109_0-300x169.jpg 300w, https:\/\/noticiasveracruz.com\/wp-content\/uploads\/2023\/10\/f608x342-331386_361109_0.jpg 608w\" sizes=\"auto, (max-width: 300px) 100vw, 300px\" \/><\/p>\n<p><span style=\"font-size: 14pt;\">En su mensaje, Sheinbaum Pardo asegur\u00f3 que el ambientalismo y los valores que impulsa el PVEM son parte de su causa.<\/span><\/p>\n<p><span style=\"font-size: 14pt;\">Dijo que aunque la ventaja que le dan las encuestas frente a sus opositores es amplia, no hay que confiarse, por ello pidi\u00f3 a los militantes del Partido Verde trabajar duro en la conformaci\u00f3n de comit\u00e9s para sumar a m\u00e1s simpatizantes.<\/span><\/p>\n<p><span style=\"font-size: 14pt;\">En el presidium estuvieron presentes los dirigentes de Morena, Mario Delgado y Citlalli Hern\u00e1ndez, as\u00ed como Gerardo Fern\u00e1ndez Noro\u00f1a en representaci\u00f3n del PT.<\/span><\/p>\n<p><span style=\"font-size: 14pt;\">Por parte del PVEM, acudieron Karen Castrej\u00f3n, Jes\u00fas Sesma, Manuel Velasco, Arturo Escobar, Carlos Puente, Ra\u00fal Bola\u00f1os, Francisco Elizondo y el reci\u00e9n integrado Jorge Carlos Ram\u00edrez Mar\u00edn.<\/span><\/p>\n","protected":false},"excerpt":{"rendered":"<p>Claudia Sheinbaum recibi\u00f3 de manos de la dirigencia nacional y los liderazgos del Partido Verde Ecologista de M\u00e9xico (PVEM), la<\/p>\n","protected":false},"author":4,"featured_media":18992,"comment_status":"closed","ping_status":"closed","sticky":false,"template":"","format":"standard","meta":{"colormag_page_container_layout":"default_layout","colormag_page_sidebar_layout":"default_layout","_jetpack_memberships_contains_paid_content":false,"footnotes":"","jetpack_publicize_message":"","jetpack_publicize_feature_enabled":true,"jetpack_social_post_already_shared":true,"jetpack_social_options":{"image_generator_settings":{"template":"highway","default_image_id":0,"font":"","enabled":false},"version":2}},"categories":[4],"tags":[],"class_list":["post-18991","post","type-post","status-publish","format-standard","has-post-thumbnail","hentry","category-nacional"],"jetpack_publicize_connections":[],"jetpack_featured_media_url":"https:\/\/noticiasveracruz.com\/wp-content\/uploads\/2023\/10\/651c9f33c33bc.jpeg","jetpack_sharing_enabled":true,"publishpress_future_action":{"enabled":false,"date":"2026-05-06 19:17:34","action":"change-status","newStatus":"draft","terms":[],"taxonomy":"category","extraData":[]},"publishpress_future_workflow_manual_trigger":{"enabledWorkflows":[]},"_links":{"self":[{"href":"https:\/\/noticiasveracruz.com\/index.php\/wp-json\/wp\/v2\/posts\/18991","targetHints":{"allow":["GET"]}}],"collection":[{"href":"https:\/\/noticiasveracruz.com\/index.php\/wp-json\/wp\/v2\/posts"}],"about":[{"href":"https:\/\/noticiasveracruz.com\/index.php\/wp-json\/wp\/v2\/types\/post"}],"author":[{"embeddable":true,"href":"https:\/\/noticiasveracruz.com\/index.php\/wp-json\/wp\/v2\/users\/4"}],"replies":[{"embeddable":true,"href":"https:\/\/noticiasveracruz.com\/index.php\/wp-json\/wp\/v2\/comments?post=18991"}],"version-history":[{"count":0,"href":"https:\/\/noticiasveracruz.com\/index.php\/wp-json\/wp\/v2\/posts\/18991\/revisions"}],"wp:featuredmedia":[{"embeddable":true,"href":"https:\/\/noticiasveracruz.com\/index.php\/wp-json\/wp\/v2\/media\/18992"}],"wp:attachment":[{"href":"https:\/\/noticiasveracruz.com\/index.php\/wp-json\/wp\/v2\/media?parent=18991"}],"wp:term":[{"taxonomy":"category","embeddable":true,"href":"https:\/\/noticiasveracruz.com\/index.php\/wp-json\/wp\/v2\/categories?post=18991"},{"taxonomy":"post_tag","embeddable":true,"href":"https:\/\/noticiasveracruz.com\/index.php\/wp-json\/wp\/v2\/tags?post=18991"}],"curies":[{"name":"wp","href":"https:\/\/api.w.org\/{rel}","templated":true}]}}