{"id":18978,"date":"2023-10-03T18:09:14","date_gmt":"2023-10-03T23:09:14","guid":{"rendered":"https:\/\/noticiasveracruz.com\/?p=18978"},"modified":"2023-10-03T18:09:14","modified_gmt":"2023-10-03T23:09:14","slug":"mas-familias-tuxpenas-beneficiadas-con-el-programa-de-apoyo-a-la-vivienda-del-sistema-dif","status":"publish","type":"post","link":"https:\/\/noticiasveracruz.com\/index.php\/2023\/10\/03\/mas-familias-tuxpenas-beneficiadas-con-el-programa-de-apoyo-a-la-vivienda-del-sistema-dif\/","title":{"rendered":"Mas familias tuxpe\u00f1as beneficiadas con el Programa de Apoyo a la Vivienda, del sistema DIF"},"content":{"rendered":"<p><strong><span style=\"font-size: 14pt;\">\u2022 Se entregaron tinacos, estufas ecol\u00f3gicas y paquetes de l\u00e1minas para mejorar viviendas<\/span><\/strong><\/p>\n<p><span style=\"font-size: 14pt;\">Tuxpan, Ver., 03 octubre 2023.- Dando continuidad al compromiso de transformar positivamente la vida de las familias tuxpe\u00f1as, el Gobierno de Tuxpan y el DIF Municipal llevaron a cabo una entrega m\u00e1s del Programa Apoyo a la Vivienda.<\/span><\/p>\n<p><span style=\"font-size: 14pt;\">En esta ocasi\u00f3n se benefici\u00f3 a 100 familias en situaci\u00f3n de vulnerabilidad de diversas colonias y comunidades, con la entrega de art\u00edculos de primera necesidad como tinacos, estufas ecol\u00f3gicas y paquetes de l\u00e1minas.<\/span><\/p>\n<p><img loading=\"lazy\" decoding=\"async\" class=\"wp-image-18980 aligncenter\" src=\"http:\/\/noticiasveracruz.com\/wp-content\/uploads\/2023\/10\/WhatsApp-Image-2023-10-03-at-16.47.30-300x200.jpeg\" alt=\"\" width=\"438\" height=\"292\" srcset=\"https:\/\/noticiasveracruz.com\/wp-content\/uploads\/2023\/10\/WhatsApp-Image-2023-10-03-at-16.47.30-300x200.jpeg 300w, https:\/\/noticiasveracruz.com\/wp-content\/uploads\/2023\/10\/WhatsApp-Image-2023-10-03-at-16.47.30-1024x682.jpeg 1024w, https:\/\/noticiasveracruz.com\/wp-content\/uploads\/2023\/10\/WhatsApp-Image-2023-10-03-at-16.47.30-768x512.jpeg 768w, https:\/\/noticiasveracruz.com\/wp-content\/uploads\/2023\/10\/WhatsApp-Image-2023-10-03-at-16.47.30-1536x1023.jpeg 1536w, https:\/\/noticiasveracruz.com\/wp-content\/uploads\/2023\/10\/WhatsApp-Image-2023-10-03-at-16.47.30.jpeg 1600w\" sizes=\"auto, (max-width: 438px) 100vw, 438px\" \/><\/p>\n<p><span style=\"font-size: 14pt;\">La entrega estuvo encabezada por el Lic. Jos\u00e9 Manuel Pozos Castro, presidente municipal de Tuxpan; Pamela Morales Huesca, presidenta del DIF Municipal y la s\u00edndica \u00fanica Mtra. Beatriz Pi\u00f1a Vergara.<\/span><\/p>\n<p><span style=\"font-size: 14pt;\">\u201cUna de nuestras m\u00e1s altas prioridades es mejorar de manera permanente las condiciones de su vida cotidiana, en materia de salud y bienestar comunitario\u2026 Con viviendas mejor equipadas, habitables y sustentables estamos trabajando para devolver la esperanza a los que menos tienen\u201d, indic\u00f3 el alcalde en su mensaje.<\/span><\/p>\n<p><span style=\"font-size: 14pt;\">Bajo ese tenor, se\u00f1al\u00f3 que el gobierno que encabeza ha hecho un gran equipo con el DIF Municipal y el DIF Estatal, lo que les ha permitido trabajar de manera coordinada para abatir las carencias en las colonias y comunidades con apoyos que son de mucha ayuda.<\/span><\/p>\n<p><img loading=\"lazy\" decoding=\"async\" class=\"wp-image-18981 aligncenter\" src=\"http:\/\/noticiasveracruz.com\/wp-content\/uploads\/2023\/10\/WhatsApp-Image-2023-10-03-at-16.47.33-300x200.jpeg\" alt=\"\" width=\"378\" height=\"252\" srcset=\"https:\/\/noticiasveracruz.com\/wp-content\/uploads\/2023\/10\/WhatsApp-Image-2023-10-03-at-16.47.33-300x200.jpeg 300w, https:\/\/noticiasveracruz.com\/wp-content\/uploads\/2023\/10\/WhatsApp-Image-2023-10-03-at-16.47.33-1024x682.jpeg 1024w, https:\/\/noticiasveracruz.com\/wp-content\/uploads\/2023\/10\/WhatsApp-Image-2023-10-03-at-16.47.33-768x512.jpeg 768w, https:\/\/noticiasveracruz.com\/wp-content\/uploads\/2023\/10\/WhatsApp-Image-2023-10-03-at-16.47.33-1536x1023.jpeg 1536w, https:\/\/noticiasveracruz.com\/wp-content\/uploads\/2023\/10\/WhatsApp-Image-2023-10-03-at-16.47.33.jpeg 1600w\" sizes=\"auto, (max-width: 378px) 100vw, 378px\" \/><\/p>\n<p><span style=\"font-size: 14pt;\">Pozos Castro reconoci\u00f3 el trabajo que realiza el DIF Tuxpan en beneficio del pueblo de Tuxpan al desarrollar proyectos productivos, talleres y cursos de capacitaci\u00f3n para el autoempleo.<\/span><\/p>\n<p><span style=\"font-size: 14pt;\">As\u00ed mismo, agradeci\u00f3 al gobernador Cuitl\u00e1huac Garc\u00eda Jim\u00e9nez y a Rebeca Quintanar Barcel\u00f3, directora del DIF Estatal, por el respaldo que brindan en esta cruzada para mejorar la calidad de vida de las familias tuxpe\u00f1as.<\/span><\/p>\n<p><span style=\"font-size: 14pt;\">\u201cTengan la completa seguridad que continuaremos trabajando con un gran sentido de justicia social, para abatir la desigualdad y crear las mejores condiciones para un bienestar en cada uno de sus hogares. Somos un gobierno sensible y al servicio del pueblo, por lo que seguiremos atendiendo a quien m\u00e1s lo necesita\u201d, asegur\u00f3.<\/span><\/p>\n<p><img loading=\"lazy\" decoding=\"async\" class=\"wp-image-18982 aligncenter\" src=\"http:\/\/noticiasveracruz.com\/wp-content\/uploads\/2023\/10\/WhatsApp-Image-2023-10-03-at-16.47.28-300x200.jpeg\" alt=\"\" width=\"480\" height=\"320\" srcset=\"https:\/\/noticiasveracruz.com\/wp-content\/uploads\/2023\/10\/WhatsApp-Image-2023-10-03-at-16.47.28-300x200.jpeg 300w, https:\/\/noticiasveracruz.com\/wp-content\/uploads\/2023\/10\/WhatsApp-Image-2023-10-03-at-16.47.28-1024x683.jpeg 1024w, https:\/\/noticiasveracruz.com\/wp-content\/uploads\/2023\/10\/WhatsApp-Image-2023-10-03-at-16.47.28-768x512.jpeg 768w, https:\/\/noticiasveracruz.com\/wp-content\/uploads\/2023\/10\/WhatsApp-Image-2023-10-03-at-16.47.28.jpeg 1280w\" sizes=\"auto, (max-width: 480px) 100vw, 480px\" \/><\/p>\n<p><span style=\"font-size: 14pt;\">El mandatario se comprometi\u00f3 a redoblar esfuerzos para que la justicia social siga llegando a las comunidades y a quienes viven en colonias populares: \u201cantes viv\u00edan en un abandono y rezago social; hoy es al rev\u00e9s, hoy el compromiso es con quien m\u00e1s lo necesita\u201d.<\/span><\/p>\n","protected":false},"excerpt":{"rendered":"<p>\u2022 Se entregaron tinacos, estufas ecol\u00f3gicas y paquetes de l\u00e1minas para mejorar viviendas Tuxpan, Ver., 03 octubre 2023.- Dando continuidad<\/p>\n","protected":false},"author":4,"featured_media":18979,"comment_status":"closed","ping_status":"closed","sticky":false,"template":"","format":"standard","meta":{"colormag_page_container_layout":"default_layout","colormag_page_sidebar_layout":"default_layout","_jetpack_memberships_contains_paid_content":false,"footnotes":"","jetpack_publicize_message":"","jetpack_publicize_feature_enabled":true,"jetpack_social_post_already_shared":true,"jetpack_social_options":{"image_generator_settings":{"template":"highway","default_image_id":0,"font":"","enabled":false},"version":2}},"categories":[356],"tags":[],"class_list":["post-18978","post","type-post","status-publish","format-standard","has-post-thumbnail","hentry","category-veracruz"],"jetpack_publicize_connections":[],"jetpack_featured_media_url":"https:\/\/noticiasveracruz.com\/wp-content\/uploads\/2023\/10\/WhatsApp-Image-2023-10-03-at-16.47.29.jpeg","jetpack_sharing_enabled":true,"publishpress_future_action":{"enabled":false,"date":"2026-05-06 20:50:41","action":"change-status","newStatus":"draft","terms":[],"taxonomy":"category","extraData":[]},"publishpress_future_workflow_manual_trigger":{"enabledWorkflows":[]},"_links":{"self":[{"href":"https:\/\/noticiasveracruz.com\/index.php\/wp-json\/wp\/v2\/posts\/18978","targetHints":{"allow":["GET"]}}],"collection":[{"href":"https:\/\/noticiasveracruz.com\/index.php\/wp-json\/wp\/v2\/posts"}],"about":[{"href":"https:\/\/noticiasveracruz.com\/index.php\/wp-json\/wp\/v2\/types\/post"}],"author":[{"embeddable":true,"href":"https:\/\/noticiasveracruz.com\/index.php\/wp-json\/wp\/v2\/users\/4"}],"replies":[{"embeddable":true,"href":"https:\/\/noticiasveracruz.com\/index.php\/wp-json\/wp\/v2\/comments?post=18978"}],"version-history":[{"count":0,"href":"https:\/\/noticiasveracruz.com\/index.php\/wp-json\/wp\/v2\/posts\/18978\/revisions"}],"wp:featuredmedia":[{"embeddable":true,"href":"https:\/\/noticiasveracruz.com\/index.php\/wp-json\/wp\/v2\/media\/18979"}],"wp:attachment":[{"href":"https:\/\/noticiasveracruz.com\/index.php\/wp-json\/wp\/v2\/media?parent=18978"}],"wp:term":[{"taxonomy":"category","embeddable":true,"href":"https:\/\/noticiasveracruz.com\/index.php\/wp-json\/wp\/v2\/categories?post=18978"},{"taxonomy":"post_tag","embeddable":true,"href":"https:\/\/noticiasveracruz.com\/index.php\/wp-json\/wp\/v2\/tags?post=18978"}],"curies":[{"name":"wp","href":"https:\/\/api.w.org\/{rel}","templated":true}]}}