{"id":18968,"date":"2023-10-03T17:06:51","date_gmt":"2023-10-03T22:06:51","guid":{"rendered":"https:\/\/noticiasveracruz.com\/?p=18968"},"modified":"2023-10-03T17:06:51","modified_gmt":"2023-10-03T22:06:51","slug":"anulan-orden-de-captura-contra-garcia-luna","status":"publish","type":"post","link":"https:\/\/noticiasveracruz.com\/index.php\/2023\/10\/03\/anulan-orden-de-captura-contra-garcia-luna\/","title":{"rendered":"Anulan orden de captura contra Garc\u00eda Luna"},"content":{"rendered":"<h2 class=\"teaser\"><span style=\"font-size: 14pt; font-family: georgia, palatino, serif;\">La FGR acusa al juez y a los magistrados que ratificaron la negativa de la orden de aprehensi\u00f3n de actuar en contra de la administraci\u00f3n de la justicia.<\/span><\/h2>\n<p>La Fiscal\u00eda General de la Rep\u00fablica (FGR)\u00a0iniciar\u00e1 un procedimiento legal en contra del juez de Distrito, Gerardo Genaro Alarc\u00f3n L\u00f3pez, quien inicialmente neg\u00f3 una orden de aprehensi\u00f3n en contra del exsecretario de Seguridad P\u00fablica Federal, Genaro Garc\u00eda Luna, por el delito de enriquecimiento il\u00edcito y contra los magistrados que ratificaron la negativa, toda vez que actuaron en contra la administraci\u00f3n de justicia.<\/p>\n<p>A trav\u00e9s de una ficha informativa la FGR se\u00f1al\u00f3 que el tribunal integrado por los magistrados Alberto Torres Villanueva, Manuel B\u00e1rcena Villanueva y Gabriela Guadalupe Rodr\u00edguez Escobar\u00a0resolvi\u00f3 que se negaba\u00a0el mandamiento judicial obtenido, violentando el art\u00edculo 224 del C\u00f3digo Penal Federal vigente en la \u00e9poca de los hechos, el cual establec\u00eda: \u00abSe sancionar\u00e1 a quien, con motivo de su empleo, cargo o comisi\u00f3n en el servicio p\u00fablico, haya incurrido en enriquecimiento il\u00edcito\u00bb.<\/p>\n<p><img loading=\"lazy\" decoding=\"async\" class=\"wp-image-18969 aligncenter\" src=\"http:\/\/noticiasveracruz.com\/wp-content\/uploads\/2023\/10\/garcia_luna_01-300x200.jpg\" alt=\"\" width=\"449\" height=\"299\" srcset=\"https:\/\/noticiasveracruz.com\/wp-content\/uploads\/2023\/10\/garcia_luna_01-300x200.jpg 300w, https:\/\/noticiasveracruz.com\/wp-content\/uploads\/2023\/10\/garcia_luna_01-768x511.jpg 768w, https:\/\/noticiasveracruz.com\/wp-content\/uploads\/2023\/10\/garcia_luna_01.jpg 946w\" sizes=\"auto, (max-width: 449px) 100vw, 449px\" \/><\/p>\n<p>Cabe destacar que despu\u00e9s de haber obtenido de un juez de control, orden de aprehensi\u00f3n por enriquecimiento il\u00edcito en contra de Genaro Garc\u00eda Luna\u00a0por hab\u00e9rsele descubierto un ingreso injustificado, inicialmente de m\u00e1s de 43 millones de pesos durante su gesti\u00f3n como servidor p\u00fablico en el periodo de 2000 a 2012, y sin que los mismos consten en sus declaraciones fiscales y patrimoniales, lo cual est\u00e1 confirmado por diligencias periciales contables.<\/p>\n<p>Aun as\u00ed, se desech\u00f3 la orden de aprehensi\u00f3n, aun cuando con los datos de prueba proporcionados a la autoridad jurisdiccional est\u00e1 demostrado que su patrimonio es desproporcionado e injustificado con relaci\u00f3n a sus ingresos l\u00edcitos, lo que violenta los principios de legalidad y el debido proceso.<\/p>\n<p>En raz\u00f3n de lo anterior, se iniciar\u00e1 el procedimiento legal en contra del juez de Distrito, Gerardo Genaro Alarc\u00f3n L\u00f3pez, quien inicialmente neg\u00f3 la orden, y de los magistrados que confirmaron dicha negativa, toda vez que actuaron en contra la administraci\u00f3n de justicia.<\/p>\n<p>La FGR tambi\u00e9n dio a conocer que existen otras tres \u00f3rdenes de aprehensi\u00f3n vigentes, por diferentes delitos, en contra de Genaro Garc\u00eda Luna por diversos delitos.<\/p>\n","protected":false},"excerpt":{"rendered":"<p>La FGR acusa al juez y a los magistrados que ratificaron la negativa de la orden de aprehensi\u00f3n de actuar<\/p>\n","protected":false},"author":4,"featured_media":18970,"comment_status":"closed","ping_status":"closed","sticky":false,"template":"","format":"standard","meta":{"colormag_page_container_layout":"default_layout","colormag_page_sidebar_layout":"default_layout","_jetpack_memberships_contains_paid_content":false,"footnotes":"","jetpack_publicize_message":"","jetpack_publicize_feature_enabled":true,"jetpack_social_post_already_shared":true,"jetpack_social_options":{"image_generator_settings":{"template":"highway","default_image_id":0,"font":"","enabled":false},"version":2}},"categories":[4],"tags":[],"class_list":["post-18968","post","type-post","status-publish","format-standard","has-post-thumbnail","hentry","category-nacional"],"jetpack_publicize_connections":[],"jetpack_featured_media_url":"https:\/\/noticiasveracruz.com\/wp-content\/uploads\/2023\/10\/GARCIA-LUNA-1068x801-1-1024x768-1.jpg","jetpack_sharing_enabled":true,"publishpress_future_action":{"enabled":false,"date":"2026-05-06 22:21:49","action":"change-status","newStatus":"draft","terms":[],"taxonomy":"category","extraData":[]},"publishpress_future_workflow_manual_trigger":{"enabledWorkflows":[]},"_links":{"self":[{"href":"https:\/\/noticiasveracruz.com\/index.php\/wp-json\/wp\/v2\/posts\/18968","targetHints":{"allow":["GET"]}}],"collection":[{"href":"https:\/\/noticiasveracruz.com\/index.php\/wp-json\/wp\/v2\/posts"}],"about":[{"href":"https:\/\/noticiasveracruz.com\/index.php\/wp-json\/wp\/v2\/types\/post"}],"author":[{"embeddable":true,"href":"https:\/\/noticiasveracruz.com\/index.php\/wp-json\/wp\/v2\/users\/4"}],"replies":[{"embeddable":true,"href":"https:\/\/noticiasveracruz.com\/index.php\/wp-json\/wp\/v2\/comments?post=18968"}],"version-history":[{"count":0,"href":"https:\/\/noticiasveracruz.com\/index.php\/wp-json\/wp\/v2\/posts\/18968\/revisions"}],"wp:featuredmedia":[{"embeddable":true,"href":"https:\/\/noticiasveracruz.com\/index.php\/wp-json\/wp\/v2\/media\/18970"}],"wp:attachment":[{"href":"https:\/\/noticiasveracruz.com\/index.php\/wp-json\/wp\/v2\/media?parent=18968"}],"wp:term":[{"taxonomy":"category","embeddable":true,"href":"https:\/\/noticiasveracruz.com\/index.php\/wp-json\/wp\/v2\/categories?post=18968"},{"taxonomy":"post_tag","embeddable":true,"href":"https:\/\/noticiasveracruz.com\/index.php\/wp-json\/wp\/v2\/tags?post=18968"}],"curies":[{"name":"wp","href":"https:\/\/api.w.org\/{rel}","templated":true}]}}