{"id":18922,"date":"2023-10-03T09:26:32","date_gmt":"2023-10-03T14:26:32","guid":{"rendered":"https:\/\/noticiasveracruz.com\/?p=18922"},"modified":"2023-10-03T09:26:32","modified_gmt":"2023-10-03T14:26:32","slug":"ultimatum-al-senado-para-completar-inai","status":"publish","type":"post","link":"https:\/\/noticiasveracruz.com\/index.php\/2023\/10\/03\/ultimatum-al-senado-para-completar-inai\/","title":{"rendered":"Ultim\u00e1tum al Senado para completar Inai"},"content":{"rendered":"<p><span style=\"font-size: 14pt;\">Con ocho votos a favor y dos en contra, la Suprema Corte de Justicia de la Naci\u00f3n (SCJN) declar\u00f3 inconstitucional la omisi\u00f3n del Senado de la Rep\u00fablica para designar a comisionados faltantes del Instituto Nacional de Transparencia, Acceso a la Informaci\u00f3n y Protecci\u00f3n de Datos Personales (Inai).<\/span><\/p>\n<p><span style=\"font-size: 14pt;\">La tarde de ayer, la SCJN discuti\u00f3 la controversia constitucional promovida por el Inai en contra de la C\u00e1mara de Senadores del Congreso de la Uni\u00f3n, demandando la invalidez de la omisi\u00f3n para designar a quienes deber\u00e1n ocupar tres vacantes de personas comisionadas del propio Instituto, sustentados en el art\u00edculo sexto constitucional.<\/span><\/p>\n<p><span style=\"font-size: 14pt;\">Tras argumentar que la falta de comisionados en el Inai afecta su operaci\u00f3n, integraci\u00f3n y operaci\u00f3n, y adem\u00e1s permite la violaci\u00f3n sistem\u00e1tica del derecho al acceso a la informaci\u00f3n y la protecci\u00f3n de datos personales, la Corte determin\u00f3 que la votaci\u00f3n de los nombramientos pendientes deber\u00e1n realizarse en el periodo ordinario que culmina el 15 de diciembre. Asimismo, el pleno de la SCJN autoriz\u00f3 que el Inai sesione con menos de cinco comisionados.<\/span><\/p>\n<p><span style=\"font-size: 14pt;\">El plazo que tiene el Senado para hacer el nombramiento de las comisionadas o los comisionados del Inai, es de 60 d\u00edas previos a la generaci\u00f3n de una vacante, el cual se ha vencido en exceso.<\/span><\/p>\n<p><img loading=\"lazy\" decoding=\"async\" class=\"alignnone size-medium wp-image-18923\" src=\"http:\/\/noticiasveracruz.com\/wp-content\/uploads\/2023\/10\/luis-maria-aguilar-ministro-1024x529-1-300x155.jpg\" alt=\"\" width=\"300\" height=\"155\" srcset=\"https:\/\/noticiasveracruz.com\/wp-content\/uploads\/2023\/10\/luis-maria-aguilar-ministro-1024x529-1-300x155.jpg 300w, https:\/\/noticiasveracruz.com\/wp-content\/uploads\/2023\/10\/luis-maria-aguilar-ministro-1024x529-1-768x397.jpg 768w, https:\/\/noticiasveracruz.com\/wp-content\/uploads\/2023\/10\/luis-maria-aguilar-ministro-1024x529-1.jpg 1024w\" sizes=\"auto, (max-width: 300px) 100vw, 300px\" \/><\/p>\n<p><span style=\"font-size: 14pt;\"><strong>DA\u00d1O<\/strong><\/span><\/p>\n<p><span style=\"font-size: 14pt;\">La falta de esos nombramientos ha afectado la debida integraci\u00f3n y el funcionamiento del Inai, en menoscabo de su autonom\u00eda, manifest\u00f3 la Suprema Corte.<\/span><\/p>\n<p><span style=\"font-size: 14pt;\">A favor del fallo estuvieron Alberto P\u00e9rez Day\u00e1n, Margarita R\u00edos Farjat, Juan Luis Gonz\u00e1lez Alc\u00e1ntara, Luis Mar\u00eda Aguilar Morales, Alfredo Ortiz Mena, Jorge Pardo Rebolledo, Javier Laynez y la ministra presidenta Norma Pi\u00f1a. En contra votaron\u00a0 Yasm\u00edn Esquivel y Loretta Ortiz, afines a la 4T.<\/span><\/p>\n<p><span style=\"font-size: 14pt;\">La controversia constitucional 280\/2023, promovida por el\u00a0 Inai, demandando la invalidez de la omisi\u00f3n por parte de \u00e9sta de designar a quienes ocupar\u00e1n tres vacantes de personas comisionadas del propio Instituto, en t\u00e9rminos del art\u00edculo sexto constitucional.<\/span><\/p>\n","protected":false},"excerpt":{"rendered":"<p>Con ocho votos a favor y dos en contra, la Suprema Corte de Justicia de la Naci\u00f3n (SCJN) declar\u00f3 inconstitucional<\/p>\n","protected":false},"author":4,"featured_media":18924,"comment_status":"closed","ping_status":"closed","sticky":false,"template":"","format":"standard","meta":{"colormag_page_container_layout":"default_layout","colormag_page_sidebar_layout":"default_layout","_jetpack_memberships_contains_paid_content":false,"footnotes":"","jetpack_publicize_message":"","jetpack_publicize_feature_enabled":true,"jetpack_social_post_already_shared":true,"jetpack_social_options":{"image_generator_settings":{"template":"highway","default_image_id":0,"font":"","enabled":false},"version":2}},"categories":[4],"tags":[],"class_list":["post-18922","post","type-post","status-publish","format-standard","has-post-thumbnail","hentry","category-nacional"],"jetpack_publicize_connections":[],"jetpack_featured_media_url":"https:\/\/noticiasveracruz.com\/wp-content\/uploads\/2023\/10\/pleno-de-la-suprema-corte-de-justicia-de-la-nacionscjn.jpg","jetpack_sharing_enabled":true,"publishpress_future_action":{"enabled":false,"date":"2026-05-07 09:39:20","action":"change-status","newStatus":"draft","terms":[],"taxonomy":"category","extraData":[]},"publishpress_future_workflow_manual_trigger":{"enabledWorkflows":[]},"_links":{"self":[{"href":"https:\/\/noticiasveracruz.com\/index.php\/wp-json\/wp\/v2\/posts\/18922","targetHints":{"allow":["GET"]}}],"collection":[{"href":"https:\/\/noticiasveracruz.com\/index.php\/wp-json\/wp\/v2\/posts"}],"about":[{"href":"https:\/\/noticiasveracruz.com\/index.php\/wp-json\/wp\/v2\/types\/post"}],"author":[{"embeddable":true,"href":"https:\/\/noticiasveracruz.com\/index.php\/wp-json\/wp\/v2\/users\/4"}],"replies":[{"embeddable":true,"href":"https:\/\/noticiasveracruz.com\/index.php\/wp-json\/wp\/v2\/comments?post=18922"}],"version-history":[{"count":0,"href":"https:\/\/noticiasveracruz.com\/index.php\/wp-json\/wp\/v2\/posts\/18922\/revisions"}],"wp:featuredmedia":[{"embeddable":true,"href":"https:\/\/noticiasveracruz.com\/index.php\/wp-json\/wp\/v2\/media\/18924"}],"wp:attachment":[{"href":"https:\/\/noticiasveracruz.com\/index.php\/wp-json\/wp\/v2\/media?parent=18922"}],"wp:term":[{"taxonomy":"category","embeddable":true,"href":"https:\/\/noticiasveracruz.com\/index.php\/wp-json\/wp\/v2\/categories?post=18922"},{"taxonomy":"post_tag","embeddable":true,"href":"https:\/\/noticiasveracruz.com\/index.php\/wp-json\/wp\/v2\/tags?post=18922"}],"curies":[{"name":"wp","href":"https:\/\/api.w.org\/{rel}","templated":true}]}}