{"id":18918,"date":"2023-10-03T09:14:40","date_gmt":"2023-10-03T14:14:40","guid":{"rendered":"https:\/\/noticiasveracruz.com\/?p=18918"},"modified":"2023-10-03T09:14:40","modified_gmt":"2023-10-03T14:14:40","slug":"aerolineas-mexicanas-abren-rutas-a-eu","status":"publish","type":"post","link":"https:\/\/noticiasveracruz.com\/index.php\/2023\/10\/03\/aerolineas-mexicanas-abren-rutas-a-eu\/","title":{"rendered":"Aerol\u00edneas mexicanas abren rutas a EU"},"content":{"rendered":"<p><span style=\"font-size: 14pt;\">Tras 28 meses de estar imposibilitadas para abrir rutas hacia Estados Unidos, perder participaci\u00f3n de mercado y reportar p\u00e9rdidas de m\u00e1s mil millones de d\u00f3lares, las aerol\u00edneas mexicanas han comenzado a anunciar nuevas rutas en el mercado transfronterizo tras la recuperaci\u00f3n de M\u00e9xico de la Categor\u00eda 1 en seguridad a\u00e9rea.<\/span><\/p>\n<p><span style=\"font-size: 14pt;\">Por ejemplo, la alianza entre M\u00e9xico y Delta incrementar\u00e1 su oferta de asientos entre los dos pa\u00edses 30% a partir de enero de 2024. De acuerdo con Aerom\u00e9xico, iniciar\u00e1 operaciones paulatinamente en 17 rutas hacia destinos como Atlanta, Salt Lake City, Nueva York, Los \u00c1ngeles, Detroit, Washington D.C, Boston, McAllen y Dallas Fort Worth desde los aeropuertos de Monterrey, Baj\u00edo, Quer\u00e9taro, M\u00e9rida, Ciudad de M\u00e9xico, Guadalajara y AIFA (Aeropuerto Internacional Felipe \u00c1ngeles).<\/span><\/p>\n<p><img loading=\"lazy\" decoding=\"async\" class=\"alignnone  wp-image-18919\" src=\"http:\/\/noticiasveracruz.com\/wp-content\/uploads\/2023\/10\/Boeing-737-MAX-AM-1024x696-1-300x204.jpeg\" alt=\"\" width=\"443\" height=\"301\" srcset=\"https:\/\/noticiasveracruz.com\/wp-content\/uploads\/2023\/10\/Boeing-737-MAX-AM-1024x696-1-300x204.jpeg 300w, https:\/\/noticiasveracruz.com\/wp-content\/uploads\/2023\/10\/Boeing-737-MAX-AM-1024x696-1-768x522.jpeg 768w, https:\/\/noticiasveracruz.com\/wp-content\/uploads\/2023\/10\/Boeing-737-MAX-AM-1024x696-1.jpeg 1024w\" sizes=\"auto, (max-width: 443px) 100vw, 443px\" \/><\/p>\n<p><span style=\"font-size: 14pt;\">Seg\u00fan Aerom\u00e9xico con las nuevas rutas y el incremento de frecuencias en sus destinos actuales para julio del pr\u00f3ximo a\u00f1o espera alcanzar cerca de 60 frecuencias diarias hacia Estados Unidos, lo que representa un incremento de 35% en sus salidas, comparado con 2023. Mientras que Delta ofrecer\u00e1 34 frecuencias diarias hacia siete destinos de M\u00e9xico durante julio. En 2024, Aerom\u00e9xico y Delta alcanzar\u00e1n una oferta de m\u00e1s de 90 vuelos diarios entre M\u00e9xico y Estados Unidos a trav\u00e9s de cerca de 60 rutas. Adem\u00e1s, Aerom\u00e9xico utilizar\u00e1 los m\u00e1s de 50 aviones nuevos que incorpor\u00f3 en los \u00faltimos dos a\u00f1os para operar las rutas hacia Estados Unidos y que no pod\u00eda utilizar por la degradaci\u00f3n a Categor\u00eda 2 que ten\u00eda M\u00e9xico.<\/span><\/p>\n<div>\n<p><span style=\"font-size: 14pt;\"><strong>M\u00e1s opciones<\/strong><\/span><\/p>\n<\/div>\n<p><span style=\"font-size: 14pt;\">Aerom\u00e9xico no es la \u00fanica empresa que ya anunci\u00f3 la ampliaci\u00f3n de sus servicios tras la recategorizaci\u00f3n pues Viva Aerobus lanz\u00f3 seis nuevas rutas desde su centro de operaciones de Monterrey a destinos como Austin, Denver, Miami, Nueva York (JFK), San Francisco (Oakland) y Orlando.<\/span><\/p>\n<p><span style=\"font-size: 14pt;\">La ruta entre Monterrey y Denver comenzar\u00e1 operaciones el 25 de enero, el servicio a Austin a partir del 22 de marzo, Orlando estar\u00e1 disponible el 9 de mayo y Miami y San Francisco a partir del 1 de julio.<\/span><\/p>\n<p><span style=\"font-size: 14pt;\">Adicionalmente, la empresa anunci\u00f3 dos nuevos vuelos desde M\u00e9rida hacia las ciudades de Miami y Orlando. La primera comenzar\u00e1 servicio el 1 de julio y la segunda el 2 de julio para atender la temporada alta del verano del pr\u00f3ximo a\u00f1o.<\/span><\/p>\n<p><span style=\"font-size: 14pt;\">Tras la recategorizaci\u00f3n, Viva podr\u00e1 retomar sus planes de alianza con Allegiant.<\/span><\/p>\n<p><span style=\"font-size: 14pt;\">Por su parte, Volaris no ha anunciado nuevas rutas. Sin embargo, su presidente Enrique Beltranena, mencion\u00f3 que la aerol\u00ednea estar\u00eda en posici\u00f3n de distribuir 5.0% de su capacidad en el mercado internacional para atender rutas entre M\u00e9xico y Estados Unidos. Adem\u00e1s, tambi\u00e9n planea retomar su alianza estrat\u00e9gica con Frontier Airlines.<\/span><\/p>\n","protected":false},"excerpt":{"rendered":"<p>Tras 28 meses de estar imposibilitadas para abrir rutas hacia Estados Unidos, perder participaci\u00f3n de mercado y reportar p\u00e9rdidas de<\/p>\n","protected":false},"author":4,"featured_media":18920,"comment_status":"closed","ping_status":"closed","sticky":false,"template":"","format":"standard","meta":{"colormag_page_container_layout":"default_layout","colormag_page_sidebar_layout":"default_layout","_jetpack_memberships_contains_paid_content":false,"footnotes":"","jetpack_publicize_message":"","jetpack_publicize_feature_enabled":true,"jetpack_social_post_already_shared":true,"jetpack_social_options":{"image_generator_settings":{"template":"highway","default_image_id":0,"font":"","enabled":false},"version":2}},"categories":[4],"tags":[],"class_list":["post-18918","post","type-post","status-publish","format-standard","has-post-thumbnail","hentry","category-nacional"],"jetpack_publicize_connections":[],"jetpack_featured_media_url":"https:\/\/noticiasveracruz.com\/wp-content\/uploads\/2023\/10\/JGNTSCEKJNA53OJFR2LOGDJN64-scaled.jpg","jetpack_sharing_enabled":true,"publishpress_future_action":{"enabled":false,"date":"2026-05-07 08:51:53","action":"change-status","newStatus":"draft","terms":[],"taxonomy":"category","extraData":[]},"publishpress_future_workflow_manual_trigger":{"enabledWorkflows":[]},"_links":{"self":[{"href":"https:\/\/noticiasveracruz.com\/index.php\/wp-json\/wp\/v2\/posts\/18918","targetHints":{"allow":["GET"]}}],"collection":[{"href":"https:\/\/noticiasveracruz.com\/index.php\/wp-json\/wp\/v2\/posts"}],"about":[{"href":"https:\/\/noticiasveracruz.com\/index.php\/wp-json\/wp\/v2\/types\/post"}],"author":[{"embeddable":true,"href":"https:\/\/noticiasveracruz.com\/index.php\/wp-json\/wp\/v2\/users\/4"}],"replies":[{"embeddable":true,"href":"https:\/\/noticiasveracruz.com\/index.php\/wp-json\/wp\/v2\/comments?post=18918"}],"version-history":[{"count":0,"href":"https:\/\/noticiasveracruz.com\/index.php\/wp-json\/wp\/v2\/posts\/18918\/revisions"}],"wp:featuredmedia":[{"embeddable":true,"href":"https:\/\/noticiasveracruz.com\/index.php\/wp-json\/wp\/v2\/media\/18920"}],"wp:attachment":[{"href":"https:\/\/noticiasveracruz.com\/index.php\/wp-json\/wp\/v2\/media?parent=18918"}],"wp:term":[{"taxonomy":"category","embeddable":true,"href":"https:\/\/noticiasveracruz.com\/index.php\/wp-json\/wp\/v2\/categories?post=18918"},{"taxonomy":"post_tag","embeddable":true,"href":"https:\/\/noticiasveracruz.com\/index.php\/wp-json\/wp\/v2\/tags?post=18918"}],"curies":[{"name":"wp","href":"https:\/\/api.w.org\/{rel}","templated":true}]}}