{"id":18907,"date":"2023-10-02T19:21:28","date_gmt":"2023-10-03T00:21:28","guid":{"rendered":"https:\/\/noticiasveracruz.com\/?p=18907"},"modified":"2023-10-02T19:21:28","modified_gmt":"2023-10-03T00:21:28","slug":"andres-roemer-es-detenido-en-israel","status":"publish","type":"post","link":"https:\/\/noticiasveracruz.com\/index.php\/2023\/10\/02\/andres-roemer-es-detenido-en-israel\/","title":{"rendered":"Andr\u00e9s Roemer es detenido en Israel"},"content":{"rendered":"<p><span style=\"font-size: 14pt;\">Andr\u00e9s Roemer, escritor y exdiplom\u00e1tico, fue detenido en Israel ayer 1 de octubre de 2023 y ser\u00e1 pr\u00f3ximamente extraditado a M\u00e9xico, en donde es requerido por diversas denuncias de abuso sexual presentadas por varias mujeres, confirm\u00f3 el presidente Andr\u00e9s Manuel L\u00f3pez Obrador.<\/span><\/p>\n<p><span style=\"font-size: 14pt;\">\u201cSe detuvo a esta persona en Israel y se va a extraditar, hoy va a informar sobre este caso Secretar\u00eda de Relaciones Exteriores. Hoy nos informaron que se concedi\u00f3 o que se conceder\u00e1 la extradici\u00f3n\u201d, dijo el mandatario en su ma\u00f1anera de este lunes.<\/span><\/p>\n<p><img loading=\"lazy\" decoding=\"async\" class=\"alignnone size-medium wp-image-18908\" src=\"http:\/\/noticiasveracruz.com\/wp-content\/uploads\/2023\/10\/A14b-300x225.jpg\" alt=\"\" width=\"300\" height=\"225\" srcset=\"https:\/\/noticiasveracruz.com\/wp-content\/uploads\/2023\/10\/A14b-300x225.jpg 300w, https:\/\/noticiasveracruz.com\/wp-content\/uploads\/2023\/10\/A14b-768x576.jpg 768w, https:\/\/noticiasveracruz.com\/wp-content\/uploads\/2023\/10\/A14b.jpg 800w\" sizes=\"auto, (max-width: 300px) 100vw, 300px\" \/><\/p>\n<p><span style=\"font-size: 14pt;\">Andr\u00e9s Roemer, de origen jud\u00edo, permanec\u00eda pr\u00f3fugo en Israel tras las m\u00faltiples acusaciones en su contra fincadas en la Ciudad de M\u00e9xico, en donde la Fiscal\u00eda capitalina abri\u00f3 investigaciones luego de las denuncias presentadas por varias v\u00edctimas y obtuvo una orden de aprehensi\u00f3n contra el exdiplom\u00e1tico.<\/span><\/p>\n<p><span style=\"font-size: 14pt;\">\u00abLa solicitud de extradici\u00f3n fue examinada en Israel y despu\u00e9s de deliberaciones entre las autoridades de Israel y M\u00e9xico, el Sr. Roemer fue arrestado ayer por la polic\u00eda israel\u00ed\u00bb, inform\u00f3 por su parte la embajada de Israel en M\u00e9xico<\/span><\/p>\n<p><span style=\"font-size: 14pt;\">Al mismo tiempo de su captura, la Fiscal\u00eda del Estado de Israel present\u00f3 una petici\u00f3n ante el Tribunal Regional de Justicia de Jerusal\u00e9n para su extradici\u00f3n a M\u00e9xico.<\/span><\/p>\n<p><span style=\"font-size: 14pt;\">El escritor es considerado \u201cextraditable a M\u00e9xico por los delitos de violaci\u00f3n que se le atribuyen en la solicitud de extradici\u00f3n\u201d, precis\u00f3 el Ministerio de Justicia israel\u00ed en un comunicado.<\/span><\/p>\n<p><span style=\"font-size: 14pt;\">La embajada de Israel en M\u00e9xico record\u00f3 que no existe un acuerdo de extradici\u00f3n entre ambos pa\u00edses, pero las autoridades determinaron detener a Roemer y enviarlo a nuestro pa\u00eds debido a que \u00abrespeta el estado de derecho y no un refugio para criminales\u00bb.<\/span><\/p>\n<p><span style=\"font-size: 14pt;\">\u00abIsrael trat\u00f3 la solicitud con toda seriedad y continuar\u00e1 haci\u00e9ndolo en el futuro. Israel concede la m\u00e1xima importancia en llevar criminales a la justicia y promueve la cooperaci\u00f3n internacional en la lucha contra la delincuencia\u00bb, puntualiz\u00f3 la embajada y agreg\u00f3 que continuar\u00e1 la \u00abrelaci\u00f3n profesional\u00bb con las partes relevantes en M\u00e9xico.<\/span><\/p>\n<p><span style=\"font-size: 14pt;\">M\u00e9xico present\u00f3 cinco solicitudes formales de extradici\u00f3n desde 2021 contra Roemer, quien est\u00e1 acusado de abuso sexual agravado y violaci\u00f3n luego de que en febrero de ese a\u00f1o decenas de mujeres rompieron el silencio y lo acusaron de dichos delitos cometidos durante entrevistas laborales en su casa.<\/span><\/p>\n<p><span style=\"font-size: 14pt;\">El exdiplom\u00e1tico contaba con una ficha roja emitida en 2022 por la Interpol a fin de su localizaci\u00f3n y detenci\u00f3n, a solicitud de la Fiscal\u00eda General de la Rep\u00fablica por petici\u00f3n de la Fiscal\u00eda de la Ciudad de M\u00e9xico, la cual lleva las investigaciones contra Roemer por abuso sexual.<\/span><\/p>\n<p>&nbsp;<\/p>\n","protected":false},"excerpt":{"rendered":"<p>Andr\u00e9s Roemer, escritor y exdiplom\u00e1tico, fue detenido en Israel ayer 1 de octubre de 2023 y ser\u00e1 pr\u00f3ximamente extraditado a<\/p>\n","protected":false},"author":4,"featured_media":18909,"comment_status":"closed","ping_status":"closed","sticky":false,"template":"","format":"standard","meta":{"colormag_page_container_layout":"default_layout","colormag_page_sidebar_layout":"default_layout","_jetpack_memberships_contains_paid_content":false,"footnotes":"","jetpack_publicize_message":"","jetpack_publicize_feature_enabled":true,"jetpack_social_post_already_shared":true,"jetpack_social_options":{"image_generator_settings":{"template":"highway","default_image_id":0,"font":"","enabled":false},"version":2}},"categories":[355],"tags":[],"class_list":["post-18907","post","type-post","status-publish","format-standard","has-post-thumbnail","hentry","category-internacional"],"jetpack_publicize_connections":[],"jetpack_featured_media_url":"https:\/\/noticiasveracruz.com\/wp-content\/uploads\/2023\/10\/roemer-extradicion-israel-mexico.jpg","jetpack_sharing_enabled":true,"publishpress_future_action":{"enabled":false,"date":"2026-05-07 09:28:39","action":"change-status","newStatus":"draft","terms":[],"taxonomy":"category","extraData":[]},"publishpress_future_workflow_manual_trigger":{"enabledWorkflows":[]},"_links":{"self":[{"href":"https:\/\/noticiasveracruz.com\/index.php\/wp-json\/wp\/v2\/posts\/18907","targetHints":{"allow":["GET"]}}],"collection":[{"href":"https:\/\/noticiasveracruz.com\/index.php\/wp-json\/wp\/v2\/posts"}],"about":[{"href":"https:\/\/noticiasveracruz.com\/index.php\/wp-json\/wp\/v2\/types\/post"}],"author":[{"embeddable":true,"href":"https:\/\/noticiasveracruz.com\/index.php\/wp-json\/wp\/v2\/users\/4"}],"replies":[{"embeddable":true,"href":"https:\/\/noticiasveracruz.com\/index.php\/wp-json\/wp\/v2\/comments?post=18907"}],"version-history":[{"count":0,"href":"https:\/\/noticiasveracruz.com\/index.php\/wp-json\/wp\/v2\/posts\/18907\/revisions"}],"wp:featuredmedia":[{"embeddable":true,"href":"https:\/\/noticiasveracruz.com\/index.php\/wp-json\/wp\/v2\/media\/18909"}],"wp:attachment":[{"href":"https:\/\/noticiasveracruz.com\/index.php\/wp-json\/wp\/v2\/media?parent=18907"}],"wp:term":[{"taxonomy":"category","embeddable":true,"href":"https:\/\/noticiasveracruz.com\/index.php\/wp-json\/wp\/v2\/categories?post=18907"},{"taxonomy":"post_tag","embeddable":true,"href":"https:\/\/noticiasveracruz.com\/index.php\/wp-json\/wp\/v2\/tags?post=18907"}],"curies":[{"name":"wp","href":"https:\/\/api.w.org\/{rel}","templated":true}]}}