{"id":18903,"date":"2023-10-02T19:13:44","date_gmt":"2023-10-03T00:13:44","guid":{"rendered":"https:\/\/noticiasveracruz.com\/?p=18903"},"modified":"2023-10-02T19:13:44","modified_gmt":"2023-10-03T00:13:44","slug":"ultimo-ano-de-gobierno-y-los-proyectos-pendientes","status":"publish","type":"post","link":"https:\/\/noticiasveracruz.com\/index.php\/2023\/10\/02\/ultimo-ano-de-gobierno-y-los-proyectos-pendientes\/","title":{"rendered":"\u00daltimo a\u00f1o de gobierno y los proyectos pendientes"},"content":{"rendered":"<p><span style=\"font-size: 14pt;\">Con la meta de concluir sus proyectos principales, el presidente Andr\u00e9s Manuel L\u00f3pez Obrador inicia hoy su \u00faltimo a\u00f1o de gobierno.<\/span><\/p>\n<p><span style=\"font-size: 14pt;\">Para concretar la mayor parte de las obras que arranc\u00f3 en la primera fase de su proyecto pol\u00edtico, el mandatario emplear\u00e1 la mayor parte de su tiempo.<\/span><\/p>\n<p><span style=\"font-size: 14pt;\">-El Tren Maya<\/span><\/p>\n<p><span style=\"font-size: 14pt;\">La obra m\u00e1s emblem\u00e1tica del actual sexenio ser\u00e1 entregada a finales de este a\u00f1o, tentativamente en diciembre. Para evitar retrasos en las obras, el titular del Ejecutivo realiza giras por Campeche, Chiapas, Yucat\u00e1n y Quintana Roo para supervisar el avance de los trabajos. Los recorridos suele hacerlos mediante sobrevuelos en helic\u00f3ptero o bien a bordo de los propios trenes en los tramos que ya est\u00e1n operacionales.<\/span><\/p>\n<p><span style=\"font-size: 14pt;\">La Refiner\u00eda Dos Bocas representa un reto especial, toda vez que la secretaria de Energ\u00eda, Roc\u00edo Nahle, est\u00e1 a punto de renunciar al gobierno para enfocarse en su campa\u00f1a por la gubernatura de Veracruz.<\/span><\/p>\n<p><img loading=\"lazy\" decoding=\"async\" class=\"alignnone size-medium wp-image-18904\" src=\"http:\/\/noticiasveracruz.com\/wp-content\/uploads\/2023\/10\/ruta-tren-maya-completa-estaciones-mapa-300x169.jpg\" alt=\"\" width=\"300\" height=\"169\" srcset=\"https:\/\/noticiasveracruz.com\/wp-content\/uploads\/2023\/10\/ruta-tren-maya-completa-estaciones-mapa-300x169.jpg 300w, https:\/\/noticiasveracruz.com\/wp-content\/uploads\/2023\/10\/ruta-tren-maya-completa-estaciones-mapa-1024x576.jpg 1024w, https:\/\/noticiasveracruz.com\/wp-content\/uploads\/2023\/10\/ruta-tren-maya-completa-estaciones-mapa-768x432.jpg 768w, https:\/\/noticiasveracruz.com\/wp-content\/uploads\/2023\/10\/ruta-tren-maya-completa-estaciones-mapa.jpg 1280w\" sizes=\"auto, (max-width: 300px) 100vw, 300px\" \/><\/p>\n<p><span style=\"font-size: 14pt;\">-Refiner\u00eda Dos Bocas.<\/span><\/p>\n<p><span style=\"font-size: 14pt;\">El pasado 22 de septiembre, el Presidente dijo que la funcionaria acudi\u00f3 a Palacio Nacional para llevarle las primeras muestras de gasolina y de di\u00e9sel que est\u00e1 comenzando a procesar la refiner\u00eda que debe estar en operaci\u00f3n a finales de este a\u00f1o.<\/span><\/p>\n<p><span style=\"font-size: 14pt;\">El corredor interoce\u00e1nico contempla la modernizaci\u00f3n de la v\u00eda de ferrocarril y de la autopista que conecta a Coatzacoalcos, Veracruz, con Salina Cruz, Oaxaca, y que estar\u00e1 concluido a finales del sexenio. En ese caso, habr\u00e1 diez parques industriales a lo largo de los 320 kil\u00f3metros del corredor, que estar\u00e1n reservados para empresas mexicanas.<\/span><\/p>\n<p><span style=\"font-size: 14pt;\">El proyecto de agua saludable para La Laguna, los acueductos y presas en Sinaloa y Nayarit, el nuevo distrito de riego en Sonora, los caminos rurales en el sureste, las plantas el\u00e9ctricas para la pen\u00ednsula de Yucat\u00e1n, las plantas e\u00f3licas en Sonora, las plantas de licuefacci\u00f3n de gas en el Golfo y en el Pac\u00edfico, la modernizaci\u00f3n de las hidroel\u00e9ctricas, la renovaci\u00f3n de las seis refiner\u00edas, la conexi\u00f3n por tren al AIFA, la conclusi\u00f3n del tren M\u00e9xico-Toluca, la construcci\u00f3n de caminos rurales, son otros de los proyectos que el presidente suele supervisar durante las giras que realiza los fines de semana.<\/span><\/p>\n<p><span style=\"font-size: 14pt;\">El propio Presidente se ha propuesto trabajar 16 horas al d\u00eda en el a\u00f1o que le resta de gobierno y con ello poder concretar los proyectos que est\u00e1n en curso.<\/span><\/p>\n<p><span style=\"font-size: 14pt;\">-Corredor Interoce\u00e1nico.<\/span><\/p>\n<p><span style=\"font-size: 14pt;\">El titular del Ejecutivo reiter\u00f3 en repetidas ocasiones que no busc\u00f3 alg\u00fan recurso legal para alargar su periodo en la presidencia y asumi\u00f3 que el \u00faltimo d\u00eda de septiembre de 2024 concluye su vida pol\u00edtica.<\/span><\/p>\n<p><span style=\"font-size: 14pt;\">L\u00f3pez Obrador ser\u00e1 el primer presidente al que aplique la reforma electoral publicada el 10 de febrero de 2017, que se\u00f1ala que a partir de 2024 el titular del Ejecutivo entrar\u00e1 en funciones el 1 de octubre del a\u00f1o de la elecci\u00f3n.<\/span><\/p>\n<p><span style=\"font-size: 14pt;\">Con ello se reduce el periodo de transici\u00f3n de cerca de cuatro meses, que iniciaba tras la elecci\u00f3n y conclu\u00eda el 1 de diciembre con la ceremonia de toma de posesi\u00f3n del presidente electo.<\/span><\/p>\n","protected":false},"excerpt":{"rendered":"<p>Con la meta de concluir sus proyectos principales, el presidente Andr\u00e9s Manuel L\u00f3pez Obrador inicia hoy su \u00faltimo a\u00f1o de<\/p>\n","protected":false},"author":4,"featured_media":18905,"comment_status":"closed","ping_status":"closed","sticky":false,"template":"","format":"standard","meta":{"colormag_page_container_layout":"default_layout","colormag_page_sidebar_layout":"default_layout","_jetpack_memberships_contains_paid_content":false,"footnotes":"","jetpack_publicize_message":"","jetpack_publicize_feature_enabled":true,"jetpack_social_post_already_shared":true,"jetpack_social_options":{"image_generator_settings":{"template":"highway","default_image_id":0,"font":"","enabled":false},"version":2}},"categories":[4],"tags":[],"class_list":["post-18903","post","type-post","status-publish","format-standard","has-post-thumbnail","hentry","category-nacional"],"jetpack_publicize_connections":[],"jetpack_featured_media_url":"https:\/\/noticiasveracruz.com\/wp-content\/uploads\/2023\/10\/AMLO.jpg","jetpack_sharing_enabled":true,"publishpress_future_action":{"enabled":false,"date":"2026-05-07 10:07:10","action":"change-status","newStatus":"draft","terms":[],"taxonomy":"category","extraData":[]},"publishpress_future_workflow_manual_trigger":{"enabledWorkflows":[]},"_links":{"self":[{"href":"https:\/\/noticiasveracruz.com\/index.php\/wp-json\/wp\/v2\/posts\/18903","targetHints":{"allow":["GET"]}}],"collection":[{"href":"https:\/\/noticiasveracruz.com\/index.php\/wp-json\/wp\/v2\/posts"}],"about":[{"href":"https:\/\/noticiasveracruz.com\/index.php\/wp-json\/wp\/v2\/types\/post"}],"author":[{"embeddable":true,"href":"https:\/\/noticiasveracruz.com\/index.php\/wp-json\/wp\/v2\/users\/4"}],"replies":[{"embeddable":true,"href":"https:\/\/noticiasveracruz.com\/index.php\/wp-json\/wp\/v2\/comments?post=18903"}],"version-history":[{"count":0,"href":"https:\/\/noticiasveracruz.com\/index.php\/wp-json\/wp\/v2\/posts\/18903\/revisions"}],"wp:featuredmedia":[{"embeddable":true,"href":"https:\/\/noticiasveracruz.com\/index.php\/wp-json\/wp\/v2\/media\/18905"}],"wp:attachment":[{"href":"https:\/\/noticiasveracruz.com\/index.php\/wp-json\/wp\/v2\/media?parent=18903"}],"wp:term":[{"taxonomy":"category","embeddable":true,"href":"https:\/\/noticiasveracruz.com\/index.php\/wp-json\/wp\/v2\/categories?post=18903"},{"taxonomy":"post_tag","embeddable":true,"href":"https:\/\/noticiasveracruz.com\/index.php\/wp-json\/wp\/v2\/tags?post=18903"}],"curies":[{"name":"wp","href":"https:\/\/api.w.org\/{rel}","templated":true}]}}