{"id":18899,"date":"2023-10-02T19:11:42","date_gmt":"2023-10-03T00:11:42","guid":{"rendered":"https:\/\/noticiasveracruz.com\/?p=18899"},"modified":"2023-10-02T19:11:42","modified_gmt":"2023-10-03T00:11:42","slug":"ricardo-sheffield-se-despide-de-profeco","status":"publish","type":"post","link":"https:\/\/noticiasveracruz.com\/index.php\/2023\/10\/02\/ricardo-sheffield-se-despide-de-profeco\/","title":{"rendered":"Ricardo Sheffield se despide de Profeco"},"content":{"rendered":"<p><span style=\"font-size: 14pt;\">Este martes 2 de octubre de 2023, el presidente de M\u00e9xico, Andr\u00e9s Manuel L\u00f3pez Obrador, se despidi\u00f3 a Ricardo Sheffield y agradeci\u00f3 su trabajo al frente de la Procuradur\u00eda Federal del Consumidor (Profeco), tras su salida de la dependencia para participar en las elecciones de 2024.<\/span><\/p>\n<p><span style=\"font-size: 14pt;\">En este contexto, el mandatario se refiri\u00f3 a Sheffield como un servidor p\u00fablico \u201cmuy eficiente\u00bb y que ayud\u00f3 mucho en la conservaci\u00f3n y estabilidad de los precios tanto de combustibles como de la canasta b\u00e1sica.<\/span><\/p>\n<p><img loading=\"lazy\" decoding=\"async\" class=\"alignnone size-medium wp-image-18900\" src=\"http:\/\/noticiasveracruz.com\/wp-content\/uploads\/2023\/10\/image13-scaled-1-300x224.jpeg\" alt=\"\" width=\"300\" height=\"224\" srcset=\"https:\/\/noticiasveracruz.com\/wp-content\/uploads\/2023\/10\/image13-scaled-1-300x224.jpeg 300w, https:\/\/noticiasveracruz.com\/wp-content\/uploads\/2023\/10\/image13-scaled-1-1024x765.jpeg 1024w, https:\/\/noticiasveracruz.com\/wp-content\/uploads\/2023\/10\/image13-scaled-1-768x574.jpeg 768w, https:\/\/noticiasveracruz.com\/wp-content\/uploads\/2023\/10\/image13-scaled-1-1536x1147.jpeg 1536w, https:\/\/noticiasveracruz.com\/wp-content\/uploads\/2023\/10\/image13-scaled-1-2048x1530.jpeg 2048w\" sizes=\"auto, (max-width: 300px) 100vw, 300px\" \/><\/p>\n<h2><span style=\"font-size: 14pt;\">\u00bfPor qu\u00e9 sale Ricardo Sheffield de la Profeco?<\/span><\/h2>\n<p><span style=\"font-size: 14pt;\">El hasta hoy titular de la Profeco anunci\u00f3 d\u00edas atr\u00e1s sus intenciones de contender por la gubernatura de Guanajuato, su estado natal, raz\u00f3n por la cual present\u00f3 su renuncia al presidente de M\u00e9xico, Andr\u00e9s Manuel L\u00f3pez Obrador.<\/span><\/p>\n<p><span style=\"font-size: 14pt;\">Despu\u00e9s de ser analizada la propuesta, el jefe del Ejecutivo dio su anuencia y este lunes inform\u00f3 que ser\u00eda la \u00faltima exposici\u00f3n de Sheffield como procurador en el marco de la conferencia <em>ma\u00f1anera<\/em>, donde cada lunes se dan a conocer los precios de los combustibles y la canasta b\u00e1sica.<\/span><\/p>\n<p><span style=\"font-size: 14pt;\">Cabe se\u00f1alar que esta ser\u00e1 la segunda salida de Sheffield del gabinete, pues en 2021 dej\u00f3 su cargo en busca de la presidencia municipal de Le\u00f3n, Guanajuato, sin embargo, perdi\u00f3 ante la panista Alejandra Guti\u00e9rrez Campos.<\/span><\/p>\n<p><span style=\"font-size: 14pt;\">Sobre qui\u00e9n ser\u00e1 el o la que sustituye a Ricardo Sheffield, el presidente no dio a conocer el nombre, pues asegur\u00f3 que en lo que resta de la semana se anunciar\u00e1 qui\u00e9n ocupar\u00e1 el cargo en la Profeco.<\/span><\/p>\n","protected":false},"excerpt":{"rendered":"<p>Este martes 2 de octubre de 2023, el presidente de M\u00e9xico, Andr\u00e9s Manuel L\u00f3pez Obrador, se despidi\u00f3 a Ricardo Sheffield<\/p>\n","protected":false},"author":4,"featured_media":18901,"comment_status":"closed","ping_status":"closed","sticky":false,"template":"","format":"standard","meta":{"colormag_page_container_layout":"default_layout","colormag_page_sidebar_layout":"default_layout","_jetpack_memberships_contains_paid_content":false,"footnotes":"","jetpack_publicize_message":"","jetpack_publicize_feature_enabled":true,"jetpack_social_post_already_shared":true,"jetpack_social_options":{"image_generator_settings":{"template":"highway","default_image_id":0,"font":"","enabled":false},"version":2}},"categories":[4],"tags":[],"class_list":["post-18899","post","type-post","status-publish","format-standard","has-post-thumbnail","hentry","category-nacional"],"jetpack_publicize_connections":[],"jetpack_featured_media_url":"https:\/\/noticiasveracruz.com\/wp-content\/uploads\/2023\/10\/3013097.jpg","jetpack_sharing_enabled":true,"publishpress_future_action":{"enabled":false,"date":"2026-05-07 10:51:19","action":"change-status","newStatus":"draft","terms":[],"taxonomy":"category","extraData":[]},"publishpress_future_workflow_manual_trigger":{"enabledWorkflows":[]},"_links":{"self":[{"href":"https:\/\/noticiasveracruz.com\/index.php\/wp-json\/wp\/v2\/posts\/18899","targetHints":{"allow":["GET"]}}],"collection":[{"href":"https:\/\/noticiasveracruz.com\/index.php\/wp-json\/wp\/v2\/posts"}],"about":[{"href":"https:\/\/noticiasveracruz.com\/index.php\/wp-json\/wp\/v2\/types\/post"}],"author":[{"embeddable":true,"href":"https:\/\/noticiasveracruz.com\/index.php\/wp-json\/wp\/v2\/users\/4"}],"replies":[{"embeddable":true,"href":"https:\/\/noticiasveracruz.com\/index.php\/wp-json\/wp\/v2\/comments?post=18899"}],"version-history":[{"count":0,"href":"https:\/\/noticiasveracruz.com\/index.php\/wp-json\/wp\/v2\/posts\/18899\/revisions"}],"wp:featuredmedia":[{"embeddable":true,"href":"https:\/\/noticiasveracruz.com\/index.php\/wp-json\/wp\/v2\/media\/18901"}],"wp:attachment":[{"href":"https:\/\/noticiasveracruz.com\/index.php\/wp-json\/wp\/v2\/media?parent=18899"}],"wp:term":[{"taxonomy":"category","embeddable":true,"href":"https:\/\/noticiasveracruz.com\/index.php\/wp-json\/wp\/v2\/categories?post=18899"},{"taxonomy":"post_tag","embeddable":true,"href":"https:\/\/noticiasveracruz.com\/index.php\/wp-json\/wp\/v2\/tags?post=18899"}],"curies":[{"name":"wp","href":"https:\/\/api.w.org\/{rel}","templated":true}]}}