{"id":18895,"date":"2023-10-02T18:56:42","date_gmt":"2023-10-02T23:56:42","guid":{"rendered":"https:\/\/noticiasveracruz.com\/?p=18895"},"modified":"2023-10-02T18:56:42","modified_gmt":"2023-10-02T23:56:42","slug":"migrantes-modifican-su-ruta-por-violencia","status":"publish","type":"post","link":"https:\/\/noticiasveracruz.com\/index.php\/2023\/10\/02\/migrantes-modifican-su-ruta-por-violencia\/","title":{"rendered":"Migrantes modifican su ruta por violencia"},"content":{"rendered":"<p><span style=\"font-size: 14pt;\">Riesgos como robos, desapariciones y reclutamiento forzado por parte del crimen organizado en la ruta del Golfo han orillado a los migrantes a tomar otros caminos para llegar a la frontera norte e intentar llegar a Estados Unidos.<\/span><\/p>\n<p><span style=\"font-size: 14pt;\">En Tamaulipas, donde culmina la ruta del Golfo, que de acuerdo con la Secretar\u00eda de la Defensa Nacional\u00a0(Sedena) es la m\u00e1s usada y peligrosa en tr\u00e1nsito irregular, se ha observado una disminuci\u00f3n dr\u00e1stica en el n\u00famero de extranjeros que llegan a la frontera, ya que, de acuerdo con autoridades estatales, en menos de cinco meses dicha poblaci\u00f3n se redujo en un 48.5 por ciento.<\/span><\/p>\n<p><span style=\"font-size: 14pt;\">Los migrantes que transitan por nuestro pa\u00eds han optado por cruzar Oaxaca, a donde llegan desde Chiapas, atravesando el Istmo de Tehuantepec, para despu\u00e9s trasladarse por el centro del pa\u00eds o por la costa del Pac\u00edfico, principalmente a bordo de trenes.<\/span><\/p>\n<p><img loading=\"lazy\" decoding=\"async\" class=\"alignnone size-medium wp-image-18896\" src=\"http:\/\/noticiasveracruz.com\/wp-content\/uploads\/2023\/10\/mxxico_protesta_migrantes_inm_oaxaca_foto_cuarta_plana_oaxaca-300x169.jpg\" alt=\"\" width=\"300\" height=\"169\" srcset=\"https:\/\/noticiasveracruz.com\/wp-content\/uploads\/2023\/10\/mxxico_protesta_migrantes_inm_oaxaca_foto_cuarta_plana_oaxaca-300x169.jpg 300w, https:\/\/noticiasveracruz.com\/wp-content\/uploads\/2023\/10\/mxxico_protesta_migrantes_inm_oaxaca_foto_cuarta_plana_oaxaca.jpg 700w\" sizes=\"auto, (max-width: 300px) 100vw, 300px\" \/><\/p>\n<p><span style=\"font-size: 14pt;\"><strong>Violencia tuerce la ruta migrante<\/strong><\/span><\/p>\n<div>\n<p><span style=\"font-size: 14pt;\"><em>Debido a las constantes vejaciones de las que son v\u00edctimas por parte del crimen, extranjeros optaron por tomar otros caminos hacia EU.<\/em><\/span><\/p>\n<p><span style=\"font-size: 14pt;\">El crimen organizado en M\u00e9xico ha orillado a los migrantes que buscan llegar a Estados Unidos a dejar rutas m\u00e1s directas a la frontera norte y abrirse paso por estados como Oaxaca, lo que, a su vez, implica un mayor uso de la red ferroviaria.<\/span><\/p>\n<p><span style=\"font-size: 14pt;\">De acuerdo con la Secretar\u00eda de la Defensa Nacional (Sedena), la ruta del Golfo es la m\u00e1s usada y peligrosa en tr\u00e1nsito irregular. Sin embargo, el riesgo que implica el paso por Veracruz \u2014que en los \u00faltimos a\u00f1os se ha convertido en el campo de batalla entre el C\u00e1rtel Jalisco Nueva Generaci\u00f3n y Los Zetas Vieja Escuela\u2014 ha provocado que muchos migrantes eviten el estado.<\/span><\/p>\n<p><span style=\"font-size: 14pt;\">Sedena tiene identificadas tres principales rutas de migraci\u00f3n ilegal para cruzar el pa\u00eds y llegar a Estados Unidos: la del Golfo, por Veracruz y Tamaulipas; la Centro, que pasa por los estados de Oaxaca, Puebla, Estado de M\u00e9xico, hasta el Baj\u00edo, para llegar a las fronteras de Coahuila y Chihuahua, y la del Pac\u00edfico, que culmina en las fronteras de Sonora y Baja California.<\/span><\/p>\n<p><span style=\"font-size: 14pt;\">Entre los peligros que enfrentan los migrantes al tomar la ruta del Golfo est\u00e1n el reclutamiento forzado por parte de los grupos delincuenciales, robos, extorsiones y desapariciones, as\u00ed como el abandono por parte de los polleros dentro de tr\u00e1ileres, sin agua, comida ni ox\u00edgeno y, en algunos casos, drogados para inhibir sus necesidades b\u00e1sicas.<\/span><\/p>\n<p><span style=\"font-size: 14pt;\">En las \u00faltimas semanas, se ha observado una disminuci\u00f3n dr\u00e1stica en el n\u00famero de extranjeros que llegan a la frontera de Tamaulipas, ya que, de acuerdo con autoridades estatales, en menos de cinco meses dicha poblaci\u00f3n se redujo en 48.5%. Mientras que en otras zonas fronterizas, como en Piedras Negras, Coahuila, aument\u00f3.<\/span><\/p>\n<p><span style=\"font-size: 14pt;\">En tanto, Iv\u00e1n Garc\u00eda \u00c1lvarez, secretario de Seguridad y Protecci\u00f3n Ciudadana de Oaxaca, afirma que un promedio de cuatro mil y cinco mil migrantes llegan al estado por d\u00eda, principalmente al Istmo de Tehuantepec y a la capital, \u201cporque la ruta por Veracruz est\u00e1 controlada por el crimen organizado\u201d.<\/span><\/p>\n<p><span style=\"font-size: 14pt;\">El funcionario explic\u00f3 que la ruta migrante sal\u00eda de Chiapas y continuaba por Veracruz para llegar a la Ciudad de M\u00e9xico en su tr\u00e1nsito a Estados Unidos, \u201cpero desviaron su ruta porque en Veracruz estaban siendo plagiados, por lo que ahora llegan por el Istmo de Tehuantepec, buscando subir por la sierra sur y llegar a los Valles Centrales\u201d.<\/span><\/p>\n<p><span style=\"font-size: 14pt;\">Detall\u00f3 que la intenci\u00f3n de los migrantes es llegar a Estados Unidos, pero a veces se quedan sin dinero y esperan que su familia les deposite.<\/span><\/p>\n<p><span style=\"font-size: 14pt;\">Se\u00f1al\u00f3 que estas personas afectan a la ciudadan\u00eda cuando hacen sus necesidades fisiol\u00f3gicas en la v\u00eda p\u00fablica, por ello, la estrategia es promover un flujo constante, ya que de otra manera se establecen en la capital oaxaque\u00f1a.<\/span><\/p>\n<\/div>\n","protected":false},"excerpt":{"rendered":"<p>Riesgos como robos, desapariciones y reclutamiento forzado por parte del crimen organizado en la ruta del Golfo han orillado a<\/p>\n","protected":false},"author":4,"featured_media":18897,"comment_status":"closed","ping_status":"closed","sticky":false,"template":"","format":"standard","meta":{"colormag_page_container_layout":"default_layout","colormag_page_sidebar_layout":"default_layout","_jetpack_memberships_contains_paid_content":false,"footnotes":"","jetpack_publicize_message":"","jetpack_publicize_feature_enabled":true,"jetpack_social_post_already_shared":true,"jetpack_social_options":{"image_generator_settings":{"template":"highway","default_image_id":0,"font":"","enabled":false},"version":2}},"categories":[4],"tags":[],"class_list":["post-18895","post","type-post","status-publish","format-standard","has-post-thumbnail","hentry","category-nacional"],"jetpack_publicize_connections":[],"jetpack_featured_media_url":"https:\/\/noticiasveracruz.com\/wp-content\/uploads\/2023\/10\/MIG.jpg","jetpack_sharing_enabled":true,"publishpress_future_action":{"enabled":false,"date":"2026-05-07 11:40:26","action":"change-status","newStatus":"draft","terms":[],"taxonomy":"category","extraData":[]},"publishpress_future_workflow_manual_trigger":{"enabledWorkflows":[]},"_links":{"self":[{"href":"https:\/\/noticiasveracruz.com\/index.php\/wp-json\/wp\/v2\/posts\/18895","targetHints":{"allow":["GET"]}}],"collection":[{"href":"https:\/\/noticiasveracruz.com\/index.php\/wp-json\/wp\/v2\/posts"}],"about":[{"href":"https:\/\/noticiasveracruz.com\/index.php\/wp-json\/wp\/v2\/types\/post"}],"author":[{"embeddable":true,"href":"https:\/\/noticiasveracruz.com\/index.php\/wp-json\/wp\/v2\/users\/4"}],"replies":[{"embeddable":true,"href":"https:\/\/noticiasveracruz.com\/index.php\/wp-json\/wp\/v2\/comments?post=18895"}],"version-history":[{"count":0,"href":"https:\/\/noticiasveracruz.com\/index.php\/wp-json\/wp\/v2\/posts\/18895\/revisions"}],"wp:featuredmedia":[{"embeddable":true,"href":"https:\/\/noticiasveracruz.com\/index.php\/wp-json\/wp\/v2\/media\/18897"}],"wp:attachment":[{"href":"https:\/\/noticiasveracruz.com\/index.php\/wp-json\/wp\/v2\/media?parent=18895"}],"wp:term":[{"taxonomy":"category","embeddable":true,"href":"https:\/\/noticiasveracruz.com\/index.php\/wp-json\/wp\/v2\/categories?post=18895"},{"taxonomy":"post_tag","embeddable":true,"href":"https:\/\/noticiasveracruz.com\/index.php\/wp-json\/wp\/v2\/tags?post=18895"}],"curies":[{"name":"wp","href":"https:\/\/api.w.org\/{rel}","templated":true}]}}