{"id":18846,"date":"2023-09-24T12:24:23","date_gmt":"2023-09-24T17:24:23","guid":{"rendered":"https:\/\/noticiasveracruz.com\/?p=18846"},"modified":"2023-09-28T12:45:37","modified_gmt":"2023-09-28T17:45:37","slug":"espectacular-presentacion-del-ballet-infantil-municipal-y-del-taller-infantil-de-danza","status":"publish","type":"post","link":"https:\/\/noticiasveracruz.com\/index.php\/2023\/09\/24\/espectacular-presentacion-del-ballet-infantil-municipal-y-del-taller-infantil-de-danza\/","title":{"rendered":"Espectacular presentaci\u00f3n del ballet infantil municipal y del taller infantil de danza"},"content":{"rendered":"<p><span style=\"font-size: 14pt; font-family: verdana, geneva, sans-serif;\">Tuxpan, Ver., 24 septiembre 2023.- Con la destacada participaci\u00f3n de j\u00f3venes cantantes, e integrantes del Ballet Infantil Municipal y del Taller Infantil de Danza, se realiz\u00f3 el Domingo Cultural en el que se presentaron bailables folcl\u00f3ricos de la Huasteca Hidalguense, Veracruzana, del Sotavento y Jalisco.<\/span><\/p>\n<p><span style=\"font-size: 14pt; font-family: verdana, geneva, sans-serif;\">En esta ocasi\u00f3n los cantantes Luis Ricardo Gamboa Tamayo y Tania Sugey deleitaron a los asistentes con su gran voz, interpretado m\u00fasica del g\u00e9nero regional mexicano.<\/span><\/p>\n<p><span style=\"font-size: 14pt; font-family: verdana, geneva, sans-serif;\"><img loading=\"lazy\" decoding=\"async\" class=\"aligncenter size-large wp-image-24054\" src=\"https:\/\/politicosaldesnudo.com.mx\/wp-content\/uploads\/2023\/09\/WhatsApp-Image-2023-09-24-at-10.15.44-PM-1024x681.jpeg\" alt=\"\" width=\"800\" height=\"532\" \/><\/span><\/p>\n<p><span style=\"font-size: 14pt; font-family: verdana, geneva, sans-serif;\">As\u00ed mismo, el cantante Christian Rodr\u00edguez puso a bailar m\u00fasica tropical a todos los asistentes que se reunieron en la Plaza C\u00edvica esta tarde-noche para disfrutar este evento familiar.<\/span><\/p>\n<p><span style=\"font-size: 14pt; font-family: verdana, geneva, sans-serif;\">Estuvieron presentes el regidor Luis Demetrio L\u00f3pez Mar\u00edn y el director de Cultura, Israel Luna Osorio, quienes hicieron entrega de reconocimientos a las ni\u00f1as, ni\u00f1os y j\u00f3venes participantes, motiv\u00e1ndolos a continuar siendo parte estas actividades art\u00edsticas y culturales.<\/span><\/p>\n<p><span style=\"font-size: 14pt; font-family: verdana, geneva, sans-serif;\"><img loading=\"lazy\" decoding=\"async\" class=\"aligncenter size-large wp-image-24052\" src=\"https:\/\/politicosaldesnudo.com.mx\/wp-content\/uploads\/2023\/09\/WhatsApp-Image-2023-09-24-at-10.15.48-PM-1024x681.jpeg\" alt=\"\" width=\"800\" height=\"532\" \/><\/span><\/p>\n<p><span style=\"font-size: 14pt; font-family: verdana, geneva, sans-serif;\">Es este domingo cultural tambi\u00e9n se cont\u00f3 con la asistencia de la regidora Anah\u00ed Aguilar L\u00f3pez.<\/span><\/p>\n<p><span style=\"font-size: 14pt; font-family: verdana, geneva, sans-serif;\">Con estas actividades, el Gobierno de Tuxpan busca fomentar la uni\u00f3n y la sana convivencia de las familias tuxpe\u00f1as.<\/span><\/p>\n","protected":false},"excerpt":{"rendered":"<p>Tuxpan, Ver., 24 septiembre 2023.- Con la destacada participaci\u00f3n de j\u00f3venes cantantes, e integrantes del Ballet Infantil Municipal y del<\/p>\n","protected":false},"author":4,"featured_media":18847,"comment_status":"closed","ping_status":"closed","sticky":false,"template":"","format":"standard","meta":{"colormag_page_container_layout":"default_layout","colormag_page_sidebar_layout":"default_layout","_jetpack_memberships_contains_paid_content":false,"footnotes":"","jetpack_publicize_message":"","jetpack_publicize_feature_enabled":true,"jetpack_social_post_already_shared":true,"jetpack_social_options":{"image_generator_settings":{"template":"highway","default_image_id":0,"font":"","enabled":false},"version":2}},"categories":[356],"tags":[],"class_list":["post-18846","post","type-post","status-publish","format-standard","has-post-thumbnail","hentry","category-veracruz"],"jetpack_publicize_connections":[],"jetpack_featured_media_url":"https:\/\/noticiasveracruz.com\/wp-content\/uploads\/2023\/09\/WhatsApp-Image-2023-09-24-at-10.15.43-PM.jpeg","jetpack_sharing_enabled":true,"publishpress_future_action":{"enabled":false,"date":"2026-05-08 16:39:54","action":"change-status","newStatus":"draft","terms":[],"taxonomy":"category","extraData":[]},"publishpress_future_workflow_manual_trigger":{"enabledWorkflows":[]},"_links":{"self":[{"href":"https:\/\/noticiasveracruz.com\/index.php\/wp-json\/wp\/v2\/posts\/18846","targetHints":{"allow":["GET"]}}],"collection":[{"href":"https:\/\/noticiasveracruz.com\/index.php\/wp-json\/wp\/v2\/posts"}],"about":[{"href":"https:\/\/noticiasveracruz.com\/index.php\/wp-json\/wp\/v2\/types\/post"}],"author":[{"embeddable":true,"href":"https:\/\/noticiasveracruz.com\/index.php\/wp-json\/wp\/v2\/users\/4"}],"replies":[{"embeddable":true,"href":"https:\/\/noticiasveracruz.com\/index.php\/wp-json\/wp\/v2\/comments?post=18846"}],"version-history":[{"count":0,"href":"https:\/\/noticiasveracruz.com\/index.php\/wp-json\/wp\/v2\/posts\/18846\/revisions"}],"wp:featuredmedia":[{"embeddable":true,"href":"https:\/\/noticiasveracruz.com\/index.php\/wp-json\/wp\/v2\/media\/18847"}],"wp:attachment":[{"href":"https:\/\/noticiasveracruz.com\/index.php\/wp-json\/wp\/v2\/media?parent=18846"}],"wp:term":[{"taxonomy":"category","embeddable":true,"href":"https:\/\/noticiasveracruz.com\/index.php\/wp-json\/wp\/v2\/categories?post=18846"},{"taxonomy":"post_tag","embeddable":true,"href":"https:\/\/noticiasveracruz.com\/index.php\/wp-json\/wp\/v2\/tags?post=18846"}],"curies":[{"name":"wp","href":"https:\/\/api.w.org\/{rel}","templated":true}]}}