{"id":18844,"date":"2023-09-28T12:23:41","date_gmt":"2023-09-28T17:23:41","guid":{"rendered":"https:\/\/noticiasveracruz.com\/?p=18844"},"modified":"2023-09-28T12:23:41","modified_gmt":"2023-09-28T17:23:41","slug":"no-habra-coalicion-de-pan-pri-y-prd-en-todo-el-pais","status":"publish","type":"post","link":"https:\/\/noticiasveracruz.com\/index.php\/2023\/09\/28\/no-habra-coalicion-de-pan-pri-y-prd-en-todo-el-pais\/","title":{"rendered":"No habr\u00e1 coalici\u00f3n de PAN, PRI y PRD en todo el pa\u00eds"},"content":{"rendered":"<p><span style=\"font-size: 14pt; font-family: verdana, geneva, sans-serif;\"><strong>TEL\u00c9FONO ROJO<\/strong><\/span><\/p>\n<p><span style=\"font-size: 14pt; font-family: verdana, geneva, sans-serif;\"><strong>Por Jos\u00e9 Ure\u00f1a<\/strong><\/span><\/p>\n<p><span style=\"font-size: 14pt; font-family: verdana, geneva, sans-serif;\">Las negociaciones avanzan bien.<\/span><\/p>\n<div id=\"lx_687605\" class=\"__lxG__multi __lxG__multi_lx_687605 __lxG__geo_mx __lxG__size_fixed __lxG__not_empty_block\" data-cnt=\"1\" data-original-id=\"682486\" data-base-original-id=\"682485\" data-width=\"1\" data-height=\"1\">\n<div id=\"div-gpt-ad-22652427092-1\" data-google-query-id=\"CNzp3tHozYEDFWQ-AQod6_MAFA\">\n<div id=\"google_ads_iframe_\/45470634,22299178612\/clickio_area_687605_730x180_0__container__\"><span style=\"font-size: 14pt; font-family: verdana, geneva, sans-serif;\">Seg\u00fan el optimismo de dirigentes partidistas, el Frente Amplio por M\u00e9xico (FAM), lleva 98% de acuerdos y hay los mejores deseos de consumarlo para todo el pa\u00eds.<\/span><\/div>\n<\/div>\n<\/div>\n<p><span style=\"font-size: 14pt; font-family: verdana, geneva, sans-serif;\">La pretensi\u00f3n original era no incurrir en omisiones como en el 2021, cuando por no ir juntos en los 300 distritos y en la capital impidi\u00f3 a PAN, PRI y PRD dominar la C\u00e1mara de Diputados y la Ciudad de M\u00e9xico.<\/span><\/p>\n<p><span style=\"font-size: 14pt; font-family: verdana, geneva, sans-serif;\">Para evitarlo, cuando iniciaron pl\u00e1ticas se propusieron ir a lo extenso del pa\u00eds con la meta de tener mayor\u00eda absoluta en el Poder Legislativo, ense\u00f1orearse en la sede de los Poderes y agenciarse varias gubernaturas.<\/span><\/p>\n<p><span style=\"font-size: 14pt; font-family: verdana, geneva, sans-serif;\">Ser\u00eda el primer paso, dijeron entonces, para sellar el compromiso de mantenerse unidos y, si perd\u00edan el Ejecutivo, desde el Congreso de la Uni\u00f3n frenar imposiciones autoritarias.<\/span><\/p>\n<p><span style=\"font-size: 14pt; font-family: verdana, geneva, sans-serif;\">Est\u00e1n en eso, pero se han filtrado datos no favorables.<\/span><\/p>\n<p><span style=\"font-size: 14pt; font-family: verdana, geneva, sans-serif;\"><b><i>Tel\u00e9fono Rojo\u00a0<\/i><\/b>est\u00e1 en condiciones de dar por descartada la coalici\u00f3n general porque los representantes de\u00a0<b>Marko Cort\u00e9s<\/b>\u00a0(PAN),\u00a0<b>Alejandro Moreno (<\/b>PRI) y\u00a0<b>Jes\u00fas Zambrano\u00a0<\/b>(PRD) expresan reservas.<\/span><\/p>\n<p><span style=\"font-size: 14pt; font-family: verdana, geneva, sans-serif;\">Reservas al parecer insalvables.<\/span><\/p>\n<h4><span style=\"font-size: 14pt; font-family: verdana, geneva, sans-serif;\"><b>BANCADAS PROPIAS<\/b><\/span><\/h4>\n<p><span style=\"font-size: 14pt; font-family: verdana, geneva, sans-serif;\">\u00a0Primer cuestionamiento:<\/span><\/p>\n<p><span style=\"font-size: 14pt; font-family: verdana, geneva, sans-serif;\">La coalici\u00f3n general de las tres fuerzas en las 32 entidades y para todos los cargos obligar\u00eda a integrar planillas \u00fanicas de representaci\u00f3n proporcional para curules y esca\u00f1os.<\/span><\/p>\n<p><span style=\"font-size: 14pt; font-family: verdana, geneva, sans-serif;\">Es decir, a lo sumo alternar\u00edan cuadros panistas, priistas, perredistas y de la sociedad civil, pero despersonalizar\u00edan el sello de las militancias.<\/span><\/p>\n<p><span style=\"font-size: 14pt; font-family: verdana, geneva, sans-serif;\">\u00bfQu\u00e9 proponen?<\/span><\/p>\n<p><span style=\"font-size: 14pt; font-family: verdana, geneva, sans-serif;\">Reservarse unas cuantas posiciones.<\/span><\/p>\n<p><span style=\"font-size: 14pt; font-family: verdana, geneva, sans-serif;\">Por ejemplo, incluir en el frente unos 290 distritos -no tan pocos para evitar im\u00e1genes de rompimiento- y de esa manera dar espacio a plurinominales del PAN, PRI y PRD, como sucede ahora.<\/span><\/p>\n<p><span style=\"font-size: 14pt; font-family: verdana, geneva, sans-serif;\">Por supuesto todo ser\u00eda arreglado.<\/span><\/p>\n<p><span style=\"font-size: 14pt; font-family: verdana, geneva, sans-serif;\">Verbigracia: si el PAN es fuerte en Quer\u00e9taro, lo dejar\u00edan inscribir a cartas locales y las otras siglas -PRI y PRD- no le har\u00edan la competencia con candidatos fuertes.<\/span><\/p>\n<h4><span style=\"font-size: 14pt; font-family: verdana, geneva, sans-serif;\"><b>LA PELEA DE X\u00d3CHITL<\/b><\/span><\/h4>\n<p><span style=\"font-size: 14pt; font-family: verdana, geneva, sans-serif;\">\u00a01.- A todo esto, \u00bfqu\u00e9 papel juega\u00a0<b>X\u00f3chitl G\u00e1lvez<\/b>?<\/span><\/p>\n<p><span style=\"font-size: 14pt; font-family: verdana, geneva, sans-serif;\">Como coordinadora del Frente exige opinar e ir unidos por doquier, pero sus peticiones se enfrentan a la pol\u00edtica y a los pol\u00edticos tradicionales y eso la puede perjudicar en la conquista de votos.<\/span><\/p>\n<p><span style=\"font-size: 14pt; font-family: verdana, geneva, sans-serif;\">Ella ha expresado su decisi\u00f3n de alinearse donde haya prospectos con imagen propia -el mejor ejemplo es el panista\u00a0<b>Ren\u00e1n Barrera<\/b>, en Yucat\u00e1n-, pero para ello es necesario retirar ambiciones partidistas y personales.<\/span><\/p>\n<p><span style=\"font-size: 14pt; font-family: verdana, geneva, sans-serif;\">2.- Bienvenido, don\u00a0<b>Omar Garc\u00eda Harfuch<\/b>.<\/span><\/p>\n<p><span style=\"font-size: 14pt; font-family: verdana, geneva, sans-serif;\">El exsecretario de Seguridad Ciudadana ya recibi\u00f3 la primera bendici\u00f3n p\u00fablica desde el poder y la dio el subsecretario en Gobernaci\u00f3n\u00a0<b>Alejandro Encinas<\/b>.<\/span><\/p>\n<p><span style=\"font-size: 14pt; font-family: verdana, geneva, sans-serif;\">Seg\u00fan\u00a0<b>Encinas<\/b>, testimonios ligan a\u00a0<b>Garc\u00eda Harfuch<\/b>\u00a0en juntas donde se arm\u00f3 la llamada\u00a0<b><i>Verdad Hist\u00f3rica<\/i><\/b>\u00a0de\u00a0<b>Jes\u00fas Murillo Karam<\/b>, tan criticada por este gobierno y rechazada por los padres de los normalistas.<\/span><\/p>\n<p><span style=\"font-size: 14pt; font-family: verdana, geneva, sans-serif;\">A ver cu\u00e1nto le afecta este se\u00f1alamiento.<\/span><\/p>\n<p><span style=\"font-size: 14pt; font-family: verdana, geneva, sans-serif;\">Y 3.- La diputada local petista\u00a0<b>Tania Valentina\u00a0<\/b>madrug\u00f3 en Morelos y se inscribi\u00f3 como prospecto para candidata a gobernadora por la alianza gubernamental.<\/span><\/p>\n<p><span style=\"font-size: 14pt; font-family: verdana, geneva, sans-serif;\">Al hacerlo habl\u00f3 de su prop\u00f3sito: \u201cTrabajar por la unidad para que Morelos cuente con un gobierno cercano a la gente y con resultados\u201d.<\/span><\/p>\n<p><span style=\"font-size: 14pt; font-family: verdana, geneva, sans-serif;\">Lo contrario de\u00a0<b>Cuauht\u00e9moc Blanco<\/b>.<\/span><\/p>\n","protected":false},"excerpt":{"rendered":"<p>TEL\u00c9FONO ROJO Por Jos\u00e9 Ure\u00f1a Las negociaciones avanzan bien. Seg\u00fan el optimismo de dirigentes partidistas, el Frente Amplio por M\u00e9xico<\/p>\n","protected":false},"author":4,"featured_media":3258,"comment_status":"closed","ping_status":"closed","sticky":false,"template":"","format":"standard","meta":{"colormag_page_container_layout":"default_layout","colormag_page_sidebar_layout":"default_layout","_jetpack_memberships_contains_paid_content":false,"footnotes":"","jetpack_publicize_message":"","jetpack_publicize_feature_enabled":true,"jetpack_social_post_already_shared":true,"jetpack_social_options":{"image_generator_settings":{"template":"highway","default_image_id":0,"font":"","enabled":false},"version":2}},"categories":[6],"tags":[],"class_list":["post-18844","post","type-post","status-publish","format-standard","has-post-thumbnail","hentry","category-columnistas"],"jetpack_publicize_connections":[],"jetpack_featured_media_url":"https:\/\/noticiasveracruz.com\/wp-content\/uploads\/2022\/04\/JOSE\u0301-UREN\u0303A.png","jetpack_sharing_enabled":true,"publishpress_future_action":{"enabled":false,"date":"2026-05-08 12:57:42","action":"change-status","newStatus":"draft","terms":[],"taxonomy":"category","extraData":[]},"publishpress_future_workflow_manual_trigger":{"enabledWorkflows":[]},"_links":{"self":[{"href":"https:\/\/noticiasveracruz.com\/index.php\/wp-json\/wp\/v2\/posts\/18844","targetHints":{"allow":["GET"]}}],"collection":[{"href":"https:\/\/noticiasveracruz.com\/index.php\/wp-json\/wp\/v2\/posts"}],"about":[{"href":"https:\/\/noticiasveracruz.com\/index.php\/wp-json\/wp\/v2\/types\/post"}],"author":[{"embeddable":true,"href":"https:\/\/noticiasveracruz.com\/index.php\/wp-json\/wp\/v2\/users\/4"}],"replies":[{"embeddable":true,"href":"https:\/\/noticiasveracruz.com\/index.php\/wp-json\/wp\/v2\/comments?post=18844"}],"version-history":[{"count":0,"href":"https:\/\/noticiasveracruz.com\/index.php\/wp-json\/wp\/v2\/posts\/18844\/revisions"}],"wp:featuredmedia":[{"embeddable":true,"href":"https:\/\/noticiasveracruz.com\/index.php\/wp-json\/wp\/v2\/media\/3258"}],"wp:attachment":[{"href":"https:\/\/noticiasveracruz.com\/index.php\/wp-json\/wp\/v2\/media?parent=18844"}],"wp:term":[{"taxonomy":"category","embeddable":true,"href":"https:\/\/noticiasveracruz.com\/index.php\/wp-json\/wp\/v2\/categories?post=18844"},{"taxonomy":"post_tag","embeddable":true,"href":"https:\/\/noticiasveracruz.com\/index.php\/wp-json\/wp\/v2\/tags?post=18844"}],"curies":[{"name":"wp","href":"https:\/\/api.w.org\/{rel}","templated":true}]}}