{"id":18826,"date":"2023-09-26T11:31:43","date_gmt":"2023-09-26T16:31:43","guid":{"rendered":"https:\/\/noticiasveracruz.com\/?p=18826"},"modified":"2023-09-26T11:31:43","modified_gmt":"2023-09-26T16:31:43","slug":"transfugas-y-pepenadores","status":"publish","type":"post","link":"https:\/\/noticiasveracruz.com\/index.php\/2023\/09\/26\/transfugas-y-pepenadores\/","title":{"rendered":"Tr\u00e1nsfugas y pepenadores"},"content":{"rendered":"<p><span style=\"font-size: 14pt; font-family: verdana, geneva, sans-serif;\"><strong>R\u00fabrica<\/strong><\/span><\/p>\n<p><span style=\"font-size: 14pt; font-family: verdana, geneva, sans-serif;\"><strong>Por Aurelio Contreras Moreno<\/strong><\/span><\/p>\n<p><span style=\"font-size: 14pt; font-family: verdana, geneva, sans-serif;\">Mientras muchos de sus seguidores se creen completo el \u201ccuento\u201d de la \u201clucha contra la corrupci\u00f3n\u201d del pasado y el consabido \u201cno somos iguales\u201d, Morena se llena de tr\u00e1nsfugas. Y de los de la peor ralea.<\/span><\/p>\n<p><span style=\"font-size: 14pt; font-family: verdana, geneva, sans-serif;\">Este s\u00e1bado, su virtual candidata presidencial, Claudia Sheinbaum Pardo, encabez\u00f3 un acto proselitista en Sinaloa \u2013que la autoridad electoral deber\u00eda estar contabilizando y sancionar- en el recibi\u00f3 gustosa la \u201cadhesi\u00f3n\u201d de 54 ex priistas de ese estado, entre ellos incluso el ex campe\u00f3n mundial de boxeo Julio C\u00e9sar Ch\u00e1vez. El mismo que presum\u00eda con orgullo su priismo en sus a\u00f1os de gloria y hasta desfil\u00f3 una vez por las calles de la Ciudad de M\u00e9xico para celebrar una victoria con el entonces presidente Carlos Salinas de Gortari. El \u201cinnombrable\u201d, como sol\u00eda llamarlo Andr\u00e9s Manuel L\u00f3pez Obrador.<\/span><\/p>\n<p><span style=\"font-size: 14pt; font-family: verdana, geneva, sans-serif;\">Los morenistas sinaloenses \u2013seguramente muchos de ellos realmente convencidos del discurso de la \u201ctransformaci\u00f3n\u201d y \u201cmoralizaci\u00f3n\u201d de la vida p\u00fablica del pa\u00eds que enarbola, de dientes para afuera, el obradorismo- no tomaron a bien la \u201cbienvenida\u201d a quienes hasta hace muy poco tildaban de corruptos, muy probablemente con toda raz\u00f3n, y los abucheos retumbaron en un sal\u00f3n facilitado para la reuni\u00f3n por otro priista, el dirigente del Sindicato de Trabajadores al Servicio el Estado de Sinaloa, Michel Ben\u00edtez.<\/span><\/p>\n<p><span style=\"font-size: 14pt; font-family: verdana, geneva, sans-serif;\">La respuesta de Sheinbaum no fue realmente sorprendente, aunque no por ello menos c\u00ednica. \u201cNosotros tenemos nuestras causas. Aqu\u00ed el que quiera\u00a0sumarse a nuestras causas y est\u00e9 de acuerdo en cambiar la Constituci\u00f3n\u00a0para que la Suprema Corte de Justicia de la Naci\u00f3n sea electa por el pueblo, bienvenido\u201d, exclam\u00f3, aunque los abucheos siguieron.<\/span><\/p>\n<p><span style=\"font-size: 14pt; font-family: verdana, geneva, sans-serif;\">El pragmatismo rampante \u2013de alguna manera normal en el ejercicio de la pol\u00edtica- con que se conducen es diametralmente opuesto a la narrativa de puritanismo pol\u00edtico con la que navega el obradorismo. Empero, tampoco es algo nuevo.<\/span><\/p>\n<p><span style=\"font-size: 14pt; font-family: verdana, geneva, sans-serif;\">En Morena ajustan con gran facilidad sus \u201cprincipios\u201d \u2013a lo Groucho Marx, pero sin gracia- para aceptar a quien llegue a sus filas, si con ello creen obtener alguna ventaja o beneficio. Basta con \u201carrepentirse\u201d de haber sido \u201ccorrupto\u201d, integrante de la \u201cmafia del poder\u201d y \u201cprianista\u201d en el pasado para, con la \u201cbendici\u00f3n\u201d de la \u201cfuerza moral\u201d del \u201camado l\u00edder\u201d \u2013o ahora, de su \u201celegida\u201d-, ser \u201cpurificado\u201d. Y con eso \u00a1zas! Se acabaron los cuestionamientos a conductas inaceptables, fraudes financieros y electorales, y hasta a cr\u00edmenes m\u00e1s graves. Todo sea por la \u201ctransformaci\u00f3n\u201d.<\/span><\/p>\n<p><span style=\"font-size: 14pt; font-family: verdana, geneva, sans-serif;\">As\u00ed han llegado a Morena todo tipo de impresentables de varios partidos \u2013no solo del PRI- a hacer lo que saben hacer: negocios al amparo del erario, desv\u00edos descarados de recursos, fraudes sistem\u00e1ticos a la ley y toda clase de abusos de autoridad para beneficiarse.<\/span><\/p>\n<p><span style=\"font-size: 14pt; font-family: verdana, geneva, sans-serif;\">De Manuel Bartlett a Manuel Espino; de Ricardo Monreal a Ad\u00e1n Augusto L\u00f3pez; de los insufribles verdes a los evang\u00e9licos de Encuentro Social; de los alemanistas a los fidelistas y duartistas veracruzanos; de los marinistas a los morenovallistas poblanos. El propio L\u00f3pez Obrador, hechura del nacionalismo revolucionario a la usanza echeverrista. Todos caben en un movimiento sin m\u00e1s convicci\u00f3n que la de encaramarse en el poder.<\/span><\/p>\n<p><span style=\"font-size: 14pt; font-family: verdana, geneva, sans-serif;\">Claudia Sheinbaum no representa nada diferente. En realidad, nadie de la actual clase pol\u00edtica lo hace. Pero el morenato se atraganta su pretendida \u201csuperioridad moral\u201d con \u201csapos\u201d cada vez m\u00e1s purulentos que debe deglutir sin hacer gestos, no solo recibiendo a las ratas que saltan de los barcos que se hunden, sino aplaudiendo una militarizaci\u00f3n fascistoide que le costar\u00e1 muy cara al pa\u00eds; el desmantelamiento del sistema de salud; el abandono de la ciencia y la tecnolog\u00eda; y la destrucci\u00f3n de un sistema legal y democr\u00e1tico que muchos de ellos ayudaron a construir con sangre, sudor y l\u00e1grimas, y que ahora ayudan a aplastar porque lo que quer\u00edan, lo que siempre quisieron, es que los pusieran donde hay.<\/span><\/p>\n<p><span style=\"font-size: 14pt; font-family: verdana, geneva, sans-serif;\">Lo que s\u00ed resulta completamente despreciable es que quien pretende ser la primera presidenta de M\u00e9xico quiera justificar su ausencia de principios y escr\u00fapulos parafraseando a Heberto Castillo, de cuya figura se encuentra a a\u00f1os luz. \u201cNo importa de d\u00f3nde vienen, sino hacia d\u00f3nde vamos\u201d. Como si C\u00e1rdenas representara lo mismo que Bartlett.<\/span><\/p>\n<p><span style=\"font-size: 14pt; font-family: verdana, geneva, sans-serif;\">La \u201c4t\u201d no tiene reparo en \u201cpepenar\u201d lo que sea y a quien sea, porque en realidad lo \u00fanico que la motiva, su \u00fanico principio real, es el de hacerse y permanecer en el poder. No m\u00e1s. Y est\u00e1n dispuestos a hacer lo que sea por lograrlo. Ya est\u00e1n en eso.<\/span><\/p>\n<p>&nbsp;<\/p>\n<p><span style=\"font-size: 14pt; font-family: verdana, geneva, sans-serif;\">Email: <a href=\"mailto:aureliocontreras@gmail.com\">aureliocontreras@gmail.com<\/a><\/span><\/p>\n<p><span style=\"font-size: 14pt; font-family: verdana, geneva, sans-serif;\">Twitter: @yeyocontreras<\/span><\/p>\n<p>&nbsp;<\/p>\n","protected":false},"excerpt":{"rendered":"<p>R\u00fabrica Por Aurelio Contreras Moreno Mientras muchos de sus seguidores se creen completo el \u201ccuento\u201d de la \u201clucha contra la<\/p>\n","protected":false},"author":4,"featured_media":3578,"comment_status":"closed","ping_status":"closed","sticky":false,"template":"","format":"standard","meta":{"colormag_page_container_layout":"default_layout","colormag_page_sidebar_layout":"default_layout","_jetpack_memberships_contains_paid_content":false,"footnotes":"","jetpack_publicize_message":"","jetpack_publicize_feature_enabled":true,"jetpack_social_post_already_shared":true,"jetpack_social_options":{"image_generator_settings":{"template":"highway","default_image_id":0,"font":"","enabled":false},"version":2}},"categories":[6],"tags":[],"class_list":["post-18826","post","type-post","status-publish","format-standard","has-post-thumbnail","hentry","category-columnistas"],"jetpack_publicize_connections":[],"jetpack_featured_media_url":"https:\/\/noticiasveracruz.com\/wp-content\/uploads\/2022\/04\/P-AURELIO-CONTRERAS.png","jetpack_sharing_enabled":true,"publishpress_future_action":{"enabled":false,"date":"2026-05-09 02:05:49","action":"change-status","newStatus":"draft","terms":[],"taxonomy":"category","extraData":[]},"publishpress_future_workflow_manual_trigger":{"enabledWorkflows":[]},"_links":{"self":[{"href":"https:\/\/noticiasveracruz.com\/index.php\/wp-json\/wp\/v2\/posts\/18826","targetHints":{"allow":["GET"]}}],"collection":[{"href":"https:\/\/noticiasveracruz.com\/index.php\/wp-json\/wp\/v2\/posts"}],"about":[{"href":"https:\/\/noticiasveracruz.com\/index.php\/wp-json\/wp\/v2\/types\/post"}],"author":[{"embeddable":true,"href":"https:\/\/noticiasveracruz.com\/index.php\/wp-json\/wp\/v2\/users\/4"}],"replies":[{"embeddable":true,"href":"https:\/\/noticiasveracruz.com\/index.php\/wp-json\/wp\/v2\/comments?post=18826"}],"version-history":[{"count":0,"href":"https:\/\/noticiasveracruz.com\/index.php\/wp-json\/wp\/v2\/posts\/18826\/revisions"}],"wp:featuredmedia":[{"embeddable":true,"href":"https:\/\/noticiasveracruz.com\/index.php\/wp-json\/wp\/v2\/media\/3578"}],"wp:attachment":[{"href":"https:\/\/noticiasveracruz.com\/index.php\/wp-json\/wp\/v2\/media?parent=18826"}],"wp:term":[{"taxonomy":"category","embeddable":true,"href":"https:\/\/noticiasveracruz.com\/index.php\/wp-json\/wp\/v2\/categories?post=18826"},{"taxonomy":"post_tag","embeddable":true,"href":"https:\/\/noticiasveracruz.com\/index.php\/wp-json\/wp\/v2\/tags?post=18826"}],"curies":[{"name":"wp","href":"https:\/\/api.w.org\/{rel}","templated":true}]}}