{"id":18822,"date":"2023-09-26T11:19:57","date_gmt":"2023-09-26T16:19:57","guid":{"rendered":"https:\/\/noticiasveracruz.com\/?p=18822"},"modified":"2023-09-26T11:19:57","modified_gmt":"2023-09-26T16:19:57","slug":"el-registro-de-aspirantes-de-morena","status":"publish","type":"post","link":"https:\/\/noticiasveracruz.com\/index.php\/2023\/09\/26\/el-registro-de-aspirantes-de-morena\/","title":{"rendered":"El registro de aspirantes de MORENA"},"content":{"rendered":"<ul>\n<li style=\"font-weight: 400;\"><span style=\"font-family: verdana, geneva, sans-serif; font-size: 14pt;\"><strong>Se auto destap\u00f3 el secretario de Gobierno Eric Cisneros<\/strong><\/span><\/li>\n<li style=\"font-weight: 400;\"><span style=\"font-family: verdana, geneva, sans-serif; font-size: 14pt;\"><strong>De nada sirvieron las advertencias del presidente<\/strong><\/span><\/li>\n<li style=\"font-weight: 400;\"><span style=\"font-family: verdana, geneva, sans-serif; font-size: 14pt;\"><strong>El municipio de Coatepec su \u201cbasti\u00f3n\u201d pol\u00edtico<\/strong><\/span><\/li>\n<\/ul>\n<p style=\"font-weight: 400;\"><span style=\"font-family: verdana, geneva, sans-serif; font-size: 14pt;\">Por Miguel \u00c1ngel Cristiani G.<\/span><\/p>\n<p style=\"font-weight: 400;\"><span style=\"font-family: verdana, geneva, sans-serif; font-size: 14pt;\">En el transcurso de este lunes, el todav\u00eda secretario de Gobierno de Veracruz Eric Patrocinio Cisneros habr\u00e1 de registrarse para participar en la encuesta para elegir al que ser\u00e1 el Coordinador de los Comit\u00e9s de Defensa de la Cuarta Transformaci\u00f3n en la entidad, y posteriormente el candidato a la gubernatura por Morena.<\/span><\/p>\n<p style=\"font-weight: 400;\"><span style=\"font-family: verdana, geneva, sans-serif; font-size: 14pt;\">Este lunes de acuerdo a la convocatoria publicada, se abre el per\u00edodo de registro de los aspirantes al cargo de defensor de la Cuatro T, que ser\u00e1 en l\u00ednea por lo que de momento no se podr\u00e1 saber qui\u00e9nes se van anotar en el transcurso del d\u00eda en que vence el plazo.<\/span><\/p>\n<p style=\"font-weight: 400;\"><span style=\"font-family: verdana, geneva, sans-serif; font-size: 14pt;\">Tambi\u00e9n este fin de semana, con el pretexto de celebrar su cumplea\u00f1os, llev\u00f3 a cabo una reuni\u00f3n en el municipio de Coatepec -en donde no estar\u00eda de m\u00e1s que el ORFIS y el OPLE revisaran en la tesorer\u00eda municipal quien pag\u00f3 por la fiesta comida- para que el secretario de Gobierno anunciara que va a buscar la candidatura a la gubernatura y toda la publicidad del libro de los negritos jarochos.<\/span><\/p>\n<p style=\"font-weight: 400;\"><span style=\"font-family: verdana, geneva, sans-serif; font-size: 14pt;\">En las benditas redes sociales estuvo circulando en video, grabado en el parque de Coatepec, en donde al frente de medio centenar de personas -seguramente empleados del ayuntamiento- aparece el alcalde Raymundo Andrade Rivera y la leyenda: \u201cAmigo Eric Cisneros Coatepec est\u00e1 contigo\u201d.<\/span><\/p>\n<p style=\"font-weight: 400;\"><span style=\"font-family: verdana, geneva, sans-serif; font-size: 14pt;\">Es de destacar tambi\u00e9n que en ese municipio es donde m\u00e1s publicidad en espectaculares, bardas y leyendas se han pagado, supuestamente para promover un libro de la negritud en Veracruz, pero que en realidad lo que se pretende es quedar bien con el secretario de Gobierno, quien es vecino de ese lugar desde hace cinco a\u00f1os que vino a radicar a la entidad.<\/span><\/p>\n<p style=\"font-weight: 400;\"><span style=\"font-family: verdana, geneva, sans-serif; font-size: 14pt;\">Al parecer de nada sirvi\u00f3 que el mism\u00edsimo presidente de la rep\u00fablica y l\u00edder moral de MORENA Andr\u00e9s Manuel L\u00f3pez Obrador reprobara los actos anticipados de promoci\u00f3n con costosos espectaculares, pintas de bardas y panor\u00e1micos en los camiones urbanos con los que se ha venido promoviendo el secretario de Gobierno.<\/span><\/p>\n<p style=\"font-weight: 400;\"><span style=\"font-family: verdana, geneva, sans-serif; font-size: 14pt;\">AMLO advirti\u00f3 que de nada sirve todo ese derroche de recursos, que nadie sabe ni nadie supo, pero todo mundo supone quien los mand\u00f3 a poner, para lograr ganar la encuesta con miras a la candidatura del gobierno del estado por MORENA.<\/span><\/p>\n<p style=\"font-weight: 400;\"><span style=\"font-family: verdana, geneva, sans-serif; font-size: 14pt;\">Cuando se le cuestion\u00f3 al gobernador del estado Cuitl\u00e1huac Garc\u00eda Jim\u00e9nez sobre las advertencias que en dos ocasiones hizo el presidente en las conferencias ma\u00f1aneras, asegur\u00f3 que \u201cya hab\u00eda hablado con el secretario de gobierno y le dijo que no ser\u00eda candidato\u201d.<\/span><\/p>\n<p style=\"font-weight: 400;\"><span style=\"font-family: verdana, geneva, sans-serif; font-size: 14pt;\">Entonces, desde ah\u00ed ya estar\u00eda violando los principios de MORENA de \u201cno mentir, no robar, no enga\u00f1ar\u201d.<\/span><\/p>\n<p style=\"font-weight: 400;\"><span style=\"font-family: verdana, geneva, sans-serif; font-size: 14pt;\">Hay que apuntar oportunamente, que en la convocatoria para los aspirantes a nivel estatal, se establece con toda claridad: \u201cEl registro de las personas aspirantes podr\u00e1 ser cancelado, o no otorgado, por violaci\u00f3n grave a las reglas establecidas en el Estatuto y en esta Convocatoria a juicio de la Comisi\u00f3n Nacional de Elecciones y del Comit\u00e9 Ejecutivo Nacional.\u201d<\/span><\/p>\n<p style=\"font-weight: 400;\"><span style=\"font-family: verdana, geneva, sans-serif; font-size: 14pt;\">Por lo pronto, seguramente que el secretario de gobierno Eric Patrocinio Cisneros no dejar\u00e1 a\u00fan el cargo, en espera, primero de los resultados de la encuesta en donde se ve dif\u00edcil que vaya a ganar a los dos m\u00e1s fuertes aspirantes que son la secretaria de Energ\u00eda Roc\u00edo Nahle y el diputado federal Sergio Guti\u00e9rrez Luna quien tambi\u00e9n anunci\u00f3 que este lunes se registrar\u00e1 para participar en la encuesta.<\/span><\/p>\n<p style=\"font-weight: 400;\"><span style=\"font-family: verdana, geneva, sans-serif; font-size: 14pt;\">En el punto de la base quinta de la convocatoria se establece el requisito para los aspirantes de\u00a0<strong><em>No ser servidor p\u00fablico del Estado o de la Federaci\u00f3n en ejercicio de autoridad, salvo que se hubiera separado de su encargo noventa d\u00edas naturales anteriores al d\u00eda 2 de junio de 2024<\/em>,\u00a0<\/strong>as\u00ed que todav\u00eda hay tiempo.<\/span><\/p>\n","protected":false},"excerpt":{"rendered":"<p>Se auto destap\u00f3 el secretario de Gobierno Eric Cisneros De nada sirvieron las advertencias del presidente El municipio de Coatepec<\/p>\n","protected":false},"author":4,"featured_media":3280,"comment_status":"closed","ping_status":"closed","sticky":false,"template":"","format":"standard","meta":{"colormag_page_container_layout":"default_layout","colormag_page_sidebar_layout":"default_layout","_jetpack_memberships_contains_paid_content":false,"footnotes":"","jetpack_publicize_message":"","jetpack_publicize_feature_enabled":true,"jetpack_social_post_already_shared":true,"jetpack_social_options":{"image_generator_settings":{"template":"highway","default_image_id":0,"font":"","enabled":false},"version":2}},"categories":[6],"tags":[],"class_list":["post-18822","post","type-post","status-publish","format-standard","has-post-thumbnail","hentry","category-columnistas"],"jetpack_publicize_connections":[],"jetpack_featured_media_url":"https:\/\/noticiasveracruz.com\/wp-content\/uploads\/2022\/04\/NV-MIGUEL-A\u0301NGEL-CRISTIANI.png","jetpack_sharing_enabled":true,"publishpress_future_action":{"enabled":false,"date":"2026-05-09 00:12:47","action":"change-status","newStatus":"draft","terms":[],"taxonomy":"category","extraData":[]},"publishpress_future_workflow_manual_trigger":{"enabledWorkflows":[]},"_links":{"self":[{"href":"https:\/\/noticiasveracruz.com\/index.php\/wp-json\/wp\/v2\/posts\/18822","targetHints":{"allow":["GET"]}}],"collection":[{"href":"https:\/\/noticiasveracruz.com\/index.php\/wp-json\/wp\/v2\/posts"}],"about":[{"href":"https:\/\/noticiasveracruz.com\/index.php\/wp-json\/wp\/v2\/types\/post"}],"author":[{"embeddable":true,"href":"https:\/\/noticiasveracruz.com\/index.php\/wp-json\/wp\/v2\/users\/4"}],"replies":[{"embeddable":true,"href":"https:\/\/noticiasveracruz.com\/index.php\/wp-json\/wp\/v2\/comments?post=18822"}],"version-history":[{"count":0,"href":"https:\/\/noticiasveracruz.com\/index.php\/wp-json\/wp\/v2\/posts\/18822\/revisions"}],"wp:featuredmedia":[{"embeddable":true,"href":"https:\/\/noticiasveracruz.com\/index.php\/wp-json\/wp\/v2\/media\/3280"}],"wp:attachment":[{"href":"https:\/\/noticiasveracruz.com\/index.php\/wp-json\/wp\/v2\/media?parent=18822"}],"wp:term":[{"taxonomy":"category","embeddable":true,"href":"https:\/\/noticiasveracruz.com\/index.php\/wp-json\/wp\/v2\/categories?post=18822"},{"taxonomy":"post_tag","embeddable":true,"href":"https:\/\/noticiasveracruz.com\/index.php\/wp-json\/wp\/v2\/tags?post=18822"}],"curies":[{"name":"wp","href":"https:\/\/api.w.org\/{rel}","templated":true}]}}