{"id":18816,"date":"2023-09-25T02:22:34","date_gmt":"2023-09-25T07:22:34","guid":{"rendered":"https:\/\/noticiasveracruz.com\/?p=18816"},"modified":"2023-09-25T02:22:34","modified_gmt":"2023-09-25T07:22:34","slug":"maru-campos-despilfarra-en-su-imagen","status":"publish","type":"post","link":"https:\/\/noticiasveracruz.com\/index.php\/2023\/09\/25\/maru-campos-despilfarra-en-su-imagen\/","title":{"rendered":"Maru Campos despilfarra en su imagen"},"content":{"rendered":"<p><span style=\"font-family: verdana, geneva, sans-serif; font-size: 18pt; color: #ff0000;\"><strong>La prioridad soy yo<\/strong><\/span><\/p>\n<p><span style=\"font-size: 18pt; color: #800000;\"><em><span style=\"font-family: verdana, geneva, sans-serif;\"><strong>La gobernadora de Chihuahua atenta contra las libertades, gasta m\u00e1s de 500 millones en su imagen<\/strong><\/span><\/em><\/span><\/p>\n<p><span style=\"font-family: verdana, geneva, sans-serif; font-size: 18pt; color: #ff0000;\"><strong>Por \u00c1ngel \u00c1lvaro Pe\u00f1a<\/strong><\/span><\/p>\n<p><span style=\"font-family: verdana, geneva, sans-serif; font-size: 14pt;\">Bien dicen que los estados en donde gobierna la oposici\u00f3n se vive como en tiempos pasados, donde se pagaba a los medios para que hablen bien de los pol\u00edticos. El caso de Chihuahua es un ejemplo de c\u00f3mo lo m\u00e1s importante para la mandataria estatal es su imagen y no el servicio al pueblo.<\/span><\/p>\n<p><span style=\"font-family: verdana, geneva, sans-serif; font-size: 18pt;\">Desde meses anteriores la gobernadora panista de Chihuahua es noticia por estar contra la distribuci\u00f3n de los libros de texto gratuitos que reparte la SEP, ante esta situaci\u00f3n se puso de acuerdo con su amigo Diego Sinhu\u00e9 Rodr\u00edguez Vallejo, gobernador de Guanajuato, para que ellos elaboraran sus propios libros de texto con el contenido que ellos quieren que lean los maestros y los alumnos.<\/span><\/p>\n<p><span style=\"font-family: verdana, geneva, sans-serif; font-size: 14pt;\">Esta impresi\u00f3n de libros para primaria tendr\u00eda un costo de 72 millones de pesos por cada estado, porque su impresi\u00f3n se otorgar\u00eda a una empresa privada que ser\u00eda la ganona, desde luego, y para seguir con el esquema del pasado, esos empresarios tendr\u00edan que darles moche a los dos gobernadores panistas. Adem\u00e1s, los libros tendr\u00edan un costo para los alumnos de \u201ccooperaci\u00f3n voluntaria\u201d.<\/span><\/p>\n<p><span style=\"font-family: verdana, geneva, sans-serif; font-size: 18pt;\">La indignaci\u00f3n creci\u00f3 cuando se conocieron las condiciones de las escuelas de la entidad, sin ventanas, con el techo agujerado, con piso de tierra, sin ventilaci\u00f3n.<\/span><\/p>\n<p><span style=\"font-family: verdana, geneva, sans-serif; font-size: 14pt;\">Es una tradici\u00f3n para los panistas rechazar los libros de texto, los consideran comunistas desde que aparecieron en 1957, porque ellos nunca reparan en las necesidades de la poblaci\u00f3n y menos en el gasto que implica para la mayor\u00eda de las familias mexicanas comprar libros, cuadernos, zapatos, l\u00e1pices, uniformes y adem\u00e1s pagar el transporte diario a la escuela. Esas necesidades las desconocen los panistas porque est\u00e1n muy lejos de la problem\u00e1tica de la poblaci\u00f3n, pero est\u00e1n muy cerca cuando de enriquecerse a sus costillas se trata.<\/span><\/p>\n<p><span style=\"font-family: verdana, geneva, sans-serif; font-size: 14pt;\">Posteriormente, la gobernadora dio a conocer que prohibir\u00eda el aire acondicionado en las pocas escuelas que lo tienen, a pesar de que en su mayor\u00eda fueron los padres de familia quienes colocaron y compraron dichos aparatos y equipos, su argumento radica en que se gasta mucha energ\u00eda el\u00e9ctrica en tiempo de calor.<\/span><\/p>\n<p><span style=\"font-family: verdana, geneva, sans-serif; font-size: 18pt;\">Sin embargo, Maru Campos, en lo que lleva de su gobierno, escasamente dos a\u00f1os, ha gastado la cantidad de 518 millones 638 mil 764 pesos en el manejo medi\u00e1tico de su imagen personal diciendo que es una gran gobernadora, beneficiando a los medios de la entidad y nacionales.<\/span><\/p>\n<p><span style=\"font-family: verdana, geneva, sans-serif; font-size: 14pt;\">El medio Yo Ciudadano se\u00f1ala una investigaci\u00f3n donde, al consultar la p\u00e1gina de Contrataci\u00f3n P\u00fablica del Estado y solicitar informaci\u00f3n, encontraron que en dos a\u00f1os la Coordinaci\u00f3n Social del Gobierno de Chihuahua entreg\u00f3 312 contratos de publicidad. Adem\u00e1s, el 49% del presupuesto de los contratos, 255 millones de pesos, se destinan solamente para pagar a 10 medios de comunicaci\u00f3n. Asimismo, subraya que el gasto de publicidad oficial del gobierno estatal es del doble o triple del presupuesto que se le asigna a dependencias y organismos p\u00fablicos aut\u00f3nomos del estado.<\/span><\/p>\n<p><span style=\"font-family: verdana, geneva, sans-serif; font-size: 14pt;\">La denuncia p\u00fablica se\u00f1ala que la Comisi\u00f3n Estatal de Derechos Humanos recibi\u00f3, entre 2022 y 2023, un monto total de 189 millones 764 mil 264 pesos, lo que representa un 37% del presupuesto destinado a publicidad oficial.<\/span><\/p>\n<p><span style=\"font-family: verdana, geneva, sans-serif; font-size: 18pt;\">Es decir que, para la panista, ella es primero. Lo dem\u00e1s es secundario.<\/span><\/p>\n<p><span style=\"font-family: verdana, geneva, sans-serif; font-size: 14pt;\">La prohibici\u00f3n de la distribuci\u00f3n de libros de texto provoc\u00f3 que hubiera pleitos y violencia en las calles cuando se encontraban los padres de familia que estaban a favor de que se repartieran y los que afirmaban que conten\u00edan informaci\u00f3n del diablo, porque se basaban en un cuento ind\u00edgena para decir que en ellos se invitaba a adorar al demonio.<\/span><\/p>\n<p><span style=\"font-family: verdana, geneva, sans-serif; font-size: 14pt;\">En una ocasi\u00f3n un maestro asisti\u00f3 al patio del Palacio de Gobierno con sus alumnos para exigir los libros de texto, en la capital de Chihuahua, la secretaria de Educaci\u00f3n el estado, Sandra Guti\u00e9rrez Fierro, por \u00f3rdenes de la gobernadora, mand\u00f3 detener al profesor Jes\u00fas Adolfo Trujillo Holgu\u00edn, quien fue investigado para saber si ten\u00eda autorizaci\u00f3n de los padres de los ni\u00f1os de ese grupo para sacarlos de la escuela, violentando los derechos de libertad de reuni\u00f3n y de expresi\u00f3n. El profesor sigue siendo acosado por polic\u00edas y gente de Maru Campos.<\/span><\/p>\n<p><span style=\"font-family: verdana, geneva, sans-serif; font-size: 14pt;\">La persecuci\u00f3n pol\u00edtica es propia de los conservadores panistas, aunque cuando de ellos se trata dicen que son perseguidos pol\u00edticos, cuando en realidad son delincuentes comunes.<\/span><\/p>\n<p><span style=\"font-family: verdana, geneva, sans-serif; font-size: 18pt;\">La mayor\u00eda de los padres de familia de las escuelas p\u00fablicas exigen que haya revocaci\u00f3n de mandato, porque ya no soportan a la gobernadora que ha declarado disparates, malas palabras y suele mostrar ciertas alteraciones de conducta, producto de alguna droga o alcohol, como lo mostr\u00f3 durante el grito de la noche del 15 de septiembre cuando en los videos se hace evidente este problema.<\/span><\/p>\n<p><span style=\"font-family: verdana, geneva, sans-serif; font-size: 14pt;\">El egocentrismo de Maru Campos hace pensar que despu\u00e9s de la gubernatura quiere competir por un cargo de elecci\u00f3n popular m\u00e1s alto, seguramente en una de las fantas\u00edas o alucinaciones del delirium tremens, quiere llegar a ser Presidenta de la Rep\u00fablica.<\/span><\/p>\n<p><span style=\"font-family: verdana, geneva, sans-serif; font-size: 14pt;\">De hecho, en el PAN se hablaba de sustituir a X\u00f3chitl G\u00e1lvez por Maru Campos, pero vieron que el riesgo de perder las elecciones por una muy amplia ventaja segu\u00eda latente como hasta ahora.<\/span><\/p>\n<p><span style=\"font-family: verdana, geneva, sans-serif; font-size: 18pt;\">Conductas como la de la se\u00f1ora Campos no hacen otra cosa que hacer perder votos a la derecha que tienen en la forma de gobernar de esta mujer un ejemplo claro para conocer para qui\u00e9n trabaja la pol\u00edtica conservadora.<\/span><\/p>\n","protected":false},"excerpt":{"rendered":"<p>La prioridad soy yo La gobernadora de Chihuahua atenta contra las libertades, gasta m\u00e1s de 500 millones en su imagen<\/p>\n","protected":false},"author":4,"featured_media":18818,"comment_status":"closed","ping_status":"closed","sticky":false,"template":"","format":"standard","meta":{"colormag_page_container_layout":"default_layout","colormag_page_sidebar_layout":"default_layout","_jetpack_memberships_contains_paid_content":false,"footnotes":"","jetpack_publicize_message":"","jetpack_publicize_feature_enabled":true,"jetpack_social_post_already_shared":true,"jetpack_social_options":{"image_generator_settings":{"template":"highway","default_image_id":0,"font":"","enabled":false},"version":2}},"categories":[6],"tags":[],"class_list":["post-18816","post","type-post","status-publish","format-standard","has-post-thumbnail","hentry","category-columnistas"],"jetpack_publicize_connections":[],"jetpack_featured_media_url":"https:\/\/noticiasveracruz.com\/wp-content\/uploads\/2023\/09\/FOTO-scaled.jpg","jetpack_sharing_enabled":true,"publishpress_future_action":{"enabled":false,"date":"2026-05-08 22:23:13","action":"change-status","newStatus":"draft","terms":[],"taxonomy":"category","extraData":[]},"publishpress_future_workflow_manual_trigger":{"enabledWorkflows":[]},"_links":{"self":[{"href":"https:\/\/noticiasveracruz.com\/index.php\/wp-json\/wp\/v2\/posts\/18816","targetHints":{"allow":["GET"]}}],"collection":[{"href":"https:\/\/noticiasveracruz.com\/index.php\/wp-json\/wp\/v2\/posts"}],"about":[{"href":"https:\/\/noticiasveracruz.com\/index.php\/wp-json\/wp\/v2\/types\/post"}],"author":[{"embeddable":true,"href":"https:\/\/noticiasveracruz.com\/index.php\/wp-json\/wp\/v2\/users\/4"}],"replies":[{"embeddable":true,"href":"https:\/\/noticiasveracruz.com\/index.php\/wp-json\/wp\/v2\/comments?post=18816"}],"version-history":[{"count":0,"href":"https:\/\/noticiasveracruz.com\/index.php\/wp-json\/wp\/v2\/posts\/18816\/revisions"}],"wp:featuredmedia":[{"embeddable":true,"href":"https:\/\/noticiasveracruz.com\/index.php\/wp-json\/wp\/v2\/media\/18818"}],"wp:attachment":[{"href":"https:\/\/noticiasveracruz.com\/index.php\/wp-json\/wp\/v2\/media?parent=18816"}],"wp:term":[{"taxonomy":"category","embeddable":true,"href":"https:\/\/noticiasveracruz.com\/index.php\/wp-json\/wp\/v2\/categories?post=18816"},{"taxonomy":"post_tag","embeddable":true,"href":"https:\/\/noticiasveracruz.com\/index.php\/wp-json\/wp\/v2\/tags?post=18816"}],"curies":[{"name":"wp","href":"https:\/\/api.w.org\/{rel}","templated":true}]}}