{"id":18803,"date":"2023-09-25T00:59:49","date_gmt":"2023-09-25T05:59:49","guid":{"rendered":"https:\/\/noticiasveracruz.com\/?p=18803"},"modified":"2023-09-25T00:59:49","modified_gmt":"2023-09-25T05:59:49","slug":"los-gobernadores-paleros-de-la-4t","status":"publish","type":"post","link":"https:\/\/noticiasveracruz.com\/index.php\/2023\/09\/25\/los-gobernadores-paleros-de-la-4t\/","title":{"rendered":"Los gobernadores \u201cpaleros\u201d de la 4T"},"content":{"rendered":"<p><span style=\"font-family: verdana, geneva, sans-serif; font-size: 14pt;\"><strong>PARQUE JU\u00c1REZ<\/strong><\/span><\/p>\n<p><span style=\"font-family: verdana, geneva, sans-serif; font-size: 14pt;\"><strong>Por M\u00f3nica Camarena Crespo<\/strong><\/span><\/p>\n<p><span style=\"font-family: verdana, geneva, sans-serif; font-size: 14pt;\">Metidos de lleno en la grilla electoral, los gobernadores de Morena se convirtieron en una suerte de \u201cpaleros\u201d del presidente Andr\u00e9s Manuel L\u00f3pez Obrador, a quien -al parecer- tienen que defender cada vez que alguna acci\u00f3n genera pol\u00e9mica y cr\u00edticas, o sea, siempre.<\/span><\/p>\n<p><span style=\"font-family: verdana, geneva, sans-serif; font-size: 14pt;\">Las gobernadoras, los gobernadores y el jefe de Gobierno de la Ciudad de M\u00e9xico se convirtieron en abogados defensores de cuarta, emiten comunicados ante cualquier tema que pueda afectar al inquilino de Palacio Nacional y, ahora, a la corcholata designada por el dedo supremo.<\/span><\/p>\n<p><span style=\"font-family: verdana, geneva, sans-serif; font-size: 14pt;\">La m\u00e1s reciente defensa de los gobernadores \u201cpaleros\u201d fue la de justificar el Proyecto de Presupuesto de Egresos de la Federaci\u00f3n 2024, el cual fue enviado por el Presidente.<\/span><\/p>\n<p><span style=\"font-family: verdana, geneva, sans-serif; font-size: 14pt;\">Repitiendo el discurso de AMLO (sin la m\u00ednima creatividad), los gobernadores de la llamada Cuarta Transformaci\u00f3n les pidieron a los ciudadanos\u00a0\u201cno dejarse enga\u00f1ar por los conservadores\u201d y a seguir -afirmaron- defendiendo la esperanza y los valores humanistas.<\/span><\/p>\n<p><span style=\"font-family: verdana, geneva, sans-serif; font-size: 14pt;\">Los que cobran como mandatarios en los estados, y hoy convertidos en empleados de AMLO, defienden los indefendible y mienten, como ya va siendo costumbre entre los que son parte de ese partido.<\/span><\/p>\n<p><span style=\"font-family: verdana, geneva, sans-serif; font-size: 14pt;\">El Proyecto de Presupuesto de Egresos de la Federaci\u00f3n 2024\u00a0estima el d\u00e9ficit presupuestal m\u00e1s alto en los \u00faltimos sexenios, y seg\u00fan las cifras oficiales, muestran un techo de endeudamiento de 2 billones de pesos.<\/span><\/p>\n<p><span style=\"font-family: verdana, geneva, sans-serif; font-size: 14pt;\">Lo que no dijeron los gobernadores en su m\u00e1s reciente comunicado es que el gobierno del presidente Andr\u00e9s Manuel L\u00f3pez Obrador contempla un gasto total del sector p\u00fablico por 9 billones 66 mil millones de pesos, lo que representa el presupuesto m\u00e1s alto de la historia.<\/span><\/p>\n<p><span style=\"font-family: verdana, geneva, sans-serif; font-size: 14pt;\">Tampoco explicaron los pron\u00f3sticos respecto al d\u00e9ficit p\u00fablico, como bien lo detall\u00f3 hace algunos d\u00edas el exsecretario de Hacienda Carlos Urz\u00faa, quien dijo algo muy preocupante: \u201cno est\u00e1 de m\u00e1s recordar que en el primer a\u00f1o de gobierno de AMLO, en el 2019, el d\u00e9ficit total fue del orden de 2.3 por ciento del Producto Interno Bruto de entonces, mientras que al cierre de su gobierno se tendr\u00e1, si bien nos va, el mencionado d\u00e9ficit de 5.4 por ciento del Producto Interno Bruto actual, m\u00e1s del doble tan solo porcentualmente hablando (de hecho, 2.3 veces m\u00e1s)\u201d.\u00a0<\/span><\/p>\n<p><span style=\"font-family: verdana, geneva, sans-serif; font-size: 14pt;\">Los gobernadores no atinan a defender lo indefendible, y van camino s\u00f3lido al descr\u00e9dito por mentir una y otra vez con tal de quedar bien con su patr\u00f3n.<\/span><\/p>\n<p><span style=\"font-family: verdana, geneva, sans-serif; font-size: 14pt;\">@monicamarena<\/span><\/p>\n<p>&nbsp;<\/p>\n","protected":false},"excerpt":{"rendered":"<p>PARQUE JU\u00c1REZ Por M\u00f3nica Camarena Crespo Metidos de lleno en la grilla electoral, los gobernadores de Morena se convirtieron en<\/p>\n","protected":false},"author":4,"featured_media":3554,"comment_status":"closed","ping_status":"closed","sticky":false,"template":"","format":"standard","meta":{"colormag_page_container_layout":"default_layout","colormag_page_sidebar_layout":"default_layout","_jetpack_memberships_contains_paid_content":false,"footnotes":"","jetpack_publicize_message":"","jetpack_publicize_feature_enabled":true,"jetpack_social_post_already_shared":true,"jetpack_social_options":{"image_generator_settings":{"template":"highway","default_image_id":0,"font":"","enabled":false},"version":2}},"categories":[6],"tags":[],"class_list":["post-18803","post","type-post","status-publish","format-standard","has-post-thumbnail","hentry","category-columnistas"],"jetpack_publicize_connections":[],"jetpack_featured_media_url":"https:\/\/noticiasveracruz.com\/wp-content\/uploads\/2022\/04\/MO\u0301NICA-CAMARENA-CRESPO-1.png","jetpack_sharing_enabled":true,"publishpress_future_action":{"enabled":false,"date":"2026-05-08 19:04:48","action":"change-status","newStatus":"draft","terms":[],"taxonomy":"category","extraData":[]},"publishpress_future_workflow_manual_trigger":{"enabledWorkflows":[]},"_links":{"self":[{"href":"https:\/\/noticiasveracruz.com\/index.php\/wp-json\/wp\/v2\/posts\/18803","targetHints":{"allow":["GET"]}}],"collection":[{"href":"https:\/\/noticiasveracruz.com\/index.php\/wp-json\/wp\/v2\/posts"}],"about":[{"href":"https:\/\/noticiasveracruz.com\/index.php\/wp-json\/wp\/v2\/types\/post"}],"author":[{"embeddable":true,"href":"https:\/\/noticiasveracruz.com\/index.php\/wp-json\/wp\/v2\/users\/4"}],"replies":[{"embeddable":true,"href":"https:\/\/noticiasveracruz.com\/index.php\/wp-json\/wp\/v2\/comments?post=18803"}],"version-history":[{"count":0,"href":"https:\/\/noticiasveracruz.com\/index.php\/wp-json\/wp\/v2\/posts\/18803\/revisions"}],"wp:featuredmedia":[{"embeddable":true,"href":"https:\/\/noticiasveracruz.com\/index.php\/wp-json\/wp\/v2\/media\/3554"}],"wp:attachment":[{"href":"https:\/\/noticiasveracruz.com\/index.php\/wp-json\/wp\/v2\/media?parent=18803"}],"wp:term":[{"taxonomy":"category","embeddable":true,"href":"https:\/\/noticiasveracruz.com\/index.php\/wp-json\/wp\/v2\/categories?post=18803"},{"taxonomy":"post_tag","embeddable":true,"href":"https:\/\/noticiasveracruz.com\/index.php\/wp-json\/wp\/v2\/tags?post=18803"}],"curies":[{"name":"wp","href":"https:\/\/api.w.org\/{rel}","templated":true}]}}