{"id":18799,"date":"2023-09-25T00:36:25","date_gmt":"2023-09-25T05:36:25","guid":{"rendered":"https:\/\/noticiasveracruz.com\/?p=18799"},"modified":"2023-09-25T00:36:25","modified_gmt":"2023-09-25T05:36:25","slug":"los-suenos-de-sergio-checo-gutierrez-luna","status":"publish","type":"post","link":"https:\/\/noticiasveracruz.com\/index.php\/2023\/09\/25\/los-suenos-de-sergio-checo-gutierrez-luna\/","title":{"rendered":"Los sue\u00f1os de Sergio \u00abCheco\u00bb Guti\u00e9rrez Luna"},"content":{"rendered":"<p><span style=\"font-family: verdana, geneva, sans-serif; font-size: 14pt;\"><strong>Astrolabio Pol\u00edtico<\/strong><\/span><\/p>\n<p><span style=\"font-family: verdana, geneva, sans-serif; font-size: 14pt;\"><strong>Por: Luis Ram\u00edrez Baqueiro<\/strong><\/span><\/p>\n<p><span style=\"font-family: verdana, geneva, sans-serif; font-size: 14pt;\"><em>\u201cEl punto de partida de todo logro es el deseo.\u201d \u2013 Napole\u00f3n Hill.<\/em><\/span><\/p>\n<p><span style=\"font-family: verdana, geneva, sans-serif; font-size: 14pt;\">Acompa\u00f1ado de un s\u00e9quito de seguridad, el diputado federal Sergio \u00abCheco\u00bb Guti\u00e9rrez Luna arrib\u00f3 el pasado s\u00e1bado 23 de septiembre a las 9 de la ma\u00f1ana al encuentro con columnistas de la capital del estado.<\/span><\/p>\n<p><span style=\"font-family: verdana, geneva, sans-serif; font-size: 14pt;\">Las instalaciones del Caf\u00e9 de La Parroquia de Marcelino Fern\u00e1ndez bajo el concepto de franquicia propiedad del regidor del ayuntamiento xalape\u00f1o, Antonio Ballesteros Grayeb, quien fue regidor en el gobierno de Reynaldo Escobar P\u00e9rez; secretario del Ayuntamiento con Ricardo Ahued Bardahuil, y s\u00edndico con David Velasco Chedraui y que actualmente repite como regidor tercero, junto a conocida empresa trasnacional sirvi\u00f3 de escenario para la charla.<\/span><\/p>\n<p><span style=\"font-family: verdana, geneva, sans-serif; font-size: 14pt;\">Echado para adelante, acompa\u00f1ado de su esposa la tambi\u00e9n diputada local por Sonora, Diana Karina Barreras Samaniego, afirmando que el m\u00e9todo de selecci\u00f3n de candidata o candidato a coordinar la Defensa Estatal de la 4T es asunto de mera percepci\u00f3n a ras de suelo, asegura que es solo entre dos la pelea.<\/span><\/p>\n<p><span style=\"font-family: verdana, geneva, sans-serif; font-size: 14pt;\">As\u00ed, la lucha por la candidatura se concentra -seg\u00fan el diputado federal- entre la a\u00fan secretaria de Energ\u00eda, Roc\u00edo Nahle Garc\u00eda y su persona.<\/span><\/p>\n<p><span style=\"font-family: verdana, geneva, sans-serif; font-size: 14pt;\">\u201cLos dem\u00e1s son mis compa\u00f1eros, pero la verdad es morralla, son valientes algunos en pensar pretender aspirar a suceder a Cuitl\u00e1huac Garc\u00eda Jim\u00e9nez, se les reconoce, pero casi todos son miembros del mismo grupo\u201d.<\/span><\/p>\n<p><span style=\"font-family: verdana, geneva, sans-serif; font-size: 14pt;\">El minatitleco, quien afirma reiteradamente que \u00e9l s\u00ed es de Veracruz, sentencia: \u201cyo no entiendo para qu\u00e9 se pretenden registrar, solo le restar\u00e1 votos a su candidata, pero, en fin, yo a lo m\u00edo\u201d.<\/span><\/p>\n<p><span style=\"font-family: verdana, geneva, sans-serif; font-size: 14pt;\">Tras m\u00e1s de un a\u00f1o de recorrer Veracruz de arriba abajo, el diputado federal sostiene que, a ras de piso, la percepci\u00f3n social es otra cosa \u201cy en ello recaen mis fortalezas, pues yo s\u00ed s\u00e9 cu\u00e1les son las necesidades de los veracruzanos\u201d.<\/span><\/p>\n<p><span style=\"font-family: verdana, geneva, sans-serif; font-size: 14pt;\">Aun cuando su supuesto capital pol\u00edtico recaiga sobre los nexos con priistas, panistas, perredistas, y toda la fauna nociva de todos los inadaptados sociales corridos por p\u00e9simos antecedentes de los dem\u00e1s partidos pol\u00edticos, quienes le hab\u00edan apoyado a sostener las m\u00faltiples reuniones realizadas en el estado, afirma que a pesar de ello ser\u00e1 el vencedor de la contienda interna en Morena.<\/span><\/p>\n<p><span style=\"font-family: verdana, geneva, sans-serif; font-size: 14pt;\">\u201cYo si atender\u00e9 el tema para reclasificar las tarifas de energ\u00eda el\u00e9ctrica, no como otros que lo prometieron y despu\u00e9s de 5 a\u00f1os no hicieron nada, a pesar de ser los responsables del manejo energ\u00e9tico de la naci\u00f3n, o quienes, desde el Senado, afirmaron que har\u00edan algo, pero no lo hicieron.<\/span><\/p>\n<p><span style=\"font-family: verdana, geneva, sans-serif; font-size: 14pt;\">Les reitero que yo si soy veracruzano y estos temas ser\u00e1n respaldados de mi parte, con el apoyo de mi amigo Ad\u00e1n Augusto L\u00f3pez Hern\u00e1ndez quien en Tabasco lo consigui\u00f3\u201d, aunado a ello, afirma que \u201cel exsecretario de Gobernaci\u00f3n ser\u00e1 el fiel de la balanza que podr\u00eda inclinar la designaci\u00f3n a mi favor\u201d.<\/span><\/p>\n<p><span style=\"font-family: verdana, geneva, sans-serif; font-size: 14pt;\">Cuestionado respecto a los temas clave de la convocatoria se\u00f1al\u00f3 que, existen asuntos que por estatuto deber\u00e1n ser solventados, como el que representa la violencia pol\u00edtica de g\u00e9nero o violencia sexual.<\/span><\/p>\n<p><span style=\"font-family: verdana, geneva, sans-serif; font-size: 14pt;\">Aun cuando no lo expresa abiertamente, el comentario lleva un dejo de veneno en contra del todav\u00eda secretario de Gobierno, Eric Patrocinio Cisneros Burgos, principal promotor de esa clase de anti pol\u00edticas.<\/span><\/p>\n<p><span style=\"font-family: verdana, geneva, sans-serif; font-size: 14pt;\">De igual manera, es claridoso al reconocer que al interior de Morena y su Consejo Pol\u00edtico Estatal, \u00e9l no cuenta con adeptos, la estructura afirma la controlan ellos, los que est\u00e1n con Nahle Garc\u00eda, pero a pesar de ello, la determinaci\u00f3n final ser\u00e1 de la Comisi\u00f3n Nacional de Encuestas en el Comit\u00e9 Nacional de Morena.<\/span><\/p>\n<p><span style=\"font-family: verdana, geneva, sans-serif; font-size: 14pt;\">Cuestionado por este reportero \u00bfsi ser\u00e1 de los que asegure que todo lo realizado por su movimiento en Veracruz est\u00e1 bien? tajante afirma que no, pues reconoce que existe mucho malestar por la falta de seguridad, empleo e inversi\u00f3n.<\/span><\/p>\n<p><span style=\"font-family: verdana, geneva, sans-serif; font-size: 14pt;\">Ante la pregunta de \u00bfir\u00e1s por los responsables de dicha crisis? El expresidente de la Mesa Directiva de San L\u00e1zaro afirma que \u00e9l est\u00e1 primero en modo propositivo, ya se ver\u00e1 si llega a ser gobernador y entonces s\u00ed se buscar\u00e1n responsables.<\/span><\/p>\n<p><span style=\"font-family: verdana, geneva, sans-serif; font-size: 14pt;\">El minatitleco se toma el tiempo de atender y charlar con todos los presentes,\u00a0hasta agotar la agenda tem\u00e1tica, despidi\u00e9ndose de todos los asistentes.<\/span><\/p>\n<p><span style=\"font-family: verdana, geneva, sans-serif; font-size: 14pt;\">De esta manera, Sergio \u00abCheco\u00bb Guti\u00e9rrez Luna se prepara para que este lunes 25 de septiembre desde su natal Minatitl\u00e1n, realice su registro en lo que ser\u00e1 la primera gran prueba de lo que pareciera ser su sue\u00f1o, uno que esperemos no termine en pesadilla.<\/span><\/p>\n<p><span style=\"font-family: verdana, geneva, sans-serif; font-size: 14pt;\">Al tiempo.<\/span><\/p>\n<p>&nbsp;<\/p>\n<p><span style=\"font-family: verdana, geneva, sans-serif; font-size: 14pt;\"><em><a href=\"mailto:astrolabiopoliticomx@gmail.com\">astrolabiopoliticomx@gmail.com<\/a><\/em><\/span><\/p>\n<p><span style=\"font-family: verdana, geneva, sans-serif; font-size: 14pt;\"><em>Twitter: @LuisBaqueiro_mx<\/em><\/span><\/p>\n","protected":false},"excerpt":{"rendered":"<p>Astrolabio Pol\u00edtico Por: Luis Ram\u00edrez Baqueiro \u201cEl punto de partida de todo logro es el deseo.\u201d \u2013 Napole\u00f3n Hill. Acompa\u00f1ado<\/p>\n","protected":false},"author":4,"featured_media":3572,"comment_status":"closed","ping_status":"closed","sticky":false,"template":"","format":"standard","meta":{"colormag_page_container_layout":"default_layout","colormag_page_sidebar_layout":"default_layout","_jetpack_memberships_contains_paid_content":false,"footnotes":"","jetpack_publicize_message":"","jetpack_publicize_feature_enabled":true,"jetpack_social_post_already_shared":true,"jetpack_social_options":{"image_generator_settings":{"template":"highway","default_image_id":0,"font":"","enabled":false},"version":2}},"categories":[6],"tags":[],"class_list":["post-18799","post","type-post","status-publish","format-standard","has-post-thumbnail","hentry","category-columnistas"],"jetpack_publicize_connections":[],"jetpack_featured_media_url":"https:\/\/noticiasveracruz.com\/wp-content\/uploads\/2022\/04\/LUIS-RAMI\u0301REZ-BAQUEIRO.png","jetpack_sharing_enabled":true,"publishpress_future_action":{"enabled":false,"date":"2026-05-08 16:37:35","action":"change-status","newStatus":"draft","terms":[],"taxonomy":"category","extraData":[]},"publishpress_future_workflow_manual_trigger":{"enabledWorkflows":[]},"_links":{"self":[{"href":"https:\/\/noticiasveracruz.com\/index.php\/wp-json\/wp\/v2\/posts\/18799","targetHints":{"allow":["GET"]}}],"collection":[{"href":"https:\/\/noticiasveracruz.com\/index.php\/wp-json\/wp\/v2\/posts"}],"about":[{"href":"https:\/\/noticiasveracruz.com\/index.php\/wp-json\/wp\/v2\/types\/post"}],"author":[{"embeddable":true,"href":"https:\/\/noticiasveracruz.com\/index.php\/wp-json\/wp\/v2\/users\/4"}],"replies":[{"embeddable":true,"href":"https:\/\/noticiasveracruz.com\/index.php\/wp-json\/wp\/v2\/comments?post=18799"}],"version-history":[{"count":0,"href":"https:\/\/noticiasveracruz.com\/index.php\/wp-json\/wp\/v2\/posts\/18799\/revisions"}],"wp:featuredmedia":[{"embeddable":true,"href":"https:\/\/noticiasveracruz.com\/index.php\/wp-json\/wp\/v2\/media\/3572"}],"wp:attachment":[{"href":"https:\/\/noticiasveracruz.com\/index.php\/wp-json\/wp\/v2\/media?parent=18799"}],"wp:term":[{"taxonomy":"category","embeddable":true,"href":"https:\/\/noticiasveracruz.com\/index.php\/wp-json\/wp\/v2\/categories?post=18799"},{"taxonomy":"post_tag","embeddable":true,"href":"https:\/\/noticiasveracruz.com\/index.php\/wp-json\/wp\/v2\/tags?post=18799"}],"curies":[{"name":"wp","href":"https:\/\/api.w.org\/{rel}","templated":true}]}}