{"id":18797,"date":"2023-09-25T00:33:48","date_gmt":"2023-09-25T05:33:48","guid":{"rendered":"https:\/\/noticiasveracruz.com\/?p=18797"},"modified":"2023-09-25T00:33:48","modified_gmt":"2023-09-25T05:33:48","slug":"prohibe-el-ine-al-presidente-amlo-defender-al-pais-de-alimanas","status":"publish","type":"post","link":"https:\/\/noticiasveracruz.com\/index.php\/2023\/09\/25\/prohibe-el-ine-al-presidente-amlo-defender-al-pais-de-alimanas\/","title":{"rendered":"Proh\u00edbe el INE al presidente AMLO defender al pa\u00eds de alima\u00f1as"},"content":{"rendered":"<p><span style=\"font-size: 14pt; font-family: arial, helvetica, sans-serif;\"><strong>Por Jos\u00e9 Lima Cobos<\/strong><\/span><\/p>\n<p><span style=\"font-size: 14pt; font-family: arial, helvetica, sans-serif;\">Lo que pasa ahora jam\u00e1s se pens\u00f3 que se llegara tanto, y ahora los patos les tiran a las escopetas, lo que no es normal, pero que todo indica que vamos para all\u00e1 cuando vemos que suceden cosas raras, como que se tiene que advertir a la ciudadan\u00eda que lo que postula un gobierno o un sistema pol\u00edtico, debe previamente advertirse que puede resultar riesgoso para la noble conciencia ciudadana.<\/span><\/p>\n<p><span style=\"font-size: 14pt; font-family: arial, helvetica, sans-serif;\">\u201cEste programa puede ser da\u00f1ino a la salud de la rep\u00fablica\u201d, luego entonces, debe aparecer una leyenda previa que diga: \u201dlas conferencias de prensa matutinas del presidente -supongo que se refiere al presidente de la rep\u00fablica, pues siendo yo tan idiota, al igual que la mayor\u00eda de la ciudadan\u00eda y la sociedad en su conjunto- que no incluye a quien gobierna el pa\u00eds y recauda recursos para que\u00a0 la econom\u00eda nacional\u00a0 mantenga la estabilidad y funcionen las instituciones\u00a0 y exista paz y tranquilidad pa\u00eds tienen por objeto difundir propaganda institucional o gubernamental con fines informativos, educativos o de orientaci\u00f3n social, por lo que no podr\u00e1n hacerse pronunciamientos relacionados con t\u00f3picos pol\u00edticos o electorales que afecten\u00a0 de manera indebida la equidad de las contiendas comiciales e influyan en la ciudadan\u00eda, por aquello, revira el presidente L\u00f3pez Obrador \u201cNo vaya a ser que la ciudadan\u00eda se deje manipular o sea, ya no puedo hablar de ning\u00fan, ya no voy a poder hablar de Salinas ni de Fox, esto es el PRIAN\u201d.<\/span><\/p>\n<p><span style=\"font-size: 14pt; font-family: arial, helvetica, sans-serif;\">La rid\u00edcula recomendaci\u00f3n del INE al presidente de la Rep\u00fablica para que se inserte,\u00a0 antes de que se inicie la conferencia presidencial esa leyenda, no fue tarde por su respuesta -que tiene que impugnarse legalmente-\u00a0 pues de inmediato se agreg\u00f3 una especie de PD que es clara y precisa, y que hace no el presidente, sino el ciudadano\u00a0 AMLO, que es del tenor siguiente \u201csi eres conservador y est\u00e1s en contra de la transformaci\u00f3n del pa\u00eds porque quieres que regresen los fueros y privilegios de unos cuantos y que contin\u00faen la corrupci\u00f3n, el clasismo, el racismo y la discriminaci\u00f3n, te recomendamos que no veas este programa porque puede ocasionarte alg\u00fan da\u00f1o sicol\u00f3gico o emocional, o afectar los intereses que defiendes\u201d.<\/span><\/p>\n<p><span style=\"font-size: 14pt; font-family: arial, helvetica, sans-serif;\">Ahora si estamos bien, la libre manifestaci\u00f3n de las ideas que autoriza la constituci\u00f3n queda vedada para que el presidente defienda su programa de gobierno, que anunci\u00f3 con toda anticipaci\u00f3n y que, antes que nada, postul\u00f3 que su lucha ser\u00eda para combatir la desigualdad social y ella era\u00a0 producto de los gobiernos neoliberales que privatizaron el agua, las tierras, los mares, r\u00edos, los recursos el\u00e9ctricos, petroleros, mineros y bancos, y que los responsables ten\u00edan nombre y apellidos como Salinas de Gortari, Zedillo, Fox, Calder\u00f3n y Pe\u00f1a Nieto, y el da\u00f1o al pa\u00eds fue descomunal, y ahora se quiere que el que era peligro para M\u00e9xico deje de ser peligro para que no vuelvan los bandidos.<\/span><\/p>\n<p><span style=\"font-size: 14pt; font-family: arial, helvetica, sans-serif;\">Si la justicia est\u00e1 en los suelos es porque todo el orden jur\u00eddico est\u00e1 trastocado mediante reformas a la constituci\u00f3n que la han sepultado, ahora se quiere que nada se recuerde, porque eso puede influir para que retorne el saqueo y el atraco a la naci\u00f3n, signo inequ\u00edvoco que les tiemblan las piernas a quienes eran un gobierno rico con pueblo pobre, pero al cambiar las condiciones de la lucha democr\u00e1tica, se busca retornar alegando que la democracia s\u00ed es correcta y perfecta si la oligarqu\u00eda la ejerce en su beneficio, reducir la miseria atenta contra los intereses de la minor\u00eda y eso agravia la dignidad de los que, como Collado, retornan al hogar a vivir en familia porque la c\u00e1rcel no se le da, ah\u00ed est\u00e1n las evidencias.<\/span><\/p>\n<p><span style=\"font-size: 14pt; font-family: arial, helvetica, sans-serif;\">Si se quiere dudar de que la connivencia y el contubernio de los de arriba prevalece y quiere volver es elocuente, los recientes acontecimientos lo confirman, y los d\u00edas que vendr\u00e1n ir\u00e1n por el mismo camino, pues es inaceptable que se haya logrado la transformaci\u00f3n del sureste con el Tren Maya, la refiner\u00eda de Dos Bocas, la transformaci\u00f3n con la comunicaci\u00f3n de los\u00a0 ferrocarriles, es decir, que se haya hecho tanta obra p\u00fablica sin endeudar al pa\u00eds e iniciar el combate a la corrupci\u00f3n que atosiga a la naci\u00f3n, pero se advierte \u00a1No pasar\u00e1n!<\/span><\/p>\n<p>&nbsp;<\/p>\n<p><span style=\"font-size: 14pt; font-family: arial, helvetica, sans-serif;\">limacobos@hotmail.com<\/span><\/p>\n<p><span style=\"font-size: 14pt; font-family: arial, helvetica, sans-serif;\">Twitter: @limacobos1<\/span><\/p>\n","protected":false},"excerpt":{"rendered":"<p>Por Jos\u00e9 Lima Cobos Lo que pasa ahora jam\u00e1s se pens\u00f3 que se llegara tanto, y ahora los patos les<\/p>\n","protected":false},"author":4,"featured_media":1113,"comment_status":"closed","ping_status":"closed","sticky":false,"template":"","format":"standard","meta":{"colormag_page_container_layout":"default_layout","colormag_page_sidebar_layout":"default_layout","_jetpack_memberships_contains_paid_content":false,"footnotes":"","jetpack_publicize_message":"","jetpack_publicize_feature_enabled":true,"jetpack_social_post_already_shared":true,"jetpack_social_options":{"image_generator_settings":{"template":"highway","default_image_id":0,"font":"","enabled":false},"version":2}},"categories":[6],"tags":[],"class_list":["post-18797","post","type-post","status-publish","format-standard","has-post-thumbnail","hentry","category-columnistas"],"jetpack_publicize_connections":[],"jetpack_featured_media_url":"https:\/\/noticiasveracruz.com\/wp-content\/uploads\/2022\/01\/NV-JOSE\u0301-LUIS-COBOS.png","jetpack_sharing_enabled":true,"publishpress_future_action":{"enabled":false,"date":"2026-05-08 15:56:44","action":"change-status","newStatus":"draft","terms":[],"taxonomy":"category","extraData":[]},"publishpress_future_workflow_manual_trigger":{"enabledWorkflows":[]},"_links":{"self":[{"href":"https:\/\/noticiasveracruz.com\/index.php\/wp-json\/wp\/v2\/posts\/18797","targetHints":{"allow":["GET"]}}],"collection":[{"href":"https:\/\/noticiasveracruz.com\/index.php\/wp-json\/wp\/v2\/posts"}],"about":[{"href":"https:\/\/noticiasveracruz.com\/index.php\/wp-json\/wp\/v2\/types\/post"}],"author":[{"embeddable":true,"href":"https:\/\/noticiasveracruz.com\/index.php\/wp-json\/wp\/v2\/users\/4"}],"replies":[{"embeddable":true,"href":"https:\/\/noticiasveracruz.com\/index.php\/wp-json\/wp\/v2\/comments?post=18797"}],"version-history":[{"count":0,"href":"https:\/\/noticiasveracruz.com\/index.php\/wp-json\/wp\/v2\/posts\/18797\/revisions"}],"wp:featuredmedia":[{"embeddable":true,"href":"https:\/\/noticiasveracruz.com\/index.php\/wp-json\/wp\/v2\/media\/1113"}],"wp:attachment":[{"href":"https:\/\/noticiasveracruz.com\/index.php\/wp-json\/wp\/v2\/media?parent=18797"}],"wp:term":[{"taxonomy":"category","embeddable":true,"href":"https:\/\/noticiasveracruz.com\/index.php\/wp-json\/wp\/v2\/categories?post=18797"},{"taxonomy":"post_tag","embeddable":true,"href":"https:\/\/noticiasveracruz.com\/index.php\/wp-json\/wp\/v2\/tags?post=18797"}],"curies":[{"name":"wp","href":"https:\/\/api.w.org\/{rel}","templated":true}]}}