{"id":18784,"date":"2023-09-21T12:29:07","date_gmt":"2023-09-21T17:29:07","guid":{"rendered":"https:\/\/noticiasveracruz.com\/?p=18784"},"modified":"2023-09-21T12:29:07","modified_gmt":"2023-09-21T17:29:07","slug":"zenyazen-gobernador","status":"publish","type":"post","link":"https:\/\/noticiasveracruz.com\/index.php\/2023\/09\/21\/zenyazen-gobernador\/","title":{"rendered":"\u00bfZenyazen Gobernador?"},"content":{"rendered":"<ul>\n<li style=\"font-weight: 400;\"><span style=\"font-family: verdana, geneva, sans-serif; font-size: 14pt;\"><strong>Dejar\u00e1 la SEV en busca de ser candidato a gobernador<\/strong><\/span><\/li>\n<li style=\"font-weight: 400;\"><span style=\"font-family: verdana, geneva, sans-serif; font-size: 14pt;\"><strong>Pero sino advierte que se conformar\u00e1 con una senadur\u00eda<\/strong><\/span><\/li>\n<li style=\"font-weight: 400;\"><span style=\"font-family: verdana, geneva, sans-serif; font-size: 14pt;\"><strong>\u201cVivir fuera del presupuesto es vivir en el error\u201d<\/strong><\/span><\/li>\n<\/ul>\n<p style=\"font-weight: 400;\"><span style=\"font-family: verdana, geneva, sans-serif; font-size: 14pt;\"><strong>Por Miguel \u00c1ngel Cristiani G.<\/strong><\/span><\/p>\n<p style=\"font-weight: 400;\"><span style=\"font-family: verdana, geneva, sans-serif; font-size: 14pt;\">Aplicando la frase c\u00e9lebre del pol\u00edtico tuxpe\u00f1o el Tlacuache Garizurieta de que \u201cvivir fuera del presupuesto es vivir en el error\u201d el actual secretario de Educaci\u00f3n del estado de Veracruz, Zenyazen Escobar Garc\u00eda acaba de anunciar que se inscribir\u00e1 para participar en la encuesta de Morena para elegir al defensor de la Cuarta Transformaci\u00f3n, es decir candidato a la gubernatura.<\/span><\/p>\n<p style=\"font-weight: 400;\"><span style=\"font-family: verdana, geneva, sans-serif; font-size: 14pt;\">En su cuenta de Twitter el todav\u00eda secretario de Educaci\u00f3n escribi\u00f3 este mi\u00e9rcoles: \u201cMe entusiasma anunciar que me inscribir\u00e9 a la encuesta de mi partido, @morena veracruz, por la gubernatura del estado. Si la paridad de g\u00e9nero no me lo permite, me postular\u00e9 a la senadur\u00eda para continuar buscando en 2024 mejores condiciones para las y los veracruzanos.\u201d<\/span><\/p>\n<p style=\"font-weight: 400;\"><span style=\"font-family: verdana, geneva, sans-serif; font-size: 14pt;\">Qu\u00e9 bueno que Zenyazen Escobar Garc\u00eda aclara y advierte que, si no queda como candidato a la gubernatura, entonces se postular\u00e1 para la senadur\u00eda, tal parece que el caso es seguir viviendo dentro del presupuesto.<\/span><\/p>\n<p style=\"font-weight: 400;\"><span style=\"font-family: verdana, geneva, sans-serif; font-size: 14pt;\">El anuncio de Zenyazen Escobar Garc\u00eda no fue ninguna noticia, pues desde hace ya muchos meses, se ha dedicado a recorrer el estado, con el pretexto de que est\u00e1 visitando escuelas o dependencias de la SEV, pero en realidad se trata de una gira proselitista para que lo conozcan en todas las regiones, cuando -como ocurrir\u00e1 ahora- Morena levante una encuesta para determinar a sus candidatos a la gubernatura, el senado y el congreso.<\/span><\/p>\n<p style=\"font-weight: 400;\"><span style=\"font-family: verdana, geneva, sans-serif; font-size: 14pt;\">Pero esa mala estrategia del pasado, ya no le ha funcionado en el presente, para poder alcanzar la candidatura anhelada de ser gobernador del estado y por eso es que ya desde ahora anuncia que se conformar\u00e1 con una senadur\u00eda.<\/span><\/p>\n<p style=\"font-weight: 400;\"><span style=\"font-family: verdana, geneva, sans-serif; font-size: 14pt;\">Lo anterior es bien sabido en el interior de la Secretar\u00eda de Educaci\u00f3n, en donde cuando el gato se va de gira, los ratones hacen su fiesta.<\/span><\/p>\n<p style=\"font-weight: 400;\"><span style=\"font-family: verdana, geneva, sans-serif; font-size: 14pt;\">Por eso es que m\u00e1s que seguir viviendo dentro del presupuesto, lo que Zenyazen Escobar Garc\u00eda quiere es la gubernatura del estado y sino la senadur\u00eda, que le otorgar\u00e1 el fuero constitucional.<\/span><\/p>\n<p style=\"font-weight: 400;\"><span style=\"font-family: verdana, geneva, sans-serif; font-size: 14pt;\">No hay que olvidar que la secretar\u00eda de Educaci\u00f3n de Veracruz es la dependencia que maneja el mayor presupuesto y donde se manejan el mayor n\u00famero de plazas.<\/span><\/p>\n<p style=\"font-weight: 400;\"><span style=\"font-family: verdana, geneva, sans-serif; font-size: 14pt;\">Si el secretario de Educaci\u00f3n est\u00e1 pensando en renunciar para buscar una candidatura, deber\u00e1 de dejar bien amarrados los \u201ctr\u00e1mites\u201d que est\u00e1n pendientes de asignaci\u00f3n de plazas y traslados de maestras y maestros.<\/span><\/p>\n<p style=\"font-weight: 400;\"><span style=\"font-family: verdana, geneva, sans-serif; font-size: 14pt;\">Motivo por el cual, un d\u00eda s\u00ed y al siguiente tambi\u00e9n, son tomadas las instalaciones de la SEV en la avenida L\u00e1zaro C\u00e1rdenas, para obligar a que sean atendidos los maestros inconformes.<\/span><\/p>\n<p style=\"font-weight: 400;\"><span style=\"font-family: verdana, geneva, sans-serif; font-size: 14pt;\">En ese tema el ORFIS tiene mucha tela de donde cortar, si luego de que no se les cumpla lo prometido, empiezan a presentarse las denuncias en la Fiscal\u00eda del Estado, por el delito de fraude.<\/span><\/p>\n<p style=\"font-weight: 400;\"><span style=\"font-family: verdana, geneva, sans-serif; font-size: 14pt;\">Y ello podr\u00eda llevar hasta la descalificaci\u00f3n de Zenyazen Escobar Garc\u00eda como aspirante a la gubernatura o la senadur\u00eda por MORENA. \u00a1Aguas!<\/span><\/p>\n<p style=\"font-weight: 400;\"><span style=\"font-family: verdana, geneva, sans-serif; font-size: 14pt;\">Pero la carrera por la sucesi\u00f3n gubernamental apenas comienza.<\/span><\/p>\n<p style=\"font-weight: 400;\"><span style=\"font-family: verdana, geneva, sans-serif; font-size: 14pt;\">Como dir\u00eda el cl\u00e1sico: \u00a1que de cosas nos tocan ver, mi querido Sancho\u201d.<\/span><\/p>\n","protected":false},"excerpt":{"rendered":"<p>Dejar\u00e1 la SEV en busca de ser candidato a gobernador Pero sino advierte que se conformar\u00e1 con una senadur\u00eda \u201cVivir<\/p>\n","protected":false},"author":4,"featured_media":3280,"comment_status":"closed","ping_status":"closed","sticky":false,"template":"","format":"standard","meta":{"colormag_page_container_layout":"default_layout","colormag_page_sidebar_layout":"default_layout","_jetpack_memberships_contains_paid_content":false,"footnotes":"","jetpack_publicize_message":"","jetpack_publicize_feature_enabled":true,"jetpack_social_post_already_shared":true,"jetpack_social_options":{"image_generator_settings":{"template":"highway","default_image_id":0,"font":"","enabled":false},"version":2}},"categories":[6],"tags":[],"class_list":["post-18784","post","type-post","status-publish","format-standard","has-post-thumbnail","hentry","category-columnistas"],"jetpack_publicize_connections":[],"jetpack_featured_media_url":"https:\/\/noticiasveracruz.com\/wp-content\/uploads\/2022\/04\/NV-MIGUEL-A\u0301NGEL-CRISTIANI.png","jetpack_sharing_enabled":true,"publishpress_future_action":{"enabled":false,"date":"2026-05-08 05:53:19","action":"change-status","newStatus":"draft","terms":[],"taxonomy":"category","extraData":[]},"publishpress_future_workflow_manual_trigger":{"enabledWorkflows":[]},"_links":{"self":[{"href":"https:\/\/noticiasveracruz.com\/index.php\/wp-json\/wp\/v2\/posts\/18784","targetHints":{"allow":["GET"]}}],"collection":[{"href":"https:\/\/noticiasveracruz.com\/index.php\/wp-json\/wp\/v2\/posts"}],"about":[{"href":"https:\/\/noticiasveracruz.com\/index.php\/wp-json\/wp\/v2\/types\/post"}],"author":[{"embeddable":true,"href":"https:\/\/noticiasveracruz.com\/index.php\/wp-json\/wp\/v2\/users\/4"}],"replies":[{"embeddable":true,"href":"https:\/\/noticiasveracruz.com\/index.php\/wp-json\/wp\/v2\/comments?post=18784"}],"version-history":[{"count":0,"href":"https:\/\/noticiasveracruz.com\/index.php\/wp-json\/wp\/v2\/posts\/18784\/revisions"}],"wp:featuredmedia":[{"embeddable":true,"href":"https:\/\/noticiasveracruz.com\/index.php\/wp-json\/wp\/v2\/media\/3280"}],"wp:attachment":[{"href":"https:\/\/noticiasveracruz.com\/index.php\/wp-json\/wp\/v2\/media?parent=18784"}],"wp:term":[{"taxonomy":"category","embeddable":true,"href":"https:\/\/noticiasveracruz.com\/index.php\/wp-json\/wp\/v2\/categories?post=18784"},{"taxonomy":"post_tag","embeddable":true,"href":"https:\/\/noticiasveracruz.com\/index.php\/wp-json\/wp\/v2\/tags?post=18784"}],"curies":[{"name":"wp","href":"https:\/\/api.w.org\/{rel}","templated":true}]}}