{"id":18782,"date":"2023-09-21T12:27:26","date_gmt":"2023-09-21T17:27:26","guid":{"rendered":"https:\/\/noticiasveracruz.com\/?p=18782"},"modified":"2023-09-21T12:27:26","modified_gmt":"2023-09-21T17:27:26","slug":"el-arroz-a-la-tumbada-de-morena","status":"publish","type":"post","link":"https:\/\/noticiasveracruz.com\/index.php\/2023\/09\/21\/el-arroz-a-la-tumbada-de-morena\/","title":{"rendered":"El arroz a la Tumbada de Morena"},"content":{"rendered":"<p style=\"font-weight: 400;\"><span style=\"font-size: 14pt; font-family: verdana, geneva, sans-serif;\"><strong>Astrolabio Pol\u00edtico<\/strong><\/span><\/p>\n<p style=\"font-weight: 400;\"><span style=\"font-size: 14pt; font-family: verdana, geneva, sans-serif;\"><strong>Por: Luis Ram\u00edrez Baqueiro<\/strong><\/span><\/p>\n<p style=\"font-weight: 400;\"><span style=\"font-size: 14pt; font-family: verdana, geneva, sans-serif;\"><em>\u201cEl secreto para salir adelante es comenzar.\u201d \u2013 Mark Twain.<\/em><\/span><\/p>\n<p style=\"font-weight: 400;\"><span style=\"font-size: 14pt; font-family: verdana, geneva, sans-serif;\">La carrera por la gubernatura de Veracruz ha comenzado a tomar su punto de ebullici\u00f3n.<\/span><\/p>\n<p style=\"font-weight: 400;\"><span style=\"font-size: 14pt; font-family: verdana, geneva, sans-serif;\">El \u201cArroz a la Tumbada\u201d dentro de Morena ha comenzado a nutrirse de carnita (Pescado, Jaiba y uno que otro molusco), la infusi\u00f3n estar\u00e1 compuesta de carne magra de primera, hasta algunos fiambres que habr\u00e1n de ser aderezados por el cocinero responsable en tareas de gran Chef.<\/span><\/p>\n<p style=\"font-weight: 400;\"><span style=\"font-size: 14pt; font-family: verdana, geneva, sans-serif;\">La operaci\u00f3n al interior de la cocina de Morena estar\u00e1 compuesta de al menos tres f\u00e9minas, aun cuando la propuesta original se limitar\u00eda a tan solo seis aspirantes.<\/span><\/p>\n<p style=\"font-weight: 400;\"><span style=\"font-size: 14pt; font-family: verdana, geneva, sans-serif;\">As\u00ed se sabe de buena fuente que las diputadas federales y locales veracruzanas, Claudia Tello y Margarita Corro se anotar\u00e1n en su aspiraci\u00f3n por suceder a Cuitl\u00e1huac Garc\u00eda Jim\u00e9nez, junto a la secretar\u00eda de Energ\u00eda, Roc\u00edo Nahle Garc\u00eda.<\/span><\/p>\n<p style=\"font-weight: 400;\"><span style=\"font-size: 14pt; font-family: verdana, geneva, sans-serif;\">Queda claro que es la senadora con licencia la que mayor experiencia y tablas cuenta para pelear por la Coordinaci\u00f3n Estatal de la Defensa de la Cuarta Transformaci\u00f3n, aunado al hecho de ser quien pudiera contar con todo el aval y respaldo del presidente de M\u00e9xico, Andr\u00e9s Manuel L\u00f3pez Obrador, as\u00ed como de Claudia Sheinbaum Pardo, coordinadora Nacional por la Defensa de la Cuarta Transformaci\u00f3n.<\/span><\/p>\n<p style=\"font-weight: 400;\"><span style=\"font-size: 14pt; font-family: verdana, geneva, sans-serif;\">De igual modo, se sabe, que dentro de los candidatos a inscribirse han levantado la mano personajes como el secretario de Educaci\u00f3n, Zenyazen Escobar Garc\u00eda; de igual modo se espera la inscripci\u00f3n de Manuel Huerta Ladr\u00f3n de Guevara, delegado federal de la Secretar\u00eda del Bienestar.<\/span><\/p>\n<p style=\"font-weight: 400;\"><span style=\"font-size: 14pt; font-family: verdana, geneva, sans-serif;\">A la lista se habr\u00e1 de sumar el diputado federal Sergio Guti\u00e9rrez Luna quien tambi\u00e9n ha recorrido tambi\u00e9n el territorio veracruzano en aras de ganar sus posibles simpatizantes.<\/span><\/p>\n<p style=\"font-weight: 400;\"><span style=\"font-size: 14pt; font-family: verdana, geneva, sans-serif;\">El cuarto en la pelea ser\u00e1 sin temor a equivocarnos el considerado judas moreno, en la persona del Secretario de Gobierno, Eric Patrocinio Cisneros Burgos.<\/span><\/p>\n<p style=\"font-weight: 400;\"><span style=\"font-size: 14pt; font-family: verdana, geneva, sans-serif;\">A los ingredientes para el caldo habremos de agregar algunos elementos imperdibles seg\u00fan marca la receta que dicta la llamada \u00abconvocatoria\u00bb, misma que servir\u00e1 para determinar si alguna de las carnes a incorporar a la olla est\u00e1 ciguata o no.<\/span><\/p>\n<p style=\"font-weight: 400;\"><span style=\"font-size: 14pt; font-family: verdana, geneva, sans-serif;\">Por principio de cuentas no se debe dejar de lado que quienes concursen no deber\u00e1n tener procesos o denuncias por violencia pol\u00edtica de g\u00e9nero, algo que se ha puesto de moda, pero que finalmente fue incorporado al proceso de elaboraci\u00f3n de este gran guisado por uno de sus participantes.<\/span><\/p>\n<p style=\"font-weight: 400;\"><span style=\"font-size: 14pt; font-family: verdana, geneva, sans-serif;\">Es as\u00ed como el propio Sergio Guti\u00e9rrez Luna con la ayuda de Mario Delgado Carrillo, l\u00edder Nacional de Morena habr\u00e1n de cobrar sendas facturas a algunos personajes que embriagados por el opioide sue\u00f1o de la sucesi\u00f3n y del poder pensaron que pod\u00edan pasarle por encima a los veracruzanos.<\/span><\/p>\n<p style=\"font-weight: 400;\"><span style=\"font-size: 14pt; font-family: verdana, geneva, sans-serif;\">Cabe se\u00f1alar que est\u00e1 regla inscrita en la convocatoria no fue considerada en el mismo proceso federal, por eso es de resaltar el dicho aquel que refiere \u00abno es indio el que no se venga\u00bb y pareciera que d\u00e9 est\u00e1 manera, le habr\u00e1n de cobrar factura a cierto personaje que mostr\u00f3 su odi\u00f3 por los veracruzanos a quienes se encarg\u00f3 de amedrentar y amenazar un d\u00eda s\u00ed y un d\u00eda despu\u00e9s.\u00a0<\/span><\/p>\n<p style=\"font-weight: 400;\"><span style=\"font-size: 14pt; font-family: verdana, geneva, sans-serif;\">Otro ingrediente imperdible de la receta a preparar por parte del responsable de la cocina gubernamental de Veracruz, Cuitl\u00e1huac Garc\u00eda Jim\u00e9nez, ser\u00e1 la de cumplir con no contar con denuncias penales por delitos de car\u00e1cter sexual, aquellos que est\u00e9n bajo esa premisa, quedar\u00e1n autom\u00e1ticamente fuera de sus aspiraciones.<\/span><\/p>\n<p style=\"font-weight: 400;\"><span style=\"font-size: 14pt; font-family: verdana, geneva, sans-serif;\">Al final ser\u00e1 el Consejo Pol\u00edtico Estatal de Morena el que respalde la propuesta de la aspirante a candidata o candidato a Coordinador Estatal de la Defensa de la 4T.<\/span><\/p>\n<p style=\"font-weight: 400;\"><span style=\"font-size: 14pt; font-family: verdana, geneva, sans-serif;\">Sobre todo, por aquellos que garantizar\u00e1n con su operaci\u00f3n pol\u00edtica el n\u00famero de consejeros que habr\u00e1n de votar por las mejores posicionadas y posicionados para integrarlos en la cuarteta que habr\u00e1 de ser medida en las encuestas.<\/span><\/p>\n<p style=\"font-weight: 400;\"><span style=\"font-size: 14pt; font-family: verdana, geneva, sans-serif;\">Solo como detalle a lo largo de los \u00faltimos meses las mediciones demosc\u00f3picas han puesto el escenario muy claro con una preferencia por Roc\u00edo Nahle con un 47 por ciento de la preferencia ciudadana y el actor pol\u00edtico m\u00e1s cercano por debajo 14 puntos porcentuales, en la persona de Ricardo Ahued y el como un pol\u00edtico de altura ha reconocido que no se inscribir\u00e1.<\/span><\/p>\n<p style=\"font-weight: 400;\"><span style=\"font-size: 14pt; font-family: verdana, geneva, sans-serif;\">As\u00ed que, si las estad\u00edsticas no fallan, ninguno de los aspirantes le podr\u00e1 hacer mella a la responsable de la pol\u00edtica energ\u00e9tica nacional.<\/span><\/p>\n<p style=\"font-weight: 400;\"><span style=\"font-size: 14pt; font-family: verdana, geneva, sans-serif;\">Como dicen por ah\u00ed, si con palitos y bolitas te lo explican y no lo entiendes, simplemente no hay m\u00e1s respuesta, que esperar al fr\u00edo resultado que la matem\u00e1tica, que habr\u00e1 de enfriar a los acalorados.<\/span><\/p>\n<p style=\"font-weight: 400;\"><span style=\"font-size: 14pt; font-family: verdana, geneva, sans-serif;\">El caldo que prepar\u00f3 Cuitl\u00e1huac Garc\u00eda Jim\u00e9nez y sus aliados dicen los que saben de la cocina gourmet veracruzana quedar\u00e1 de lujo. \u00bfSer\u00e1? Al menos, afirman estar\u00e1\u00a0<em>delicatessen<\/em>.<\/span><\/p>\n<p style=\"font-weight: 400;\"><span style=\"font-size: 14pt; font-family: verdana, geneva, sans-serif;\">Al tiempo.<\/span><\/p>\n<p style=\"font-weight: 400;\">\n<p style=\"font-weight: 400;\"><span style=\"font-size: 14pt; font-family: verdana, geneva, sans-serif;\"><em><a href=\"mailto:astrolabiopoliticomx@gmail.com\">astrolabiopoliticomx@gmail.com<\/a><\/em><\/span><\/p>\n<p style=\"font-weight: 400;\"><span style=\"font-size: 14pt; font-family: verdana, geneva, sans-serif;\"><em>Twitter: @LuisBaqueiro_mx<\/em><\/span><\/p>\n","protected":false},"excerpt":{"rendered":"<p>Astrolabio Pol\u00edtico Por: Luis Ram\u00edrez Baqueiro \u201cEl secreto para salir adelante es comenzar.\u201d \u2013 Mark Twain. La carrera por la<\/p>\n","protected":false},"author":4,"featured_media":3572,"comment_status":"closed","ping_status":"closed","sticky":false,"template":"","format":"standard","meta":{"colormag_page_container_layout":"default_layout","colormag_page_sidebar_layout":"default_layout","_jetpack_memberships_contains_paid_content":false,"footnotes":"","jetpack_publicize_message":"","jetpack_publicize_feature_enabled":true,"jetpack_social_post_already_shared":true,"jetpack_social_options":{"image_generator_settings":{"template":"highway","default_image_id":0,"font":"","enabled":false},"version":2}},"categories":[6],"tags":[],"class_list":["post-18782","post","type-post","status-publish","format-standard","has-post-thumbnail","hentry","category-columnistas"],"jetpack_publicize_connections":[],"jetpack_featured_media_url":"https:\/\/noticiasveracruz.com\/wp-content\/uploads\/2022\/04\/LUIS-RAMI\u0301REZ-BAQUEIRO.png","jetpack_sharing_enabled":true,"publishpress_future_action":{"enabled":false,"date":"2026-05-08 05:10:28","action":"change-status","newStatus":"draft","terms":[],"taxonomy":"category","extraData":[]},"publishpress_future_workflow_manual_trigger":{"enabledWorkflows":[]},"_links":{"self":[{"href":"https:\/\/noticiasveracruz.com\/index.php\/wp-json\/wp\/v2\/posts\/18782","targetHints":{"allow":["GET"]}}],"collection":[{"href":"https:\/\/noticiasveracruz.com\/index.php\/wp-json\/wp\/v2\/posts"}],"about":[{"href":"https:\/\/noticiasveracruz.com\/index.php\/wp-json\/wp\/v2\/types\/post"}],"author":[{"embeddable":true,"href":"https:\/\/noticiasveracruz.com\/index.php\/wp-json\/wp\/v2\/users\/4"}],"replies":[{"embeddable":true,"href":"https:\/\/noticiasveracruz.com\/index.php\/wp-json\/wp\/v2\/comments?post=18782"}],"version-history":[{"count":0,"href":"https:\/\/noticiasveracruz.com\/index.php\/wp-json\/wp\/v2\/posts\/18782\/revisions"}],"wp:featuredmedia":[{"embeddable":true,"href":"https:\/\/noticiasveracruz.com\/index.php\/wp-json\/wp\/v2\/media\/3572"}],"wp:attachment":[{"href":"https:\/\/noticiasveracruz.com\/index.php\/wp-json\/wp\/v2\/media?parent=18782"}],"wp:term":[{"taxonomy":"category","embeddable":true,"href":"https:\/\/noticiasveracruz.com\/index.php\/wp-json\/wp\/v2\/categories?post=18782"},{"taxonomy":"post_tag","embeddable":true,"href":"https:\/\/noticiasveracruz.com\/index.php\/wp-json\/wp\/v2\/tags?post=18782"}],"curies":[{"name":"wp","href":"https:\/\/api.w.org\/{rel}","templated":true}]}}