{"id":18780,"date":"2023-09-21T12:23:54","date_gmt":"2023-09-21T17:23:54","guid":{"rendered":"https:\/\/noticiasveracruz.com\/?p=18780"},"modified":"2023-09-21T12:23:54","modified_gmt":"2023-09-21T17:23:54","slug":"samuel-garcia-candidatura-con-amenazas-compras-y-persecuciones","status":"publish","type":"post","link":"https:\/\/noticiasveracruz.com\/index.php\/2023\/09\/21\/samuel-garcia-candidatura-con-amenazas-compras-y-persecuciones\/","title":{"rendered":"Samuel Garc\u00eda: \u00bfcandidatura con amenazas, compras y persecuciones?"},"content":{"rendered":"<p><span style=\"font-size: 14pt; font-family: verdana, geneva, sans-serif;\"><strong>TEL\u00c9FONO ROJO<\/strong><\/span><\/p>\n<p><span style=\"font-size: 14pt; font-family: verdana, geneva, sans-serif;\"><strong>Por Jos\u00e9 Ure\u00f1a<\/strong><\/span><\/p>\n<p><span style=\"font-size: 14pt; font-family: verdana, geneva, sans-serif;\">Lo destaparon en Palacio Nacional y \u00e9l se la crey\u00f3.<\/span><\/p>\n<p><span style=\"font-size: 14pt; font-family: verdana, geneva, sans-serif;\">Y ahora, con el se\u00f1uelo de llegar a la sede del Poder Ejecutivo, aument\u00f3 la presi\u00f3n sobre el Congreso de Nuevo Le\u00f3n y sus integrantes por todas las v\u00edas.<\/span><\/p>\n<p><span style=\"font-size: 14pt; font-family: verdana, geneva, sans-serif;\">Con amenazas a diputados, con persecuci\u00f3n de familiares y de sus negocios, con compra de algunos, con denuncias penales y administrativas, con persecuci\u00f3n inclusive de la FGR\u2026<\/span><\/p>\n<p><span style=\"font-size: 14pt; font-family: verdana, geneva, sans-serif;\">De todo se vale\u00a0<b>Samuel Garc\u00eda<\/b>, a quien el Presidente considera el mejor abanderado de MC y quien ha recibido el respaldo del dirigente\u00a0<b>Dante Delgado<\/b>.<\/span><\/p>\n<p><span style=\"font-size: 14pt; font-family: verdana, geneva, sans-serif;\">Sus aspiraciones al poder federal, hipot\u00e9ticas a ojos de cualquier encuesta, es uno m\u00e1s de los cap\u00edtulos de este gobernador en cuyo inicio de intenciones se invoca su juventud, pero no a su principal activo, su esposa\u00a0<b>Mariana Rodr\u00edguez<\/b>.<\/span><\/p>\n<p><span style=\"font-size: 14pt; font-family: verdana, geneva, sans-serif;\">Triunfador en 2021, cuando desde la Ciudad de M\u00e9xico se le impuls\u00f3 porque la candidata oficial (<b>Clara Luz Flores<\/b>) no creci\u00f3 y la meta era derrotar al priista\u00a0<b>Adri\u00e1n de la Garza<\/b>.<\/span><\/p>\n<p><span style=\"font-size: 14pt; font-family: verdana, geneva, sans-serif;\">El primer a\u00f1o pas\u00f3 tranquilo: le aprobaron todas sus propuestas de ley, cambios a la administraci\u00f3n estatal, el presupuesto, etc\u00e9tera.<\/span><\/p>\n<p><span style=\"font-size: 14pt; font-family: verdana, geneva, sans-serif;\">Pero\u2026<\/span><\/p>\n<h4><span style=\"font-size: 14pt; font-family: verdana, geneva, sans-serif;\">\u00a0<b>AUTORITARISMO<\/b><\/span><\/h4>\n<p><span style=\"font-size: 14pt; font-family: verdana, geneva, sans-serif;\">\u00a0Luego mostr\u00f3 su autoritarismo.<\/span><\/p>\n<p><span style=\"font-size: 14pt; font-family: verdana, geneva, sans-serif;\">Quiso imponer agenda al Congreso dominado por panistas y priistas (MC no gan\u00f3 ni una diputaci\u00f3n de mayor\u00eda) y empez\u00f3 a cooptar opositores: uno de Morena, otro del Verde, uno m\u00e1s de Panal\u2026<\/span><\/p>\n<p><span style=\"font-size: 14pt; font-family: verdana, geneva, sans-serif;\">Luego compr\u00f3 a un priista y a un panista.<\/span><\/p>\n<p><span style=\"font-size: 14pt; font-family: verdana, geneva, sans-serif;\">-\u00bfCon cu\u00e1nto los compr\u00f3? -pregunto a la diputada\u00a0<b>Perla Villarreal<\/b>.<\/span><\/p>\n<p><span style=\"font-size: 14pt; font-family: verdana, geneva, sans-serif;\">-A mi me ofrecieron primero 15 y luego 20 millones\u2026<\/span><\/p>\n<p><span style=\"font-size: 14pt; font-family: verdana, geneva, sans-serif;\">-Y a m\u00ed adem\u00e1s de dinero me prometieron posiciones en el gabinete -tercia\u00a0<b>Jessica Mart\u00ednez<\/b>.<\/span><\/p>\n<p><span style=\"font-size: 14pt; font-family: verdana, geneva, sans-serif;\">-\u00bf\u00c9l directamente o a trav\u00e9s de personeros?<\/span><\/p>\n<p><span style=\"font-size: 14pt; font-family: verdana, geneva, sans-serif;\">-De las dos formas -responde\u00a0<b>Jessica\u00a0<\/b>sin dudar.<\/span><\/p>\n<p><span style=\"font-size: 14pt; font-family: verdana, geneva, sans-serif;\">-A las amenazas\u00a0<b>Samuel<\/b>\u00a0suma la compra de suplentes con la esperanza de licencia de los propietarios -puntualiza\u00a0<b>Perla<\/b>, cuyo potencial relevo (<b>Zoila Barr\u00f3n<\/b>) ya se afili\u00f3 a MC en espera de ocupar su esca\u00f1o.<\/span><\/p>\n<p><span style=\"font-size: 14pt; font-family: verdana, geneva, sans-serif;\">Aun as\u00ed,\u00a0<b>Samuel Garc\u00eda\u00a0<\/b>s\u00f3lo cuenta con 14 votos de los 22 necesarios para su eventual licencia -\u00e9l, quien hace seis a\u00f1os vot\u00f3 contra ese permiso a\u00a0<b>Jaime Rodr\u00edguez<\/b>,\u00a0<b><i>El Bronco<\/i><\/b>\u2013 y no salen las cuentas.<\/span><\/p>\n<p><span style=\"font-size: 14pt; font-family: verdana, geneva, sans-serif;\">-\u00bfQu\u00e9 sigue?<\/span><\/p>\n<p><span style=\"font-size: 14pt; font-family: verdana, geneva, sans-serif;\">-No le daremos esa licencia. Si quiere que renuncie y se vaya -retan\u00a0<b>Perla\u00a0<\/b>y\u00a0<b>Jessica<\/b>.<\/span><\/p>\n<h4><span style=\"font-size: 14pt; font-family: verdana, geneva, sans-serif;\">\u00a0<b>POR MIGRANTES<\/b><\/span><\/h4>\n<p><span style=\"font-size: 14pt; font-family: verdana, geneva, sans-serif;\">\u00a0Es curioso:<\/span><\/p>\n<p><span style=\"font-size: 14pt; font-family: verdana, geneva, sans-serif;\"><b><i>Ferromex<\/i><\/b>\u00a0de\u00a0<b>Germ\u00e1n Larrea\u00a0<\/b>es hasta ahora la acci\u00f3n m\u00e1s eficaz para salvar migrantes cuya desesperaci\u00f3n los monta sobre\u00a0<b><i>La Bestia\u00a0<\/i><\/b>para llegar a Estados Unidos.<\/span><\/p>\n<p><span style=\"font-size: 14pt; font-family: verdana, geneva, sans-serif;\">Porque hasta ahora el despliegue de 28 mil soldados -cifra de\u00a0<b>Donald Trump<\/b>\u2013 no ha sido eficaz para detenerlos en ninguno de los dos muros, el de la frontera sur y el de la frontera norte.<\/span><\/p>\n<p><span style=\"font-size: 14pt; font-family: verdana, geneva, sans-serif;\">Ayer\u00a0<b><i>Ferromex\u00a0<\/i><\/b>reiter\u00f3 su voluntad de coordinarse con las autoridades:<\/span><\/p>\n<p><span style=\"font-size: 14pt; font-family: verdana, geneva, sans-serif;\">\u201c<i>Hora tras hora se eval\u00faan las condiciones de riesgo y se ha determinado el restablecimiento del tr\u00e1fico ferroviario seguro solo en las rutas en las que no existen condiciones de riesgo elevado<\/i>.<\/span><\/p>\n<p><span style=\"font-size: 14pt; font-family: verdana, geneva, sans-serif;\">\u201c<i>La empresa mantiene comunicaci\u00f3n permanente con autoridades del gobierno federal y de los gobiernos de las entidades federativas y reitera su voluntad de contribuir a una soluci\u00f3n que garantice la continuidad de las operaciones y la prestaci\u00f3n de un servicio de carga seguro y de calidad para los usuarios y para el entorno<\/i>\u201d.<\/span><\/p>\n","protected":false},"excerpt":{"rendered":"<p>TEL\u00c9FONO ROJO Por Jos\u00e9 Ure\u00f1a Lo destaparon en Palacio Nacional y \u00e9l se la crey\u00f3. Y ahora, con el se\u00f1uelo<\/p>\n","protected":false},"author":4,"featured_media":3258,"comment_status":"closed","ping_status":"closed","sticky":false,"template":"","format":"standard","meta":{"colormag_page_container_layout":"default_layout","colormag_page_sidebar_layout":"default_layout","_jetpack_memberships_contains_paid_content":false,"footnotes":"","jetpack_publicize_message":"","jetpack_publicize_feature_enabled":true,"jetpack_social_post_already_shared":true,"jetpack_social_options":{"image_generator_settings":{"template":"highway","default_image_id":0,"font":"","enabled":false},"version":2}},"categories":[6],"tags":[],"class_list":["post-18780","post","type-post","status-publish","format-standard","has-post-thumbnail","hentry","category-columnistas"],"jetpack_publicize_connections":[],"jetpack_featured_media_url":"https:\/\/noticiasveracruz.com\/wp-content\/uploads\/2022\/04\/JOSE\u0301-UREN\u0303A.png","jetpack_sharing_enabled":true,"publishpress_future_action":{"enabled":false,"date":"2026-05-08 05:05:09","action":"change-status","newStatus":"draft","terms":[],"taxonomy":"category","extraData":[]},"publishpress_future_workflow_manual_trigger":{"enabledWorkflows":[]},"_links":{"self":[{"href":"https:\/\/noticiasveracruz.com\/index.php\/wp-json\/wp\/v2\/posts\/18780","targetHints":{"allow":["GET"]}}],"collection":[{"href":"https:\/\/noticiasveracruz.com\/index.php\/wp-json\/wp\/v2\/posts"}],"about":[{"href":"https:\/\/noticiasveracruz.com\/index.php\/wp-json\/wp\/v2\/types\/post"}],"author":[{"embeddable":true,"href":"https:\/\/noticiasveracruz.com\/index.php\/wp-json\/wp\/v2\/users\/4"}],"replies":[{"embeddable":true,"href":"https:\/\/noticiasveracruz.com\/index.php\/wp-json\/wp\/v2\/comments?post=18780"}],"version-history":[{"count":0,"href":"https:\/\/noticiasveracruz.com\/index.php\/wp-json\/wp\/v2\/posts\/18780\/revisions"}],"wp:featuredmedia":[{"embeddable":true,"href":"https:\/\/noticiasveracruz.com\/index.php\/wp-json\/wp\/v2\/media\/3258"}],"wp:attachment":[{"href":"https:\/\/noticiasveracruz.com\/index.php\/wp-json\/wp\/v2\/media?parent=18780"}],"wp:term":[{"taxonomy":"category","embeddable":true,"href":"https:\/\/noticiasveracruz.com\/index.php\/wp-json\/wp\/v2\/categories?post=18780"},{"taxonomy":"post_tag","embeddable":true,"href":"https:\/\/noticiasveracruz.com\/index.php\/wp-json\/wp\/v2\/tags?post=18780"}],"curies":[{"name":"wp","href":"https:\/\/api.w.org\/{rel}","templated":true}]}}