{"id":18773,"date":"2023-09-19T15:01:53","date_gmt":"2023-09-19T20:01:53","guid":{"rendered":"https:\/\/noticiasveracruz.com\/?p=18773"},"modified":"2023-09-20T15:06:10","modified_gmt":"2023-09-20T20:06:10","slug":"gobierno-de-tuxpan-reconocio-el-gran-trabajo-que-realiza-proteccion-civil-y-bomberos","status":"publish","type":"post","link":"https:\/\/noticiasveracruz.com\/index.php\/2023\/09\/19\/gobierno-de-tuxpan-reconocio-el-gran-trabajo-que-realiza-proteccion-civil-y-bomberos\/","title":{"rendered":"Gobierno de Tuxpan reconoci\u00f3 el gran trabajo que realiza Protecci\u00f3n Civil y Bomberos"},"content":{"rendered":"<p><span style=\"font-size: 14pt; font-family: verdana, geneva, sans-serif;\">Tuxpan, Ver., 19 de septiembre 2023. \u2013 El alcalde Jos\u00e9 Manuel Pozos Castro, en nombre del pueblo y gobierno de Tuxpan felicit\u00f3 y reconoci\u00f3 al personal de la Direcci\u00f3n Municipal de Protecci\u00f3n Civil por la labor que realizan en materia preventiva y de resguardo de la integridad de la poblaci\u00f3n tuxpe\u00f1a.<\/span><\/p>\n<p><span style=\"font-size: 14pt; font-family: verdana, geneva, sans-serif;\">En el marco conmemorativo del D\u00eda Nacional de Protecci\u00f3n Civil, que se celebra este 19 de septiembre, el alcalde e integrantes del cuerpo edilicio entregaron reconocimientos y presentes a los elementos de esta corporaci\u00f3n.<\/span><\/p>\n<p><img loading=\"lazy\" decoding=\"async\" class=\"aligncenter size-large wp-image-23952\" src=\"https:\/\/politicosaldesnudo.com.mx\/wp-content\/uploads\/2023\/09\/WhatsApp-Image-2023-09-19-at-19.19.29-1-1024x683.jpeg\" alt=\"\" width=\"800\" height=\"534\" \/><\/p>\n<p><span style=\"font-size: 14pt; font-family: verdana, geneva, sans-serif;\">Asistieron la s\u00edndica Mtra. Beatriz Pi\u00f1a Vergara, el regidor Amado Guti\u00e9rrez Lima, comisionado en Seguridad P\u00fablica, Protecci\u00f3n Civil y Bomberos; las regidoras Mar\u00eda del Pilar Mart\u00ednez Matesanz, Maryanela Monroy Flores y Lucero Res\u00e9ndis Ambrocio.<\/span><\/p>\n<p><span style=\"font-size: 14pt; font-family: verdana, geneva, sans-serif;\">Tambi\u00e9n el Capit\u00e1n de Nav\u00edo Ricardo Cano Valenzuela, en representaci\u00f3n del Vicealmirante D.E.M. Juan Carlos Vera Salinas, comandante de la Quinta Zona Naval; y el Mayor M\u00e9dico Cirujano Dentista Pierre Fern\u00e1ndez Barradas, en representaci\u00f3n del Gral. de Brigada D.E.M. Fernando Antonio Solares Lammel, comandante de la 19\u00aa Zona Militar.<\/span><\/p>\n<p><span style=\"font-size: 14pt; font-family: verdana, geneva, sans-serif;\">\u201cMi mayor reconocimiento a quienes tienen la gran encomienda de salvar vidas y ayudar a la poblaci\u00f3n afectada por cualquier tipo de desastres naturales\u201d, destac\u00f3 el presidente municipal.<\/span><\/p>\n<p><span style=\"font-size: 14pt; font-family: verdana, geneva, sans-serif;\">Asimismo, a\u00f1adi\u00f3: \u201cValoro la gran labor que realiza nuestro personal de Protecci\u00f3n Civil, quienes sirven a la sociedad con entrega, valent\u00eda y un enorme deseo de cumplir con el deber\u201d.<\/span><\/p>\n<p><span style=\"font-size: 14pt; font-family: verdana, geneva, sans-serif;\">En ese mismo sentido, felicit\u00f3 a bomberos, rescatistas, param\u00e9dicos, voluntarios y personal de las fuerzas armadas, que -dijo- siempre est\u00e1n listos para brindar auxilio a la poblaci\u00f3n.<\/span><\/p>\n<p><span style=\"font-size: 14pt; font-family: verdana, geneva, sans-serif;\">Expuso que una comunidad bien informada, organizada y preparada siempre ser\u00e1 menos vulnerable ante cualquier contingencia de origen natural o humano: \u201cEs fundamental promover de manera permanente la cultura de la prevenci\u00f3n y auto protecci\u00f3n, porque esto puede marcar la diferencia en una situaci\u00f3n de riesgo o peligro\u201d.<\/span><\/p>\n<p><span style=\"font-size: 14pt; font-family: verdana, geneva, sans-serif;\">Pozos Casto asegur\u00f3 que el gobierno que encabeza continuar\u00e1 trabajando de coordinadamente para actuar de la mejor manera cuando se trate de salvaguardar la integridad y el bienestar de todas y todos.<\/span><\/p>\n<p><img loading=\"lazy\" decoding=\"async\" class=\"aligncenter size-large wp-image-23951\" src=\"https:\/\/politicosaldesnudo.com.mx\/wp-content\/uploads\/2023\/09\/WhatsApp-Image-2023-09-19-at-19.19.29-2-1024x683.jpeg\" alt=\"\" width=\"800\" height=\"534\" \/><\/p>\n<p><span style=\"font-size: 14pt; font-family: verdana, geneva, sans-serif;\">Durante el evento se hizo entrega de reconocimientos por a\u00f1os de servicio al personal de mayor antig\u00fcedad.<\/span><br \/>\n<span style=\"font-size: 14pt; font-family: verdana, geneva, sans-serif;\">Adem\u00e1s, el alcalde anunci\u00f3 que en la pr\u00f3xima quincena todo el personal de Protecci\u00f3n Civil y Bomberos recibir\u00e1 un apoyo econ\u00f3mico.<\/span><\/p>\n<p><span style=\"font-size: 14pt; font-family: verdana, geneva, sans-serif;\">Las autoridades hicieron entrega de aparatos electrodom\u00e9sticos que fueron sorteados entre los elementos de esta corporaci\u00f3n.<\/span><\/p>\n<p><span style=\"font-size: 14pt; font-family: verdana, geneva, sans-serif;\">En el evento tambi\u00e9n se cont\u00f3 con la presencia del Capit\u00e1n de Corbeta Guillermo Al\u00e1n V\u00e1zquez Guti\u00e9rrez, secretario de Seguridad P\u00fablica Municipal; el Ing. Jos\u00e9 Ren\u00e9 T\u00e9llez Medina, director de Protecci\u00f3n Civil y Bomberos; y el teniente de fragata Raymundo Torres Cruz, director de Polic\u00eda Municipal.<\/span><\/p>\n<p><img loading=\"lazy\" decoding=\"async\" class=\"aligncenter size-large wp-image-23954\" src=\"https:\/\/politicosaldesnudo.com.mx\/wp-content\/uploads\/2023\/09\/WhatsApp-Image-2023-09-19-at-19.19.28-1-1024x683.jpeg\" alt=\"\" width=\"800\" height=\"534\" \/><\/p>\n<p><img loading=\"lazy\" decoding=\"async\" class=\"aligncenter size-large wp-image-23955\" src=\"https:\/\/politicosaldesnudo.com.mx\/wp-content\/uploads\/2023\/09\/WhatsApp-Image-2023-09-19-at-19.19.28-1024x683.jpeg\" alt=\"\" width=\"800\" height=\"534\" \/><\/p>\n<p><img loading=\"lazy\" decoding=\"async\" class=\"aligncenter size-large wp-image-23952\" src=\"https:\/\/politicosaldesnudo.com.mx\/wp-content\/uploads\/2023\/09\/WhatsApp-Image-2023-09-19-at-19.19.29-1-1024x683.jpeg\" alt=\"\" width=\"800\" height=\"534\" \/> <img loading=\"lazy\" decoding=\"async\" class=\"aligncenter size-large wp-image-23950\" src=\"https:\/\/politicosaldesnudo.com.mx\/wp-content\/uploads\/2023\/09\/WhatsApp-Image-2023-09-19-at-19.19.30-1024x683.jpeg\" alt=\"\" width=\"800\" height=\"534\" \/><\/p>\n<p>&nbsp;<\/p>\n","protected":false},"excerpt":{"rendered":"<p>Tuxpan, Ver., 19 de septiembre 2023. \u2013 El alcalde Jos\u00e9 Manuel Pozos Castro, en nombre del pueblo y gobierno de<\/p>\n","protected":false},"author":4,"featured_media":18774,"comment_status":"closed","ping_status":"closed","sticky":false,"template":"","format":"standard","meta":{"colormag_page_container_layout":"default_layout","colormag_page_sidebar_layout":"default_layout","_jetpack_memberships_contains_paid_content":false,"footnotes":"","jetpack_publicize_message":"","jetpack_publicize_feature_enabled":true,"jetpack_social_post_already_shared":true,"jetpack_social_options":{"image_generator_settings":{"template":"highway","default_image_id":0,"font":"","enabled":false},"version":2}},"categories":[145],"tags":[],"class_list":["post-18773","post","type-post","status-publish","format-standard","has-post-thumbnail","hentry","category-estados"],"jetpack_publicize_connections":[],"jetpack_featured_media_url":"https:\/\/noticiasveracruz.com\/wp-content\/uploads\/2023\/09\/WhatsApp-Image-2023-09-19-at-19.18.46.jpeg","jetpack_sharing_enabled":true,"publishpress_future_action":{"enabled":false,"date":"2026-05-05 22:19:41","action":"change-status","newStatus":"draft","terms":[],"taxonomy":"category","extraData":[]},"publishpress_future_workflow_manual_trigger":{"enabledWorkflows":[]},"_links":{"self":[{"href":"https:\/\/noticiasveracruz.com\/index.php\/wp-json\/wp\/v2\/posts\/18773","targetHints":{"allow":["GET"]}}],"collection":[{"href":"https:\/\/noticiasveracruz.com\/index.php\/wp-json\/wp\/v2\/posts"}],"about":[{"href":"https:\/\/noticiasveracruz.com\/index.php\/wp-json\/wp\/v2\/types\/post"}],"author":[{"embeddable":true,"href":"https:\/\/noticiasveracruz.com\/index.php\/wp-json\/wp\/v2\/users\/4"}],"replies":[{"embeddable":true,"href":"https:\/\/noticiasveracruz.com\/index.php\/wp-json\/wp\/v2\/comments?post=18773"}],"version-history":[{"count":0,"href":"https:\/\/noticiasveracruz.com\/index.php\/wp-json\/wp\/v2\/posts\/18773\/revisions"}],"wp:featuredmedia":[{"embeddable":true,"href":"https:\/\/noticiasveracruz.com\/index.php\/wp-json\/wp\/v2\/media\/18774"}],"wp:attachment":[{"href":"https:\/\/noticiasveracruz.com\/index.php\/wp-json\/wp\/v2\/media?parent=18773"}],"wp:term":[{"taxonomy":"category","embeddable":true,"href":"https:\/\/noticiasveracruz.com\/index.php\/wp-json\/wp\/v2\/categories?post=18773"},{"taxonomy":"post_tag","embeddable":true,"href":"https:\/\/noticiasveracruz.com\/index.php\/wp-json\/wp\/v2\/tags?post=18773"}],"curies":[{"name":"wp","href":"https:\/\/api.w.org\/{rel}","templated":true}]}}