{"id":18770,"date":"2023-09-19T14:49:21","date_gmt":"2023-09-19T19:49:21","guid":{"rendered":"https:\/\/noticiasveracruz.com\/?p=18770"},"modified":"2023-09-20T15:01:04","modified_gmt":"2023-09-20T20:01:04","slug":"tuxpan-tuvo-una-activa-participacion-en-el-segundo-simulacro-nacional-2023","status":"publish","type":"post","link":"https:\/\/noticiasveracruz.com\/index.php\/2023\/09\/19\/tuxpan-tuvo-una-activa-participacion-en-el-segundo-simulacro-nacional-2023\/","title":{"rendered":"Tuxpan tuvo una activa participaci\u00f3n en el Segundo Simulacro Nacional 2023"},"content":{"rendered":"<p><span style=\"font-size: 14pt; font-family: verdana, geneva, sans-serif;\">Tuxpan, Ver., 19 de septiembre 2023.- Con resultados exitosos se realiz\u00f3 el Segundo Simulacro Nacional 2023, en las instalaciones de la Presidencia Municipal y otras oficinas de gobierno.<\/span><\/p>\n<p><span style=\"font-size: 14pt; font-family: verdana, geneva, sans-serif;\">La hip\u00f3tesis del sismo fue de magnitud de 8.0 en escala de Ritcher, con epicentro en Acapulco, Guerrero, a una profundidad de 8 kil\u00f3metros.<\/span><\/p>\n<p><span style=\"font-size: 14pt; font-family: verdana, geneva, sans-serif;\">En la entidad veracruzana el movimiento se habr\u00eda sentido de forma severa, por lo que a las 11:00 horas de este martes 19 de septiembre son\u00f3 la alerta para realizar la evacuaci\u00f3n en los inmuebles participantes, siguiendo los protocolos de Protecci\u00f3n Civil.<\/span><\/p>\n<p><img loading=\"lazy\" decoding=\"async\" class=\"aligncenter size-large wp-image-23945\" src=\"https:\/\/politicosaldesnudo.com.mx\/wp-content\/uploads\/2023\/09\/380767258_800598702071448_1944709907553645721_n-1024x681.jpg\" alt=\"\" width=\"800\" height=\"532\" \/><\/p>\n<p><span style=\"font-size: 14pt; font-family: verdana, geneva, sans-serif;\">De acuerdo con el reporte, de las instalaciones de la Presidencia Municipal se evacuaron 680 personas en un lapso 1 minuto y medio, registrando la hip\u00f3tesis de 3 lesionados que fueron trasladados al Hospital Civil.<\/span><\/p>\n<p><span style=\"font-size: 14pt; font-family: verdana, geneva, sans-serif;\">Luego de la evacuaci\u00f3n se procedi\u00f3 a la revisi\u00f3n de cada una de las oficinas para descartar da\u00f1os estructurales en las instalaciones.<\/span><\/p>\n<p><span style=\"font-size: 14pt; font-family: verdana, geneva, sans-serif;\">Participaron activamente el alcalde Jos\u00e9 Manuel Pozos Castro; la s\u00edndica Beatriz Pi\u00f1a Vergara; las regidoras Maryanela Monroy Flores y Lucero Res\u00e9ndis Ambrocio; el regidor Luis Demetrio L\u00f3pez Mar\u00edn; coordinadores, directores y personal de las diferentes \u00e1reas del Gobierno de Tuxpan.<\/span><\/p>\n<p><span style=\"font-size: 14pt; font-family: verdana, geneva, sans-serif;\">El simulacro se realiz\u00f3 de manera paralela en la estancia infantil del DIF Tuxpan, en las oficinas de Obras P\u00fablicas y COMUDE, as\u00ed como en las bibliotecas \u00c1ngel Saqui del \u00c1ngel, ubicada en el Parque Reforma y en la de Santiago de la Pe\u00f1a.<\/span><\/p>\n<p><span style=\"font-size: 14pt; font-family: verdana, geneva, sans-serif;\">\u201cFelicito a todo el equipo de Protecci\u00f3n Civil, bomberos y param\u00e9dicos que participaron en este ejercicio que se realiz\u00f3 en nuestro municipio. Vamos a seguir fomentando la cultura de la prevenci\u00f3n\u201d, mencion\u00f3 el alcalde Jos\u00e9 Manuel Pozos Castro.<\/span><\/p>\n<p><img loading=\"lazy\" decoding=\"async\" class=\"aligncenter size-large wp-image-23947\" src=\"https:\/\/politicosaldesnudo.com.mx\/wp-content\/uploads\/2023\/09\/378192684_800598535404798_8024229025717069803_n-1024x681.jpg\" alt=\"\" width=\"800\" height=\"532\" \/><\/p>\n<p><span style=\"font-size: 14pt; font-family: verdana, geneva, sans-serif;\">Protecci\u00f3n Civil municipal tambi\u00e9n llev\u00f3 a cabo revisiones en los simulacros que se desarrollaron en el edificio del Sistema de Administraci\u00f3n Tributaria (SAT), las instalaciones del 39\u00ba Batall\u00f3n de Infanter\u00eda, la Fiscal\u00eda General del Estado, y en los establecimientos Caja Popular, Office Depot, Hotel R\u00edo Para\u00edso, Hotel Tuxpan Inn.<\/span><\/p>\n<p><span style=\"font-size: 14pt; font-family: verdana, geneva, sans-serif;\">En estas acciones participaron elementos Protecci\u00f3n Civil, Bomberos y Tr\u00e1nsito Municipal; as\u00ed como personal de Salud.<\/span><\/p>\n<p><span style=\"font-size: 14pt; font-family: verdana, geneva, sans-serif;\"><img loading=\"lazy\" decoding=\"async\" class=\"aligncenter size-full wp-image-23940\" src=\"https:\/\/politicosaldesnudo.com.mx\/wp-content\/uploads\/2023\/09\/378140014_800599068738078_8915202007315054657_n.jpg\" alt=\"\" width=\"938\" height=\"659\" \/> <\/span><br \/>\n<span style=\"font-size: 14pt; font-family: verdana, geneva, sans-serif;\">Con este ejercicio se busca fomentar la cultura de protecci\u00f3n civil y prevenci\u00f3n entre la poblaci\u00f3n, y fortalecer la capacidad de reacci\u00f3n de las unidades de Protecci\u00f3n Civil en situaciones de emergencia o desastres naturales.<\/span><\/p>\n<p><img loading=\"lazy\" decoding=\"async\" class=\"aligncenter size-large wp-image-23945\" src=\"https:\/\/politicosaldesnudo.com.mx\/wp-content\/uploads\/2023\/09\/380767258_800598702071448_1944709907553645721_n-1024x681.jpg\" alt=\"\" width=\"800\" height=\"532\" \/><\/p>\n<p>&nbsp;<\/p>\n<p><img loading=\"lazy\" decoding=\"async\" class=\"aligncenter size-large wp-image-23944\" src=\"https:\/\/politicosaldesnudo.com.mx\/wp-content\/uploads\/2023\/09\/380701101_800598775404774_8138907097795688467_n-1024x681.jpg\" alt=\"\" width=\"800\" height=\"532\" \/><\/p>\n<p><img loading=\"lazy\" decoding=\"async\" class=\"aligncenter size-large wp-image-23941\" src=\"https:\/\/politicosaldesnudo.com.mx\/wp-content\/uploads\/2023\/09\/378122160_800599038738081_1615662494861023639_n-1024x681.jpg\" alt=\"\" width=\"800\" height=\"532\" \/><\/p>\n<p><img loading=\"lazy\" decoding=\"async\" class=\"aligncenter size-large wp-image-23939\" src=\"https:\/\/politicosaldesnudo.com.mx\/wp-content\/uploads\/2023\/09\/376285757_800599315404720_7992356397747898669_n-1024x681.jpg\" alt=\"\" width=\"800\" height=\"532\" \/><\/p>\n<p><img loading=\"lazy\" decoding=\"async\" class=\"aligncenter size-large wp-image-23937\" src=\"https:\/\/politicosaldesnudo.com.mx\/wp-content\/uploads\/2023\/09\/380761738_800599455404706_4579230530313833136_n-1024x681.jpg\" alt=\"\" width=\"800\" height=\"532\" \/><\/p>\n<p><img loading=\"lazy\" decoding=\"async\" class=\"aligncenter size-large wp-image-23942\" src=\"https:\/\/politicosaldesnudo.com.mx\/wp-content\/uploads\/2023\/09\/376288266_800598972071421_8830644163091832481_n-1024x681.jpg\" alt=\"\" width=\"800\" height=\"532\" \/><\/p>\n","protected":false},"excerpt":{"rendered":"<p>Tuxpan, Ver., 19 de septiembre 2023.- Con resultados exitosos se realiz\u00f3 el Segundo Simulacro Nacional 2023, en las instalaciones de<\/p>\n","protected":false},"author":4,"featured_media":18771,"comment_status":"closed","ping_status":"closed","sticky":false,"template":"","format":"standard","meta":{"colormag_page_container_layout":"default_layout","colormag_page_sidebar_layout":"default_layout","_jetpack_memberships_contains_paid_content":false,"footnotes":"","jetpack_publicize_message":"","jetpack_publicize_feature_enabled":true,"jetpack_social_post_already_shared":true,"jetpack_social_options":{"image_generator_settings":{"template":"highway","default_image_id":0,"font":"","enabled":false},"version":2}},"categories":[356],"tags":[],"class_list":["post-18770","post","type-post","status-publish","format-standard","has-post-thumbnail","hentry","category-veracruz"],"jetpack_publicize_connections":[],"jetpack_featured_media_url":"https:\/\/noticiasveracruz.com\/wp-content\/uploads\/2023\/09\/380773590_800598878738097_260237377156090672_n.jpg","jetpack_sharing_enabled":true,"publishpress_future_action":{"enabled":false,"date":"2026-05-05 22:08:54","action":"change-status","newStatus":"draft","terms":[],"taxonomy":"category","extraData":[]},"publishpress_future_workflow_manual_trigger":{"enabledWorkflows":[]},"_links":{"self":[{"href":"https:\/\/noticiasveracruz.com\/index.php\/wp-json\/wp\/v2\/posts\/18770","targetHints":{"allow":["GET"]}}],"collection":[{"href":"https:\/\/noticiasveracruz.com\/index.php\/wp-json\/wp\/v2\/posts"}],"about":[{"href":"https:\/\/noticiasveracruz.com\/index.php\/wp-json\/wp\/v2\/types\/post"}],"author":[{"embeddable":true,"href":"https:\/\/noticiasveracruz.com\/index.php\/wp-json\/wp\/v2\/users\/4"}],"replies":[{"embeddable":true,"href":"https:\/\/noticiasveracruz.com\/index.php\/wp-json\/wp\/v2\/comments?post=18770"}],"version-history":[{"count":0,"href":"https:\/\/noticiasveracruz.com\/index.php\/wp-json\/wp\/v2\/posts\/18770\/revisions"}],"wp:featuredmedia":[{"embeddable":true,"href":"https:\/\/noticiasveracruz.com\/index.php\/wp-json\/wp\/v2\/media\/18771"}],"wp:attachment":[{"href":"https:\/\/noticiasveracruz.com\/index.php\/wp-json\/wp\/v2\/media?parent=18770"}],"wp:term":[{"taxonomy":"category","embeddable":true,"href":"https:\/\/noticiasveracruz.com\/index.php\/wp-json\/wp\/v2\/categories?post=18770"},{"taxonomy":"post_tag","embeddable":true,"href":"https:\/\/noticiasveracruz.com\/index.php\/wp-json\/wp\/v2\/tags?post=18770"}],"curies":[{"name":"wp","href":"https:\/\/api.w.org\/{rel}","templated":true}]}}