{"id":18767,"date":"2023-09-18T14:44:00","date_gmt":"2023-09-18T19:44:00","guid":{"rendered":"https:\/\/noticiasveracruz.com\/?p=18767"},"modified":"2023-09-20T14:49:08","modified_gmt":"2023-09-20T19:49:08","slug":"se-realiza-en-la-explanada-municipal-la-jornada-de-salud-y-mastografias","status":"publish","type":"post","link":"https:\/\/noticiasveracruz.com\/index.php\/2023\/09\/18\/se-realiza-en-la-explanada-municipal-la-jornada-de-salud-y-mastografias\/","title":{"rendered":"Se realiza en la explanada municipal la \u201cJornada de Salud y Mastograf\u00edas\u201d"},"content":{"rendered":"<p><span style=\"font-size: 14pt; font-family: verdana, geneva, sans-serif;\"><strong>\u2022 Ayuntamiento de Tuxpan, SSAVER y DIF Municipal acercan servicios de salud de calidad a la poblaci\u00f3n.<\/strong><\/span><\/p>\n<p><span style=\"font-size: 14pt; font-family: verdana, geneva, sans-serif;\">Tuxpan, Ver., 18 septiembre 2023.- Para seguir con el compromiso de acercar a la poblaci\u00f3n servicios indispensables en apoyo a la salud, esta ma\u00f1ana se inaugur\u00f3 la \u201cJornada de Salud y Mastograf\u00edas\u201d, que llevan a cabo el Gobierno de Tuxpan y el DIF Municipal en coordinaci\u00f3n con la Jurisdicci\u00f3n Sanitaria N\u00famero II.<\/span><\/p>\n<p><span style=\"font-size: 14pt; font-family: verdana, geneva, sans-serif;\">Del 18 al 29 de septiembre, en diferentes puntos de la ciudad, as\u00ed como en comunidades del municipio se estar\u00e1n realizando estudios de mastograf\u00edas para detectar de manera oportuna anormalidades en las mamas que no se pueden percibir mediante la observaci\u00f3n o la palpaci\u00f3n.<\/span><\/p>\n<p><span style=\"font-size: 14pt; font-family: verdana, geneva, sans-serif;\">As\u00ed mismo, a trav\u00e9s de esta jornada se brindar\u00e1n servicios de consultas de medicina en general, detecci\u00f3n de problemas de lenguaje, rehabilitaci\u00f3n, terapias psicol\u00f3gicas, promoci\u00f3n de la salud y asesor\u00edas jur\u00eddicas, entre otros.<\/span><\/p>\n<p><span style=\"font-size: 14pt; font-family: verdana, geneva, sans-serif;\">La inauguraci\u00f3n de esta campa\u00f1a estuvo encabezada por el alcalde Jos\u00e9 Manuel Pozos Castro; Pamela Morales Huesca, presidenta del DIF Tuxpan; el Dr. Cuauht\u00e9moc P\u00e9rez Ju\u00e1rez, Jefe de la Jurisdicci\u00f3n Sanitaria N\u00fam. II; el regidor comisionado en Salud y Asistencia P\u00fablica, Axel Bernal Herrera; la regidora comisionada en Igualdad de G\u00e9nero, Promoci\u00f3n y Defensa de los Derechos Humanos de la Ni\u00f1ez y la Infancia, Maryanela Monroy Flores.<\/span><\/p>\n<p><img loading=\"lazy\" decoding=\"async\" class=\"aligncenter size-large wp-image-23923\" src=\"https:\/\/politicosaldesnudo.com.mx\/wp-content\/uploads\/2023\/09\/WhatsApp-Image-2023-09-18-at-10.04.58-1024x681.jpeg\" alt=\"\" width=\"800\" height=\"532\" \/><\/p>\n<p><span style=\"font-size: 14pt; font-family: verdana, geneva, sans-serif;\">El Dr. Jes\u00fas Fomperoza Torres, director de Salud y Asistencia M\u00e9dica; Eliseo Reyes Melchor, director del DIF Tuxpan y el C.P. N\u00e9stor Jos\u00e9 Flores Lugo, tesorero municipal.<\/span><\/p>\n<p><span style=\"font-size: 14pt; font-family: verdana, geneva, sans-serif;\">Al hacer uso de la voz, el alcalde destac\u00f3 que la salud es uno de los bienes m\u00e1s preciados, porque es fundamental para una buena calidad de vida, y exhort\u00f3 a las mujeres a aprovechar este gran beneficio:<\/span><\/p>\n<p><span style=\"font-size: 14pt; font-family: verdana, geneva, sans-serif;\">\u201cQuiero hacer un llamado a todas las mujeres de nuestro municipio a que vengan a realizarse sus Mastograf\u00edas, porque la detecci\u00f3n temprana sigue siendo la acci\u00f3n m\u00e1s importante en la lucha contra el c\u00e1ncer de mama. Est\u00e1 comprobado que un diagn\u00f3stico y tratamiento temprano incrementan las posibilidades de curaci\u00f3n\u201d, se\u00f1al\u00f3.<\/span><\/p>\n<p><span style=\"font-size: 14pt; font-family: verdana, geneva, sans-serif;\">El mandatario reconoci\u00f3 la labor y el esfuerzo que realizan de manera coordinada la Secretar\u00eda de Salud, la Jurisdicci\u00f3n Sanitaria N\u00fam. II y el DIF Tuxpan, para que la ciudadan\u00eda tenga acceso a atenci\u00f3n y servicios m\u00e9dicos de calidad.<\/span><\/p>\n<p><span style=\"font-size: 14pt; font-family: verdana, geneva, sans-serif;\">\u201cTodas estas unidades m\u00e9dicas con equipos modernos que ven aqu\u00ed, est\u00e1n a su servicio, y nos da mucho gusto que las aprovechen\u2026 en esta Jornada encontrar\u00e1n personal que los habr\u00e1 de atender con profesionalismo, con calidez, porque ustedes y su salud son lo m\u00e1s importante\u201d, finaliz\u00f3.<\/span><\/p>\n<p><img loading=\"lazy\" decoding=\"async\" class=\"aligncenter size-large wp-image-23918\" src=\"https:\/\/politicosaldesnudo.com.mx\/wp-content\/uploads\/2023\/09\/002-1024x681.jpeg\" alt=\"\" width=\"800\" height=\"532\" \/><\/p>\n<p><img loading=\"lazy\" decoding=\"async\" class=\"aligncenter size-full wp-image-23924\" src=\"https:\/\/politicosaldesnudo.com.mx\/wp-content\/uploads\/2023\/09\/WhatsApp-Image-2023-09-18-at-11.44.55.jpeg\" alt=\"\" width=\"1024\" height=\"682\" \/><\/p>\n<p><img loading=\"lazy\" decoding=\"async\" class=\"aligncenter size-large wp-image-23921\" src=\"https:\/\/politicosaldesnudo.com.mx\/wp-content\/uploads\/2023\/09\/008-1024x681.jpeg\" alt=\"\" width=\"800\" height=\"532\" \/><\/p>\n<p><img loading=\"lazy\" decoding=\"async\" class=\"aligncenter size-large wp-image-23922\" src=\"https:\/\/politicosaldesnudo.com.mx\/wp-content\/uploads\/2023\/09\/005-1024x681.jpeg\" alt=\"\" width=\"800\" height=\"532\" \/><\/p>\n<p><img loading=\"lazy\" decoding=\"async\" class=\"aligncenter size-large wp-image-23920\" src=\"https:\/\/politicosaldesnudo.com.mx\/wp-content\/uploads\/2023\/09\/004-1024x681.jpeg\" alt=\"\" width=\"800\" height=\"532\" \/><\/p>\n<p>&nbsp;<\/p>\n","protected":false},"excerpt":{"rendered":"<p>\u2022 Ayuntamiento de Tuxpan, SSAVER y DIF Municipal acercan servicios de salud de calidad a la poblaci\u00f3n. Tuxpan, Ver., 18<\/p>\n","protected":false},"author":4,"featured_media":18768,"comment_status":"closed","ping_status":"closed","sticky":false,"template":"","format":"standard","meta":{"colormag_page_container_layout":"default_layout","colormag_page_sidebar_layout":"default_layout","_jetpack_memberships_contains_paid_content":false,"footnotes":"","jetpack_publicize_message":"","jetpack_publicize_feature_enabled":true,"jetpack_social_post_already_shared":true,"jetpack_social_options":{"image_generator_settings":{"template":"highway","default_image_id":0,"font":"","enabled":false},"version":2}},"categories":[356],"tags":[],"class_list":["post-18767","post","type-post","status-publish","format-standard","has-post-thumbnail","hentry","category-veracruz"],"jetpack_publicize_connections":[],"jetpack_featured_media_url":"https:\/\/noticiasveracruz.com\/wp-content\/uploads\/2023\/09\/WhatsApp-Image-2023-09-18-at-10.01.00-1.jpeg","jetpack_sharing_enabled":true,"publishpress_future_action":{"enabled":false,"date":"2026-05-05 22:08:55","action":"change-status","newStatus":"draft","terms":[],"taxonomy":"category","extraData":[]},"publishpress_future_workflow_manual_trigger":{"enabledWorkflows":[]},"_links":{"self":[{"href":"https:\/\/noticiasveracruz.com\/index.php\/wp-json\/wp\/v2\/posts\/18767","targetHints":{"allow":["GET"]}}],"collection":[{"href":"https:\/\/noticiasveracruz.com\/index.php\/wp-json\/wp\/v2\/posts"}],"about":[{"href":"https:\/\/noticiasveracruz.com\/index.php\/wp-json\/wp\/v2\/types\/post"}],"author":[{"embeddable":true,"href":"https:\/\/noticiasveracruz.com\/index.php\/wp-json\/wp\/v2\/users\/4"}],"replies":[{"embeddable":true,"href":"https:\/\/noticiasveracruz.com\/index.php\/wp-json\/wp\/v2\/comments?post=18767"}],"version-history":[{"count":0,"href":"https:\/\/noticiasveracruz.com\/index.php\/wp-json\/wp\/v2\/posts\/18767\/revisions"}],"wp:featuredmedia":[{"embeddable":true,"href":"https:\/\/noticiasveracruz.com\/index.php\/wp-json\/wp\/v2\/media\/18768"}],"wp:attachment":[{"href":"https:\/\/noticiasveracruz.com\/index.php\/wp-json\/wp\/v2\/media?parent=18767"}],"wp:term":[{"taxonomy":"category","embeddable":true,"href":"https:\/\/noticiasveracruz.com\/index.php\/wp-json\/wp\/v2\/categories?post=18767"},{"taxonomy":"post_tag","embeddable":true,"href":"https:\/\/noticiasveracruz.com\/index.php\/wp-json\/wp\/v2\/tags?post=18767"}],"curies":[{"name":"wp","href":"https:\/\/api.w.org\/{rel}","templated":true}]}}