{"id":18757,"date":"2023-09-18T14:22:21","date_gmt":"2023-09-18T19:22:21","guid":{"rendered":"https:\/\/noticiasveracruz.com\/?p=18757"},"modified":"2023-09-20T14:26:37","modified_gmt":"2023-09-20T19:26:37","slug":"participa-primaria-jose-l-garizurieta-en-lunes-civico","status":"publish","type":"post","link":"https:\/\/noticiasveracruz.com\/index.php\/2023\/09\/18\/participa-primaria-jose-l-garizurieta-en-lunes-civico\/","title":{"rendered":"Participa primaria Jos\u00e9 L. Garizurieta en Lunes C\u00edvico"},"content":{"rendered":"<p><span style=\"font-size: 14pt; font-family: verdana, geneva, sans-serif;\">Tuxpan, Ver., 18 septiembre 2023.- Como parte de las acciones para el fortalecimiento de los s\u00edmbolos patrios que promueve el Gobierno de Tuxpan, este lunes se rindieron honores a la bandera en la explanada del Palacio Municipal, en los que participaron alumnas y alumnos de la escuela primaria \u201cJos\u00e9 L. Garizurieta\u201d.<\/span><\/p>\n<p><span style=\"font-size: 14pt; font-family: verdana, geneva, sans-serif;\">El acto estuvo encabezado por el Prof. Jorge Arturo Garc\u00eda Robles, director de Educaci\u00f3n, en representaci\u00f3n del alcalde Jos\u00e9 Manuel Pozos Castro; el regidor comisionado en Educaci\u00f3n, Luis Demetrio L\u00f3pez Mar\u00edn; la regidora Maryanela Monroy Flores.<\/span><\/p>\n<p><span style=\"font-size: 14pt; font-family: verdana, geneva, sans-serif;\"><img loading=\"lazy\" decoding=\"async\" class=\"aligncenter size-large wp-image-23914\" src=\"https:\/\/politicosaldesnudo.com.mx\/wp-content\/uploads\/2023\/09\/WhatsApp-Image-2023-09-18-at-10.00.32-1-1024x681.jpeg\" alt=\"\" width=\"800\" height=\"532\" \/><\/span><\/p>\n<p><span style=\"font-size: 14pt; font-family: verdana, geneva, sans-serif;\">La Lic. Flora Nereyda Garc\u00eda Trejo, jefa de oficina del \u00e1rea de Enlace de la Delegaci\u00f3n Regional de la SEV en Tuxpan; Eliseo Reyes Melchor, director del DIF Tuxpan; Marisol Miquelajauregui Guzm\u00e1n, directora de Museos y Bibliotecas; Jos\u00e9 Ren\u00e9 T\u00e9llez Medina, director de Protecci\u00f3n Civil y Bomberos; y la Prof. Julia Puga G\u00f3mez, directora de la escuela primaria \u201cJos\u00e9 L. Garizurieta\u201d.<\/span><\/p>\n<p><span style=\"font-size: 14pt; font-family: verdana, geneva, sans-serif;\"><img loading=\"lazy\" decoding=\"async\" class=\"aligncenter size-large wp-image-23911\" src=\"https:\/\/politicosaldesnudo.com.mx\/wp-content\/uploads\/2023\/09\/WhatsApp-Image-2023-09-18-at-10.00.40-1024x681.jpeg\" alt=\"\" width=\"800\" height=\"532\" \/><\/span><\/p>\n<p><span style=\"font-size: 14pt; font-family: verdana, geneva, sans-serif;\">Los estudiantes de 5\u00ba grado F\u00e1tima Sofia, Jacinto de Jes\u00fas, Emiliano, Mat\u00edas Nicol\u00e1s, Tania Marlene y \u00c1ngel Leonardo expusieron las efem\u00e9rides de esta semana; y el alumno de 4\u00ba grado, Mario Edher, present\u00f3 la rese\u00f1a \u201cHistoria de un sismo, M\u00e9xico 1985\u201d.<\/span><\/p>\n<p><span style=\"font-size: 14pt; font-family: verdana, geneva, sans-serif;\">As\u00ed mismo, alumnas y alumnos de 4\u00ba grado, grupo A, entonaron la canci\u00f3n \u201cPara la Guerra Nada\u201d.<\/span><\/p>\n<p><span style=\"font-size: 14pt; font-family: verdana, geneva, sans-serif;\">Al acto tambi\u00e9n asistieron padres de familia de los alumnos participantes; directores y coordinadores de las diferentes \u00e1reas del Ayuntamiento; integrantes de la Banda de Guerra del 39\u00ba Batall\u00f3n de Infanter\u00eda; elementos de Polic\u00eda Municipal, Protecci\u00f3n Civil y Bomberos.<\/span><\/p>\n<p><img loading=\"lazy\" decoding=\"async\" class=\"aligncenter size-large wp-image-23912\" src=\"https:\/\/politicosaldesnudo.com.mx\/wp-content\/uploads\/2023\/09\/WhatsApp-Image-2023-09-18-at-10.00.36-1024x681.jpeg\" alt=\"\" width=\"800\" height=\"532\" \/><\/p>\n<p><img loading=\"lazy\" decoding=\"async\" class=\"aligncenter size-large wp-image-23909\" src=\"https:\/\/politicosaldesnudo.com.mx\/wp-content\/uploads\/2023\/09\/WhatsApp-Image-2023-09-18-at-10.00.48-1024x681.jpeg\" alt=\"\" width=\"800\" height=\"532\" \/> <img loading=\"lazy\" decoding=\"async\" class=\"aligncenter size-large wp-image-23915\" src=\"https:\/\/politicosaldesnudo.com.mx\/wp-content\/uploads\/2023\/09\/WhatsApp-Image-2023-09-18-at-10.00.32-1024x681.jpeg\" alt=\"\" width=\"800\" height=\"532\" \/><\/p>\n<p><img loading=\"lazy\" decoding=\"async\" class=\"aligncenter size-large wp-image-23913\" src=\"https:\/\/politicosaldesnudo.com.mx\/wp-content\/uploads\/2023\/09\/WhatsApp-Image-2023-09-18-at-10.00.33-1024x681.jpeg\" alt=\"\" width=\"800\" height=\"532\" \/><\/p>\n<p><img loading=\"lazy\" decoding=\"async\" class=\"aligncenter size-large wp-image-23910\" src=\"https:\/\/politicosaldesnudo.com.mx\/wp-content\/uploads\/2023\/09\/WhatsApp-Image-2023-09-18-at-10.00.44-1024x681.jpeg\" alt=\"\" width=\"800\" height=\"532\" \/><\/p>\n","protected":false},"excerpt":{"rendered":"<p>Tuxpan, Ver., 18 septiembre 2023.- Como parte de las acciones para el fortalecimiento de los s\u00edmbolos patrios que promueve el<\/p>\n","protected":false},"author":4,"featured_media":18758,"comment_status":"closed","ping_status":"closed","sticky":false,"template":"","format":"standard","meta":{"colormag_page_container_layout":"default_layout","colormag_page_sidebar_layout":"default_layout","_jetpack_memberships_contains_paid_content":false,"footnotes":"","jetpack_publicize_message":"","jetpack_publicize_feature_enabled":true,"jetpack_social_post_already_shared":true,"jetpack_social_options":{"image_generator_settings":{"template":"highway","default_image_id":0,"font":"","enabled":false},"version":2}},"categories":[145],"tags":[],"class_list":["post-18757","post","type-post","status-publish","format-standard","has-post-thumbnail","hentry","category-estados"],"jetpack_publicize_connections":[],"jetpack_featured_media_url":"https:\/\/noticiasveracruz.com\/wp-content\/uploads\/2023\/09\/WhatsApp-Image-2023-09-18-at-10.01.00.jpeg","jetpack_sharing_enabled":true,"publishpress_future_action":{"enabled":false,"date":"2026-05-05 22:19:41","action":"change-status","newStatus":"draft","terms":[],"taxonomy":"category","extraData":[]},"publishpress_future_workflow_manual_trigger":{"enabledWorkflows":[]},"_links":{"self":[{"href":"https:\/\/noticiasveracruz.com\/index.php\/wp-json\/wp\/v2\/posts\/18757","targetHints":{"allow":["GET"]}}],"collection":[{"href":"https:\/\/noticiasveracruz.com\/index.php\/wp-json\/wp\/v2\/posts"}],"about":[{"href":"https:\/\/noticiasveracruz.com\/index.php\/wp-json\/wp\/v2\/types\/post"}],"author":[{"embeddable":true,"href":"https:\/\/noticiasveracruz.com\/index.php\/wp-json\/wp\/v2\/users\/4"}],"replies":[{"embeddable":true,"href":"https:\/\/noticiasveracruz.com\/index.php\/wp-json\/wp\/v2\/comments?post=18757"}],"version-history":[{"count":0,"href":"https:\/\/noticiasveracruz.com\/index.php\/wp-json\/wp\/v2\/posts\/18757\/revisions"}],"wp:featuredmedia":[{"embeddable":true,"href":"https:\/\/noticiasveracruz.com\/index.php\/wp-json\/wp\/v2\/media\/18758"}],"wp:attachment":[{"href":"https:\/\/noticiasveracruz.com\/index.php\/wp-json\/wp\/v2\/media?parent=18757"}],"wp:term":[{"taxonomy":"category","embeddable":true,"href":"https:\/\/noticiasveracruz.com\/index.php\/wp-json\/wp\/v2\/categories?post=18757"},{"taxonomy":"post_tag","embeddable":true,"href":"https:\/\/noticiasveracruz.com\/index.php\/wp-json\/wp\/v2\/tags?post=18757"}],"curies":[{"name":"wp","href":"https:\/\/api.w.org\/{rel}","templated":true}]}}