{"id":18755,"date":"2023-09-20T01:27:48","date_gmt":"2023-09-20T06:27:48","guid":{"rendered":"https:\/\/noticiasveracruz.com\/?p=18755"},"modified":"2023-09-20T01:27:48","modified_gmt":"2023-09-20T06:27:48","slug":"xochitl-plagio-su-tesis","status":"publish","type":"post","link":"https:\/\/noticiasveracruz.com\/index.php\/2023\/09\/20\/xochitl-plagio-su-tesis\/","title":{"rendered":"X\u00f3chitl plagi\u00f3 su tesis"},"content":{"rendered":"<p><span style=\"font-family: verdana, geneva, sans-serif; font-size: 18pt; color: #ff0000;\"><strong>ALMA GRANDE<\/strong><\/span><\/p>\n<p><span style=\"font-family: verdana, geneva, sans-serif; font-size: 18pt; color: #ff0000;\"><strong>Por \u00c1ngel \u00c1lvaro Pe\u00f1a<\/strong><\/span><\/p>\n<p><span style=\"font-family: verdana, geneva, sans-serif; font-size: 18pt;\">Los panistas y los priistas fueron los m\u00e1s insistentes en desacreditar y tratar de desplazar de su cargo a la ministra de la Suprema Corte de Justicia de la Naci\u00f3n Jazm\u00edn Esquivel, porque exist\u00eda la sospecha de plagio de su tesis, seg\u00fan versi\u00f3n de un reportero de medio pelo.<\/span><\/p>\n<p><span style=\"font-family: verdana, geneva, sans-serif; font-size: 14pt;\">En una muestra poco clara de este delito se movieron una serie de dependencias en su contra que aseguraban, negaban y pon\u00edan en duda este hecho. Hasta sus propias compa\u00f1eras juezas dieron fallos contra la ministra.<\/span><\/p>\n<p><span style=\"font-family: verdana, geneva, sans-serif; font-size: 18pt;\">Ahora el turno fue de la senadora, coordinadora electoral y precandidata X\u00f3chitl G\u00e1lvez, quien plagi\u00f3 su tesis en la titulaci\u00f3n para ingeniera en computaci\u00f3n, adem\u00e1s de tener abundantes plagios en todo el texto, hace citas incorrectas y transcribe biograf\u00edas incompletas.<\/span><\/p>\n<p><img loading=\"lazy\" decoding=\"async\" class=\"aligncenter size-large wp-image-23904\" src=\"https:\/\/politicosaldesnudo.com.mx\/wp-content\/uploads\/2023\/09\/368884801_881309963354886_2273492279489661937_n-1024x615.jpg\" alt=\"\" width=\"800\" height=\"480\" \/><\/p>\n<p><span style=\"font-family: verdana, geneva, sans-serif; font-size: 14pt;\">El plagio fue denunciado por Bernardo Escalante, que se identifica en la red como @padron_09, quien explic\u00f3 algunos de sus hallazgos y comparti\u00f3 documentos. En una imagen se aprecia el p\u00e1rrafo del documento que utiliz\u00f3 X\u00f3chitl G\u00e1lvez para integrarlo a su trabajo.<\/span><\/p>\n<p><span style=\"font-family: verdana, geneva, sans-serif; font-size: 14pt;\">Escalante se\u00f1ala que la aspirante del Frente Amplio por M\u00e9xico (FAM) tambi\u00e9n plagi\u00f3 p\u00e1rrafos de las revistas digitales Mundo HVAC&amp;R y Consumer, adem\u00e1s de algunas tesis compiladas en el repositorio Scielo. Pero el colmo, es que tambi\u00e9n copi\u00f3 informaci\u00f3n de la enciclopedia virtual Wikipedia, sin dar cr\u00e9dito a ninguna de las publicaciones.<\/span><\/p>\n<p><span style=\"font-family: verdana, geneva, sans-serif; font-size: 14pt;\">G\u00e1lvez ya hab\u00eda plagiado la portada de un peri\u00f3dico extranjero para anunciar una reuni\u00f3n partidista, lo cual le ocasion\u00f3 una denuncia internacional, donde tendr\u00e1 que pagar varios millones de pesos.<\/span><\/p>\n<p><span style=\"font-family: verdana, geneva, sans-serif; font-size: 18pt;\">Luego de acusaciones en redes sociales, la candidata presidencial del Frente Amplio por M\u00e9xico, X\u00f3chitl G\u00e1lvez, acept\u00f3 que para su trabajo de titulaci\u00f3n tom\u00f3 \u00abalgunos p\u00e1rrafos\u00bb que no son de su total autor\u00eda.<\/span><\/p>\n<p><span style=\"font-family: verdana, geneva, sans-serif; font-size: 14pt;\">La titulaci\u00f3n se present\u00f3 ante la Facultad de Ingenier\u00eda de la UNAM en 2010. El informe se titula Dise\u00f1o de Edificios Verdes e Inteligentes, y cita como asesora a la profesora Mar\u00eda Jaquelina L\u00f3pez Barrientos.<\/span><\/p>\n<p><span style=\"font-family: verdana, geneva, sans-serif; font-size: 14pt;\">Adem\u00e1s, se trata de una tesis elaborada sin la seriedad ni el rigor que exigen estos documentos, que siempre deben aportar algo. La \u00fanica defensa que la senadora argumenta es el hecho de que ella se titul\u00f3 por experiencia laboral, es decir, a partir del Acuerdo 286 de la SEP, el cual otorga el t\u00edtulo universitario luego de comprobar varios a\u00f1os de trabajo, mismo que no se sabe si realiz\u00f3, porque seg\u00fan la leyenda de su vida luego de la venta de gelatinas, la beca y otras peripecias, nunca trabaj\u00f3 el tiempo necesario como ingeniera como para obtener la titulaci\u00f3n por este m\u00e9todo.<\/span><\/p>\n<p><span style=\"font-family: verdana, geneva, sans-serif; font-size: 14pt;\">El documento contiene una bibliograf\u00eda incompleta, carente de documentos usados. Algunas referencias se hacen a pie de p\u00e1gina, mencionando otros documentos que no se colocan en la bibliograf\u00eda final. Nunca se usan comillas.<\/span><\/p>\n<p><span style=\"font-family: verdana, geneva, sans-serif; font-size: 14pt;\">Lo que se convierte en un problema grave si esto se suma a los rumores de que el t\u00edtulo lo adquiri\u00f3 por 30 mil pesos.<\/span><\/p>\n<p><span style=\"font-family: verdana, geneva, sans-serif; font-size: 14pt;\">Por otra parte, Agust\u00edn Tello, juez D\u00e9cimo Primero de Distrito en Materia Administrativa, neg\u00f3 la suspensi\u00f3n definitiva en el amparo promovido por X\u00f3chitl G\u00e1lvez contra V\u00edctor Hugo Romo, exdelegado por Morena de Miguel Hidalgo.<\/span><\/p>\n<p><span style=\"font-family: verdana, geneva, sans-serif; font-size: 18pt;\">X\u00f3chitl G\u00e1lvez fue una de las m\u00e1s aguerridas legisladoras en la tribuna del Senado que exig\u00edan el despido inmediato de la ministra Esquivel, sus intervenciones fueron las m\u00e1s agresivas con la ministra, a quien finalmente la UNAM concedi\u00f3 la posibilidad de exonerar porque no hab\u00eda plagios en su tesis; en cambio, los plagios de X\u00f3chitl para su tesis no s\u00f3lo son burdos y evidentes, sino mal copiados.<\/span><\/p>\n<p><span style=\"color: #ff0000; font-size: 18pt;\"><strong><span style=\"font-family: verdana, geneva, sans-serif;\">PEGA Y CORRE.<\/span><\/strong><\/span><\/p>\n<p><span style=\"font-family: verdana, geneva, sans-serif; font-size: 14pt;\">Las mujeres se empoderan, Morena prepara sus bater\u00edas femeninas en 4 entidades para 2024, todas con posibilidades de obtener el triunfo: Roc\u00edo Nahle, a Veracruz; las dem\u00e1s son senadoras que renunciaron el martes 19 para pelear por la candidatura, ellas son: Antares V\u00e1zquez, por Guanajuato; M\u00f3nica Fern\u00e1ndez, en Tabasco, y Ver\u00f3nica Camino, para Yucat\u00e1n. Suerte\u2026 <\/span><\/p>\n<p><span style=\"font-size: 18pt;\"><em><strong><span style=\"font-family: verdana, geneva, sans-serif;\">Esta columna se publica los lunes, mi\u00e9rcoles y vienes.<\/span><\/strong><\/em><\/span><\/p>\n","protected":false},"excerpt":{"rendered":"<p>ALMA GRANDE Por \u00c1ngel \u00c1lvaro Pe\u00f1a Los panistas y los priistas fueron los m\u00e1s insistentes en desacreditar y tratar de<\/p>\n","protected":false},"author":4,"featured_media":18628,"comment_status":"closed","ping_status":"closed","sticky":false,"template":"","format":"standard","meta":{"colormag_page_container_layout":"default_layout","colormag_page_sidebar_layout":"default_layout","_jetpack_memberships_contains_paid_content":false,"footnotes":"","jetpack_publicize_message":"","jetpack_publicize_feature_enabled":true,"jetpack_social_post_already_shared":true,"jetpack_social_options":{"image_generator_settings":{"template":"highway","default_image_id":0,"font":"","enabled":false},"version":2}},"categories":[6],"tags":[],"class_list":["post-18755","post","type-post","status-publish","format-standard","has-post-thumbnail","hentry","category-columnistas"],"jetpack_publicize_connections":[],"jetpack_featured_media_url":"https:\/\/noticiasveracruz.com\/wp-content\/uploads\/2023\/09\/ANGEL-ALVARO-PENA-800x445-1.png","jetpack_sharing_enabled":true,"publishpress_future_action":{"enabled":false,"date":"2026-05-05 23:01:32","action":"change-status","newStatus":"draft","terms":[],"taxonomy":"category","extraData":[]},"publishpress_future_workflow_manual_trigger":{"enabledWorkflows":[]},"_links":{"self":[{"href":"https:\/\/noticiasveracruz.com\/index.php\/wp-json\/wp\/v2\/posts\/18755","targetHints":{"allow":["GET"]}}],"collection":[{"href":"https:\/\/noticiasveracruz.com\/index.php\/wp-json\/wp\/v2\/posts"}],"about":[{"href":"https:\/\/noticiasveracruz.com\/index.php\/wp-json\/wp\/v2\/types\/post"}],"author":[{"embeddable":true,"href":"https:\/\/noticiasveracruz.com\/index.php\/wp-json\/wp\/v2\/users\/4"}],"replies":[{"embeddable":true,"href":"https:\/\/noticiasveracruz.com\/index.php\/wp-json\/wp\/v2\/comments?post=18755"}],"version-history":[{"count":0,"href":"https:\/\/noticiasveracruz.com\/index.php\/wp-json\/wp\/v2\/posts\/18755\/revisions"}],"wp:featuredmedia":[{"embeddable":true,"href":"https:\/\/noticiasveracruz.com\/index.php\/wp-json\/wp\/v2\/media\/18628"}],"wp:attachment":[{"href":"https:\/\/noticiasveracruz.com\/index.php\/wp-json\/wp\/v2\/media?parent=18755"}],"wp:term":[{"taxonomy":"category","embeddable":true,"href":"https:\/\/noticiasveracruz.com\/index.php\/wp-json\/wp\/v2\/categories?post=18755"},{"taxonomy":"post_tag","embeddable":true,"href":"https:\/\/noticiasveracruz.com\/index.php\/wp-json\/wp\/v2\/tags?post=18755"}],"curies":[{"name":"wp","href":"https:\/\/api.w.org\/{rel}","templated":true}]}}